{"id":26422,"date":"2020-02-07T09:22:16","date_gmt":"2020-02-07T13:22:16","guid":{"rendered":"http:\/\/blogdalucianaoliveira.com.br\/blog\/?p=26422"},"modified":"2020-02-07T09:22:28","modified_gmt":"2020-02-07T13:22:28","slug":"audios-atribuidos-a-gerente-de-educacao-basica-nomeada-pelo-secretario-de-educacao-reforcam-mentira-sobre-censura-a-livros-em-rondonia-e-um-pedido-do-nosso-secretario","status":"publish","type":"post","link":"http:\/\/blogdalucianaoliveira.com.br\/blog\/2020\/02\/07\/audios-atribuidos-a-gerente-de-educacao-basica-nomeada-pelo-secretario-de-educacao-reforcam-mentira-sobre-censura-a-livros-em-rondonia-e-um-pedido-do-nosso-secretario\/","title":{"rendered":"\u00c1udios atribu\u00eddos \u00e0 gerente de Educa\u00e7\u00e3o B\u00e1sica nomeada pelo secret\u00e1rio de Educa\u00e7\u00e3o refor\u00e7am mentira sobre censura a livros em Rond\u00f4nia: &#8216;\u00c9 um pedido do nosso secret\u00e1rio&#8217;"},"content":{"rendered":"\n<figure class=\"wp-block-image size-large\"><img data-recalc-dims=\"1\" loading=\"lazy\" decoding=\"async\" width=\"600\" height=\"400\" data-attachment-id=\"26423\" data-permalink=\"http:\/\/blogdalucianaoliveira.com.br\/blog\/2020\/02\/07\/audios-atribuidos-a-gerente-de-educacao-basica-nomeada-pelo-secretario-de-educacao-reforcam-mentira-sobre-censura-a-livros-em-rondonia-e-um-pedido-do-nosso-secretario\/image-22-4\/\" data-orig-file=\"https:\/\/i0.wp.com\/blogdalucianaoliveira.com.br\/blog\/wp-content\/uploads\/2020\/02\/image-22.jpeg?fit=960%2C640\" data-orig-size=\"960,640\" data-comments-opened=\"0\" data-image-meta=\"{&quot;aperture&quot;:&quot;0&quot;,&quot;credit&quot;:&quot;&quot;,&quot;camera&quot;:&quot;&quot;,&quot;caption&quot;:&quot;&quot;,&quot;created_timestamp&quot;:&quot;0&quot;,&quot;copyright&quot;:&quot;&quot;,&quot;focal_length&quot;:&quot;0&quot;,&quot;iso&quot;:&quot;0&quot;,&quot;shutter_speed&quot;:&quot;0&quot;,&quot;title&quot;:&quot;&quot;,&quot;orientation&quot;:&quot;1&quot;}\" data-image-title=\"image-22\" data-image-description=\"\" data-image-caption=\"\" data-medium-file=\"https:\/\/i0.wp.com\/blogdalucianaoliveira.com.br\/blog\/wp-content\/uploads\/2020\/02\/image-22.jpeg?fit=300%2C200\" data-large-file=\"https:\/\/i0.wp.com\/blogdalucianaoliveira.com.br\/blog\/wp-content\/uploads\/2020\/02\/image-22.jpeg?fit=600%2C400\" src=\"https:\/\/i0.wp.com\/blogdalucianaoliveira.com.br\/blog\/wp-content\/uploads\/2020\/02\/image-22.jpeg?resize=600%2C400\" alt=\"\" class=\"wp-image-26423\" srcset=\"https:\/\/i0.wp.com\/blogdalucianaoliveira.com.br\/blog\/wp-content\/uploads\/2020\/02\/image-22.jpeg?w=960 960w, https:\/\/i0.wp.com\/blogdalucianaoliveira.com.br\/blog\/wp-content\/uploads\/2020\/02\/image-22.jpeg?resize=300%2C200 300w, https:\/\/i0.wp.com\/blogdalucianaoliveira.com.br\/blog\/wp-content\/uploads\/2020\/02\/image-22.jpeg?resize=768%2C512 768w, https:\/\/i0.wp.com\/blogdalucianaoliveira.com.br\/blog\/wp-content\/uploads\/2020\/02\/image-22.jpeg?resize=450%2C300 450w\" sizes=\"auto, (max-width: 600px) 100vw, 600px\" \/><\/figure>\n\n\n\n<p><strong>Por Rondoniadinamica<\/strong> &#8211; \u00a0Dois \u00e1udios atribu\u00eddos \u00e0 gerente de Educa\u00e7\u00e3o B\u00e1sica Rosane Seitz Magalh\u00e3es, nomeada sob a indica\u00e7\u00e3o do secret\u00e1rio Suamy Vivecananda Lacerda de Abreu j\u00e1 no in\u00edcio da gest\u00e3o Coronel Marcos Rocha (PSL), refor\u00e7am que o mandat\u00e1rio da pasta mentiu ao jornal eletr\u00f4nico\u00a0<strong>Rond\u00f4nia Din\u00e2mica<\/strong><\/p>\n\n\n\n<!--more-->\n\n\n\n<p>Ele disse, categoricamente, que o memorando-circular onde havia anexo com lista de livros a serem recolhidos pela Educa\u00e7\u00e3o seria &#8220;fake&#8221; [falso].<br><br><strong>LEIA:<\/strong><br><a href=\"https:\/\/rondoniadinamica.com\/noticias\/2020\/02\/secretario-diz-que-e-fake-informacao-sobre-recolhimento-de-livros-na-rede-estadual-de-educacao-em-rondonia,66874.shtml\" target=\"_blank\" rel=\"noreferrer noopener\"><strong>Secret\u00e1rio diz que \u00e9 &#8216;fake&#8217; informa\u00e7\u00e3o sobre recolhimento de livros na rede estadual de educa\u00e7\u00e3o em Rond\u00f4nia<\/strong><\/a><\/p>\n\n\n\n<p>Logo ap\u00f3s as declara\u00e7\u00f5es, o caso ganhou amplitude nacional e a Secretaria de Estado da Educa\u00e7\u00e3o (SEDUC\/RO) emitiu nota refor\u00e7ando posicionamento contr\u00e1rio \u00e0 censura [confira ao fim da mat\u00e9ria].<\/p>\n\n\n\n<figure class=\"wp-block-image\"><img data-recalc-dims=\"1\" decoding=\"async\" src=\"https:\/\/i0.wp.com\/rondoniadinamica.com\/uploads\/NOMEADO-02.jpg?w=600&#038;ssl=1\" alt=\"\"\/><\/figure>\n\n\n\n<p>Entretanto, no segundo \u00e1udio que o leitor escutar\u00e1 logo mais abaixo, Rosane Seitz Magalh\u00e3es acaba expondo o secret\u00e1rio esvicerando que, de fato, a inten\u00e7\u00e3o da pasta era recolher os livros em sil\u00eancio a fim de atender pedido expresso de Suamy Vivecananda. A inten\u00e7\u00e3o era evitar, segundo as palavras da gerente, &#8220;uma turbul\u00eancia&#8221;.<\/p>\n\n\n\n<p>O&nbsp;<strong>Rond\u00f4nia Din\u00e2mica<\/strong>&nbsp;tentou contato com o \u00f3rg\u00e3o, mas at\u00e9 o fechamento da mat\u00e9ria ningu\u00e9m atendeu aos telefonemas. O espa\u00e7o est\u00e1 aberto para eventuais esclarecimentos.<\/p>\n\n\n\n<p><strong>\u00c1UDIO 1\u00a0 (01min26seg)<\/strong><\/p>\n\n\n\n<p><br>https:\/\/soundcloud.com\/rodinamica\/audio01<\/p>\n\n\n\n<figure class=\"wp-block-embed-soundcloud wp-block-embed is-type-rich is-provider-soundcloud wp-embed-aspect-4-3 wp-has-aspect-ratio\"><div class=\"wp-block-embed__wrapper\">\n<iframe loading=\"lazy\" title=\"\u00c1UDIO 01 by RODINAMICA\" width=\"600\" height=\"400\" scrolling=\"no\" frameborder=\"no\" src=\"https:\/\/w.soundcloud.com\/player\/?visual=true&#038;url=https%3A%2F%2Fapi.soundcloud.com%2Ftracks%2F756612163&#038;show_artwork=true&#038;maxheight=900&#038;maxwidth=600\"><\/iframe>\n<\/div><\/figure>\n\n\n\n<p>&#8220;Boa noite. Olha, voc\u00eas o kit. [&#8230;] Porque assim, esse kit foi comprado fechado, porque foi a ades\u00e3o de uma ata.\u00a0 Ent\u00e3o tem muitos livros que n\u00e3o est\u00e1 [sic] de acordo com os nosso alunos. A gente detectou. S\u00f3 que j\u00e1 havia mandado para as escolas. Eu vou te mandar aqui uma lista dos livros que precisam ser devolvidos para n\u00f3s urgentemente.\u00a0 Se estiver na CRE [Coordenadoria Regional de Educa\u00e7\u00e3o] ainda esse livros, n\u00e3o mande para a escola. Na CRE\u00a0mesmo j\u00e1 pega os t\u00e9cnicos, pega esses livros que estou mandando aqui na caixa, lacra a caixa e envia para mim aqui na Ger\u00eancia de Educa\u00e7\u00e3o B\u00e1sica mesmo. Aqui no primeiro andar [&#8230;]&#8221;.<\/p>\n\n\n\n<figure class=\"wp-block-embed-soundcloud wp-block-embed is-type-rich is-provider-soundcloud wp-embed-aspect-4-3 wp-has-aspect-ratio\"><div class=\"wp-block-embed__wrapper\">\n<iframe loading=\"lazy\" title=\"AUDIO02 by RODINAMICA\" width=\"600\" height=\"400\" scrolling=\"no\" frameborder=\"no\" src=\"https:\/\/w.soundcloud.com\/player\/?visual=true&#038;url=https%3A%2F%2Fapi.soundcloud.com%2Ftracks%2F756612583&#038;show_artwork=true&#038;maxheight=900&#038;maxwidth=600\"><\/iframe>\n<\/div><\/figure>\n\n\n\n<p>&#8220;Olha, se voc\u00ea pudesse mandar um &#8216;zap&#8217; a\u00ed pra algu\u00e9m da CRE para ver se est\u00e1 na CRE ainda seria interessante para que nem v\u00e1 para a escola. Que assim, \u00e9 um pedido do nosso secret\u00e1rio, t\u00e1? E outra coisa: a Vanusa j\u00e1 deu at\u00e9 uma ideia. Ela j\u00e1 colocou no grupo dos gestores, e os gestores j\u00e1 est\u00e3o retirando, separando, pondo numa caixa, passando uma fita, e a\u00ed a primeira oportunidade j\u00e1 devolve para n\u00f3s. Que \u00e9 pra gente devolver para a editora, para a editora substituir . Se voc\u00ea puder fazer o mesmo, a gente agradece. Porque da\u00ed evitaria de as pessoas terem contato pra n\u00e3o ficar aquela turbul\u00eancia toda. T\u00e1 bom? Conto com seu apoio, obrigada&#8221;.<\/p>\n\n\n\n<p><strong>NOTA DA SEDUC<\/strong><\/p>\n\n\n\n<p><strong>Livros citados em lista s\u00e3o cl\u00e1ssicos da literatura e n\u00e3o h\u00e1 ordem de recolhimento, afirma Seduc<\/strong><\/p>\n\n\n\n<p>06 de fevereiro de 2020 | Governo do Estado de Rond\u00f4nia<\/p>\n\n\n\n<p>A Secretaria de Estado da Educa\u00e7\u00e3o de Rond\u00f4nia (Seduc\/RO) esclarece que recebeu uma den\u00fancia que nas bibliotecas das escolas estaduais havia livros paradid\u00e1ticos com conte\u00fados inapropriados para o p\u00fablico alvo, alunos do ensino m\u00e9dio.<\/p>\n\n\n\n<p>Diante disso, a equipe t\u00e9cnica da secretaria analisou as informa\u00e7\u00f5es e constatou que os livros citados eram cl\u00e1ssicos da Literatura Brasileira, muitos deles usados em processos seletivos e vestibulares.<\/p>\n\n\n\n<p>Sendo assim, o processo eletr\u00f4nico que cont\u00e9m a an\u00e1lise t\u00e9cnica foi encerrado imediatamente sem ordem de tramita\u00e7\u00e3o para quaisquer \u00f3rg\u00e3os externos, secretarias ou escolas p\u00fablicas.<\/p>\n\n\n\n<p>A Seduc refor\u00e7a o compromisso com a Educa\u00e7\u00e3o e reconhece que os livros s\u00e3o obras de autores consagrados&nbsp;mundialmente e cumprem um papel importante para uma constru\u00e7\u00e3o social. Prova disso, foram os extraordin\u00e1rios resultados dos alunos da rede p\u00fablica estadual no \u00faltimo Exame Nacional do Ensino M\u00e9dio \u2013 Enem, al\u00e9m de diversas a\u00e7\u00f5es e investimentos que foram feitos recentes para o in\u00edcio do ano letivo.<\/p>\n","protected":false},"excerpt":{"rendered":"<p>Por Rondoniadinamica &#8211; \u00a0Dois \u00e1udios atribu\u00eddos \u00e0 gerente de Educa\u00e7\u00e3o B\u00e1sica Rosane Seitz Magalh\u00e3es, nomeada sob a indica\u00e7\u00e3o do secret\u00e1rio Suamy Vivecananda Lacerda de Abreu j\u00e1 no in\u00edcio da gest\u00e3o Coronel Marcos Rocha (PSL), refor\u00e7am que o mandat\u00e1rio da pasta mentiu ao jornal eletr\u00f4nico\u00a0Rond\u00f4nia Din\u00e2mica<\/p>\n","protected":false},"author":1,"featured_media":0,"comment_status":"closed","ping_status":"open","sticky":false,"template":"","format":"standard","meta":{"_exactmetrics_skip_tracking":false,"_exactmetrics_sitenote_active":false,"_exactmetrics_sitenote_note":"","_exactmetrics_sitenote_category":0,"jetpack_post_was_ever_published":false,"_jetpack_newsletter_access":"","_jetpack_dont_email_post_to_subs":false,"_jetpack_newsletter_tier_id":0,"_jetpack_memberships_contains_paywalled_content":false,"_jetpack_memberships_contains_paid_content":false,"footnotes":"","jetpack_publicize_message":"","jetpack_publicize_feature_enabled":true,"jetpack_social_post_already_shared":true,"jetpack_social_options":{"image_generator_settings":{"template":"highway","enabled":false},"version":2}},"categories":[1],"tags":[],"class_list":["post-26422","post","type-post","status-publish","format-standard","hentry","category-notas"],"jetpack_publicize_connections":[],"jetpack_sharing_enabled":true,"jetpack_featured_media_url":"","jetpack_shortlink":"https:\/\/wp.me\/p7wKYW-6Sa","jetpack-related-posts":[],"_links":{"self":[{"href":"http:\/\/blogdalucianaoliveira.com.br\/blog\/wp-json\/wp\/v2\/posts\/26422","targetHints":{"allow":["GET"]}}],"collection":[{"href":"http:\/\/blogdalucianaoliveira.com.br\/blog\/wp-json\/wp\/v2\/posts"}],"about":[{"href":"http:\/\/blogdalucianaoliveira.com.br\/blog\/wp-json\/wp\/v2\/types\/post"}],"author":[{"embeddable":true,"href":"http:\/\/blogdalucianaoliveira.com.br\/blog\/wp-json\/wp\/v2\/users\/1"}],"replies":[{"embeddable":true,"href":"http:\/\/blogdalucianaoliveira.com.br\/blog\/wp-json\/wp\/v2\/comments?post=26422"}],"version-history":[{"count":1,"href":"http:\/\/blogdalucianaoliveira.com.br\/blog\/wp-json\/wp\/v2\/posts\/26422\/revisions"}],"predecessor-version":[{"id":26424,"href":"http:\/\/blogdalucianaoliveira.com.br\/blog\/wp-json\/wp\/v2\/posts\/26422\/revisions\/26424"}],"wp:attachment":[{"href":"http:\/\/blogdalucianaoliveira.com.br\/blog\/wp-json\/wp\/v2\/media?parent=26422"}],"wp:term":[{"taxonomy":"category","embeddable":true,"href":"http:\/\/blogdalucianaoliveira.com.br\/blog\/wp-json\/wp\/v2\/categories?post=26422"},{"taxonomy":"post_tag","embeddable":true,"href":"http:\/\/blogdalucianaoliveira.com.br\/blog\/wp-json\/wp\/v2\/tags?post=26422"}],"curies":[{"name":"wp","href":"https:\/\/api.w.org\/{rel}","templated":true}]}}