{"id":26428,"date":"2020-02-07T13:36:18","date_gmt":"2020-02-07T17:36:18","guid":{"rendered":"http:\/\/blogdalucianaoliveira.com.br\/blog\/?p=26428"},"modified":"2020-02-07T13:36:46","modified_gmt":"2020-02-07T17:36:46","slug":"oab-rondonia-critica-documento-que-mandava-recolher-livros-de-escolas-estaduais-odiosa-censura-diz","status":"publish","type":"post","link":"http:\/\/blogdalucianaoliveira.com.br\/blog\/2020\/02\/07\/oab-rondonia-critica-documento-que-mandava-recolher-livros-de-escolas-estaduais-odiosa-censura-diz\/","title":{"rendered":"OAB Rond\u00f4nia critica documento que mandava recolher livros de escolas estaduais: &#8216;odiosa censura&#8217;, diz"},"content":{"rendered":"\n<figure class=\"wp-block-image size-large\"><img data-recalc-dims=\"1\" loading=\"lazy\" decoding=\"async\" width=\"600\" height=\"398\" data-attachment-id=\"16487\" data-permalink=\"http:\/\/blogdalucianaoliveira.com.br\/blog\/2018\/02\/08\/direito-de-resposta-extrajudicial\/fotofachadaoab-ro\/\" data-orig-file=\"https:\/\/i0.wp.com\/blogdalucianaoliveira.com.br\/blog\/wp-content\/uploads\/2018\/02\/FotoFachadaOAB-RO.jpg?fit=1200%2C797\" data-orig-size=\"1200,797\" data-comments-opened=\"0\" data-image-meta=\"{&quot;aperture&quot;:&quot;0&quot;,&quot;credit&quot;:&quot;&quot;,&quot;camera&quot;:&quot;&quot;,&quot;caption&quot;:&quot;&quot;,&quot;created_timestamp&quot;:&quot;0&quot;,&quot;copyright&quot;:&quot;&quot;,&quot;focal_length&quot;:&quot;0&quot;,&quot;iso&quot;:&quot;0&quot;,&quot;shutter_speed&quot;:&quot;0&quot;,&quot;title&quot;:&quot;&quot;,&quot;orientation&quot;:&quot;0&quot;}\" data-image-title=\"FotoFachadaOAB-RO\" data-image-description=\"\" data-image-caption=\"\" data-medium-file=\"https:\/\/i0.wp.com\/blogdalucianaoliveira.com.br\/blog\/wp-content\/uploads\/2018\/02\/FotoFachadaOAB-RO.jpg?fit=300%2C199\" data-large-file=\"https:\/\/i0.wp.com\/blogdalucianaoliveira.com.br\/blog\/wp-content\/uploads\/2018\/02\/FotoFachadaOAB-RO.jpg?fit=600%2C398\" src=\"https:\/\/i0.wp.com\/blogdalucianaoliveira.com.br\/blog\/wp-content\/uploads\/2018\/02\/FotoFachadaOAB-RO.jpg?resize=600%2C398\" alt=\"\" class=\"wp-image-16487\" srcset=\"https:\/\/i0.wp.com\/blogdalucianaoliveira.com.br\/blog\/wp-content\/uploads\/2018\/02\/FotoFachadaOAB-RO.jpg?resize=1024%2C680 1024w, https:\/\/i0.wp.com\/blogdalucianaoliveira.com.br\/blog\/wp-content\/uploads\/2018\/02\/FotoFachadaOAB-RO.jpg?resize=300%2C199 300w, https:\/\/i0.wp.com\/blogdalucianaoliveira.com.br\/blog\/wp-content\/uploads\/2018\/02\/FotoFachadaOAB-RO.jpg?resize=768%2C510 768w, https:\/\/i0.wp.com\/blogdalucianaoliveira.com.br\/blog\/wp-content\/uploads\/2018\/02\/FotoFachadaOAB-RO.jpg?resize=452%2C300 452w, https:\/\/i0.wp.com\/blogdalucianaoliveira.com.br\/blog\/wp-content\/uploads\/2018\/02\/FotoFachadaOAB-RO.jpg?w=1200 1200w\" sizes=\"auto, (max-width: 600px) 100vw, 600px\" \/><\/figure>\n\n\n\n<p>G1 &#8211; A Ordem dos Advogados do Brasil Seccional de Rond\u00f4nia (OAB\/RO) se pronunciou sobre o documento da Secretaria de Estado de Rond\u00f4nia (Seduc) que\u00a0<a href=\"https:\/\/g1.globo.com\/ro\/rondonia\/noticia\/2020\/02\/06\/documento-da-secretaria-de-educacao-de-ro-manda-recolher-de-escolas-macunaima-e-mais-42-livros-secretario-diz-ser-rascunho.ghtml\">mandava recolher 43 livros nas escolas estaduais<\/a>. Segundo o \u00f3rg\u00e3o a a\u00e7\u00e3o representa &#8220;odiosa censura&#8221;.\u00a0<\/p>\n\n\n\n<!--more-->\n\n\n\n<p>Ainda conforme a OAB o documento viola os mais caros princ\u00edpios e garantias fundamentais da Constitui\u00e7\u00e3o Federal.&nbsp;<\/p>\n\n\n\n<blockquote class=\"wp-block-quote is-layout-flow wp-block-quote-is-layout-flow\"><p>&#8220;Bem como ofende a democracia e a cultura, que nos d\u00e1 unidade como na\u00e7\u00e3o brasileira&#8221;, diz a OAB Rond\u00f4nia.&nbsp;<\/p><\/blockquote>\n\n\n\n<p>O pronunciamento \u00e9 referente a um documento da Seduc que determinou na quinta-feira (6) o recolhimento de livros cl\u00e1ssicos como &#8220;Mem\u00f3rias P\u00f3stumas de Br\u00e1s Cubas&#8221;, de Machado de Assis, &#8220;Macuna\u00edma&#8221;, de M\u00e1rio de Andrade, e &#8220;Os sert\u00f5es&#8221;, de Euclides da Cunha, das escolas estaduais de Rond\u00f4nia.&nbsp;<\/p>\n\n\n\n<p>O Sindicato dos Professores de Rond\u00f4nia tamb\u00e9m se manifestou dizendo que a a\u00e7\u00e3o, mesmo em &#8220;rascunho&#8221; \u00e9 um &#8220;atentado \u00e0 educa\u00e7\u00e3o, ao conhecimento e a liberdade de express\u00e3o&#8221;.&nbsp;<\/p>\n\n\n\n<p>Para o Sindicato dos Trabalhadores em Educa\u00e7\u00e3o no Estado (Sintero), o ato, se acontecesse, seria um &#8220;comportamento ditatorial do Governo&#8221;.&nbsp;<\/p>\n\n\n\n<blockquote class=\"wp-block-quote is-layout-flow wp-block-quote-is-layout-flow\"><p>\u201cEsperamos que essa situa\u00e7\u00e3o seja esclarecida, pois n\u00e3o podemos tolerar que casos de censura sejam presenciadas nas escolas de Rond\u00f4nia&#8221;, diz a pasta em nota.&nbsp;<\/p><\/blockquote>\n\n\n\n<p>A Uni\u00e3o Nacional dos Estudantes (Une) afirmou nesta sexta-feira que a lista da Seduc &#8220;foi uma tentativa de censura \u00e0 cultura&#8221;.&nbsp;<\/p>\n\n\n\n<p>A Academia Brasileira de Letras (ABL) tamb\u00e9m&nbsp;<a href=\"https:\/\/g1.globo.com\/ro\/rondonia\/noticia\/2020\/02\/07\/gesto-deploravel-diz-academia-brasileira-de-letras-sobre-pedido-para-recolher-43-livros-das-escolas-de-ro.ghtml\">divulgou nota de rep\u00fadio contra o memorando<\/a>. Segundo a Academia, a atitude da Seduc \u00e9 uma censura que atinge a literatura e as artes.&nbsp;<\/p>\n\n\n\n<p>&#8220;\u00c9 um despaut\u00e9rio imaginar, em pleno s\u00e9culo XXI, a retomada de um \u00edndice de livros proibidos. Esse descenso cultural traduz n\u00e3o apenas um anacronismo prim\u00e1rio, mas um sintoma de n\u00e3o pequena gravidade, diante da qual n\u00e3o faltar\u00e1 a a\u00e7\u00e3o consciente da cidadania e das autoridades constitu\u00eddas, disse a ABL.<\/p>\n\n\n\n<figure class=\"wp-block-embed-twitter wp-block-embed is-type-rich is-provider-twitter\"><div class=\"wp-block-embed__wrapper\">\n<blockquote class=\"twitter-tweet\" data-width=\"550\" data-dnt=\"true\"><p lang=\"pt\" dir=\"ltr\">Com a justificativa de proteger a inf\u00e2ncia, o governo de Rond\u00f4nia lista os cl\u00e1ssicos da literatura brasileira como Macuna\u00edma e Os Sert\u00f5es para serem retirados das bibliotecas. Mesmo n\u00e3o sendo efetivada a recolhida dos 43 livros, foi uma tentativa de censura \u00e0 cultura.<\/p>&mdash; UNI\u00c3O NACIONAL DOS ESTUDANTES \ud83c\udf93\u270a\ud83c\udfff (@uneoficial) <a href=\"https:\/\/twitter.com\/uneoficial\/status\/1225784086356221952?ref_src=twsrc%5Etfw\">February 7, 2020<\/a><\/blockquote><script async src=\"https:\/\/platform.twitter.com\/widgets.js\" charset=\"utf-8\"><\/script>\n<\/div><\/figure>\n\n\n\n<h2 class=\"wp-block-heading\">O que diz a Seduc sobre recolhimento?<\/h2>\n\n\n\n<p>Ao&nbsp;<strong>G1<\/strong>, o secret\u00e1rio da Secretaria de Educa\u00e7\u00e3o de Rond\u00f4nia (Seduc) confirmou a exist\u00eancia do documento \u2013 revelou que tratar-se de um &#8220;rascunho&#8221; feito por &#8220;t\u00e9cnicos&#8221; que n\u00e3o chegou a ser expedido. Afirmou ainda n\u00e3o concordar com o teor do memorando e que os livros listados n\u00e3o ser\u00e3o recolhidos.&nbsp;<\/p>\n\n\n\n<p>O trabalho dos t\u00e9cnicos, segundo o secret\u00e1rio, come\u00e7ou porque havia uma den\u00fancia de que os livros continham palavr\u00f5es:&nbsp;<\/p>\n\n\n\n<blockquote class=\"wp-block-quote is-layout-flow wp-block-quote-is-layout-flow\"><p>&#8220;[O departamento t\u00e9cnico] Fez uma checagem que n\u00e3o \u00e9 conclusiva, porque a conclus\u00e3o vai encerrar quando eles [t\u00e9cnicos] me apresentarem alguma coisa, e, pelo que eu estou vendo, j\u00e1 n\u00e3o querem mais apresentar. Mas, assim, s\u00e3o cl\u00e1ssicos da literatura. \u2018Macuna\u00edma\u2019 \u00e9 filme e o escambau, entendeu? N\u00e3o seria a Seduc de Rond\u00f4nia que iria se invocar com um livro desse&#8221;, afirmou.<\/p><\/blockquote>\n\n\n\n<p>Em nota a Seduc informou que &#8220;o processo eletr\u00f4nico que cont\u00e9m a an\u00e1lise t\u00e9cnica foi encerrado imediatamente sem ordem de tramita\u00e7\u00e3o para quaisquer \u00f3rg\u00e3os externos, secretarias ou escolas p\u00fablicas&#8221;.&nbsp;<\/p>\n\n\n\n<p>O&nbsp;<strong>G1&nbsp;<\/strong>procurou a assessoria do governador Marcos Rocha (PSL), mas n\u00e3o obteve resposta at\u00e9 a \u00faltima atualiza\u00e7\u00e3o desta reportagem.&nbsp;<\/p>\n\n\n\n<h2 class=\"wp-block-heading\">Veja abaixo a rela\u00e7\u00e3o dos livros que seriam recolhidos:\u00a0<\/h2>\n\n\n\n<figure class=\"wp-block-image size-large\"><img loading=\"lazy\" decoding=\"async\" width=\"1200\" height=\"1852\" data-attachment-id=\"26429\" data-permalink=\"http:\/\/blogdalucianaoliveira.com.br\/blog\/2020\/02\/07\/oab-rondonia-critica-documento-que-mandava-recolher-livros-de-escolas-estaduais-odiosa-censura-diz\/image-24-4\/\" data-orig-file=\"https:\/\/i0.wp.com\/blogdalucianaoliveira.com.br\/blog\/wp-content\/uploads\/2020\/02\/image-24.jpeg?fit=1200%2C1852\" data-orig-size=\"1200,1852\" data-comments-opened=\"0\" data-image-meta=\"{&quot;aperture&quot;:&quot;0&quot;,&quot;credit&quot;:&quot;&quot;,&quot;camera&quot;:&quot;&quot;,&quot;caption&quot;:&quot;&quot;,&quot;created_timestamp&quot;:&quot;0&quot;,&quot;copyright&quot;:&quot;&quot;,&quot;focal_length&quot;:&quot;0&quot;,&quot;iso&quot;:&quot;0&quot;,&quot;shutter_speed&quot;:&quot;0&quot;,&quot;title&quot;:&quot;&quot;,&quot;orientation&quot;:&quot;0&quot;}\" data-image-title=\"image-24\" data-image-description=\"\" data-image-caption=\"\" data-medium-file=\"https:\/\/i0.wp.com\/blogdalucianaoliveira.com.br\/blog\/wp-content\/uploads\/2020\/02\/image-24.jpeg?fit=194%2C300\" data-large-file=\"https:\/\/i0.wp.com\/blogdalucianaoliveira.com.br\/blog\/wp-content\/uploads\/2020\/02\/image-24.jpeg?fit=600%2C927\" src=\"https:\/\/i2.wp.com\/blogdalucianaoliveira.com.br\/blog\/wp-content\/uploads\/2020\/02\/image-24.jpeg?fit=600%2C927\" alt=\"\" class=\"wp-image-26429\" srcset=\"https:\/\/i0.wp.com\/blogdalucianaoliveira.com.br\/blog\/wp-content\/uploads\/2020\/02\/image-24.jpeg?w=1200 1200w, https:\/\/i0.wp.com\/blogdalucianaoliveira.com.br\/blog\/wp-content\/uploads\/2020\/02\/image-24.jpeg?resize=194%2C300 194w, https:\/\/i0.wp.com\/blogdalucianaoliveira.com.br\/blog\/wp-content\/uploads\/2020\/02\/image-24.jpeg?resize=663%2C1024 663w, https:\/\/i0.wp.com\/blogdalucianaoliveira.com.br\/blog\/wp-content\/uploads\/2020\/02\/image-24.jpeg?resize=768%2C1185 768w, https:\/\/i0.wp.com\/blogdalucianaoliveira.com.br\/blog\/wp-content\/uploads\/2020\/02\/image-24.jpeg?resize=995%2C1536 995w\" sizes=\"auto, (max-width: 600px) 100vw, 600px\" \/><\/figure>\n\n\n\n<h2 class=\"wp-block-heading\">O que diz a Seduc sobre recolhimento?<\/h2>\n\n\n\n<p>Ao&nbsp;<strong>G1<\/strong>, o secret\u00e1rio da Secretaria de Educa\u00e7\u00e3o de Rond\u00f4nia (Seduc) confirmou a exist\u00eancia do documento \u2013 revelou que tratar-se de um &#8220;rascunho&#8221; feito por &#8220;t\u00e9cnicos&#8221; que n\u00e3o chegou a ser expedido. Afirmou ainda n\u00e3o concordar com o teor do memorando e que os livros listados n\u00e3o ser\u00e3o recolhidos.&nbsp;<\/p>\n\n\n\n<p>O trabalho dos t\u00e9cnicos, segundo o secret\u00e1rio, come\u00e7ou porque havia uma den\u00fancia de que os livros continham palavr\u00f5es:&nbsp;<\/p>\n\n\n\n<blockquote class=\"wp-block-quote is-layout-flow wp-block-quote-is-layout-flow\"><p>&#8220;[O departamento t\u00e9cnico] Fez uma checagem que n\u00e3o \u00e9 conclusiva, porque a conclus\u00e3o vai encerrar quando eles [t\u00e9cnicos] me apresentarem alguma coisa, e, pelo que eu estou vendo, j\u00e1 n\u00e3o querem mais apresentar. Mas, assim, s\u00e3o cl\u00e1ssicos da literatura. \u2018Macuna\u00edma\u2019 \u00e9 filme e o escambau, entendeu? N\u00e3o seria a Seduc de Rond\u00f4nia que iria se invocar com um livro desse&#8221;, afirmou.<\/p><\/blockquote>\n\n\n\n<p>Em nota a Seduc informou que &#8220;o processo eletr\u00f4nico que cont\u00e9m a an\u00e1lise t\u00e9cnica foi encerrado imediatamente sem ordem de tramita\u00e7\u00e3o para quaisquer \u00f3rg\u00e3os externos, secretarias ou escolas p\u00fablicas&#8221;.&nbsp;<\/p>\n\n\n\n<p>O&nbsp;<strong>G1&nbsp;<\/strong>procurou a assessoria do governador Marcos Rocha (PSL), mas n\u00e3o obteve resposta at\u00e9 a \u00faltima atualiza\u00e7\u00e3o desta reportagem.&nbsp;<\/p>\n\n\n\n<p><\/p>\n\n\n\n<p><\/p>\n","protected":false},"excerpt":{"rendered":"<p>G1 &#8211; A Ordem dos Advogados do Brasil Seccional de Rond\u00f4nia (OAB\/RO) se pronunciou sobre o documento da Secretaria de Estado de Rond\u00f4nia (Seduc) que\u00a0mandava recolher 43 livros nas escolas estaduais. Segundo o \u00f3rg\u00e3o a a\u00e7\u00e3o representa &#8220;odiosa censura&#8221;.\u00a0<\/p>\n","protected":false},"author":1,"featured_media":0,"comment_status":"closed","ping_status":"open","sticky":false,"template":"","format":"standard","meta":{"_exactmetrics_skip_tracking":false,"_exactmetrics_sitenote_active":false,"_exactmetrics_sitenote_note":"","_exactmetrics_sitenote_category":0,"jetpack_post_was_ever_published":false,"_jetpack_newsletter_access":"","_jetpack_dont_email_post_to_subs":false,"_jetpack_newsletter_tier_id":0,"_jetpack_memberships_contains_paywalled_content":false,"_jetpack_memberships_contains_paid_content":false,"footnotes":"","jetpack_publicize_message":"","jetpack_publicize_feature_enabled":true,"jetpack_social_post_already_shared":true,"jetpack_social_options":{"image_generator_settings":{"template":"highway","enabled":false},"version":2}},"categories":[1],"tags":[],"class_list":["post-26428","post","type-post","status-publish","format-standard","hentry","category-notas"],"jetpack_publicize_connections":[],"jetpack_sharing_enabled":true,"jetpack_featured_media_url":"","jetpack_shortlink":"https:\/\/wp.me\/p7wKYW-6Sg","jetpack-related-posts":[],"_links":{"self":[{"href":"http:\/\/blogdalucianaoliveira.com.br\/blog\/wp-json\/wp\/v2\/posts\/26428","targetHints":{"allow":["GET"]}}],"collection":[{"href":"http:\/\/blogdalucianaoliveira.com.br\/blog\/wp-json\/wp\/v2\/posts"}],"about":[{"href":"http:\/\/blogdalucianaoliveira.com.br\/blog\/wp-json\/wp\/v2\/types\/post"}],"author":[{"embeddable":true,"href":"http:\/\/blogdalucianaoliveira.com.br\/blog\/wp-json\/wp\/v2\/users\/1"}],"replies":[{"embeddable":true,"href":"http:\/\/blogdalucianaoliveira.com.br\/blog\/wp-json\/wp\/v2\/comments?post=26428"}],"version-history":[{"count":2,"href":"http:\/\/blogdalucianaoliveira.com.br\/blog\/wp-json\/wp\/v2\/posts\/26428\/revisions"}],"predecessor-version":[{"id":26431,"href":"http:\/\/blogdalucianaoliveira.com.br\/blog\/wp-json\/wp\/v2\/posts\/26428\/revisions\/26431"}],"wp:attachment":[{"href":"http:\/\/blogdalucianaoliveira.com.br\/blog\/wp-json\/wp\/v2\/media?parent=26428"}],"wp:term":[{"taxonomy":"category","embeddable":true,"href":"http:\/\/blogdalucianaoliveira.com.br\/blog\/wp-json\/wp\/v2\/categories?post=26428"},{"taxonomy":"post_tag","embeddable":true,"href":"http:\/\/blogdalucianaoliveira.com.br\/blog\/wp-json\/wp\/v2\/tags?post=26428"}],"curies":[{"name":"wp","href":"https:\/\/api.w.org\/{rel}","templated":true}]}}