{"id":26436,"date":"2020-02-08T01:44:58","date_gmt":"2020-02-08T05:44:58","guid":{"rendered":"http:\/\/blogdalucianaoliveira.com.br\/blog\/?p=26436"},"modified":"2020-02-08T01:45:09","modified_gmt":"2020-02-08T05:45:09","slug":"censura-de-livros-expoe-laboratorio-do-conservadorismo-em-rondonia","status":"publish","type":"post","link":"http:\/\/blogdalucianaoliveira.com.br\/blog\/2020\/02\/08\/censura-de-livros-expoe-laboratorio-do-conservadorismo-em-rondonia\/","title":{"rendered":"Censura de livros exp\u00f5e \u201claborat\u00f3rio do conservadorismo\u201d em Rond\u00f4nia"},"content":{"rendered":"\n<figure class=\"wp-block-image size-large\"><img data-recalc-dims=\"1\" loading=\"lazy\" decoding=\"async\" width=\"600\" height=\"400\" data-attachment-id=\"26437\" data-permalink=\"http:\/\/blogdalucianaoliveira.com.br\/blog\/2020\/02\/08\/censura-de-livros-expoe-laboratorio-do-conservadorismo-em-rondonia\/image-26-4\/\" data-orig-file=\"https:\/\/i0.wp.com\/blogdalucianaoliveira.com.br\/blog\/wp-content\/uploads\/2020\/02\/image-26.jpeg?fit=640%2C427\" data-orig-size=\"640,427\" data-comments-opened=\"0\" data-image-meta=\"{&quot;aperture&quot;:&quot;0&quot;,&quot;credit&quot;:&quot;&quot;,&quot;camera&quot;:&quot;&quot;,&quot;caption&quot;:&quot;&quot;,&quot;created_timestamp&quot;:&quot;0&quot;,&quot;copyright&quot;:&quot;&quot;,&quot;focal_length&quot;:&quot;0&quot;,&quot;iso&quot;:&quot;0&quot;,&quot;shutter_speed&quot;:&quot;0&quot;,&quot;title&quot;:&quot;&quot;,&quot;orientation&quot;:&quot;0&quot;}\" data-image-title=\"image-26\" data-image-description=\"\" data-image-caption=\"\" data-medium-file=\"https:\/\/i0.wp.com\/blogdalucianaoliveira.com.br\/blog\/wp-content\/uploads\/2020\/02\/image-26.jpeg?fit=300%2C200\" data-large-file=\"https:\/\/i0.wp.com\/blogdalucianaoliveira.com.br\/blog\/wp-content\/uploads\/2020\/02\/image-26.jpeg?fit=600%2C400\" src=\"https:\/\/i0.wp.com\/blogdalucianaoliveira.com.br\/blog\/wp-content\/uploads\/2020\/02\/image-26.jpeg?resize=600%2C400\" alt=\"\" class=\"wp-image-26437\" srcset=\"https:\/\/i0.wp.com\/blogdalucianaoliveira.com.br\/blog\/wp-content\/uploads\/2020\/02\/image-26.jpeg?w=640 640w, https:\/\/i0.wp.com\/blogdalucianaoliveira.com.br\/blog\/wp-content\/uploads\/2020\/02\/image-26.jpeg?resize=300%2C200 300w, https:\/\/i0.wp.com\/blogdalucianaoliveira.com.br\/blog\/wp-content\/uploads\/2020\/02\/image-26.jpeg?resize=450%2C300 450w\" sizes=\"auto, (max-width: 600px) 100vw, 600px\" \/><\/figure>\n\n\n\n<p>No El Pa\u00eds, por Regiane Oliveira, com colabora\u00e7\u00e3o de Luciana Oliveira &#8211; Governo do PSL apoiado pela tr\u00edade \u201cb\u00edblia, boi e bala\u201d manda recolher livros \u201cinadequados\u201d. Medida, depois revertida, n\u00e3o \u00e9 um fen\u00f4meno isolado na pol\u00edtica local.<\/p>\n\n\n\n<!--more-->\n\n\n\n<p>Rubem Alves, M\u00e1rio de Andrade, Machado de Assis, Franz Kafka,\u00a0<a rel=\"noreferrer noopener\" href=\"https:\/\/brasil.elpais.com\/tag\/euclides_rodrigues_da_cunha\" target=\"_blank\">Euclides da Cunha<\/a>. Esses autores cl\u00e1ssicos voltaram aos holofotes ao figurarem em uma lista de 43 livros considerados \u201cinadequados \u00e0s crian\u00e7as e adolescentes\u201d a serem recolhidos das escolas, por orienta\u00e7\u00e3o do\u00a0<a rel=\"noreferrer noopener\" href=\"https:\/\/brasil.elpais.com\/tag\/rondonia\" target=\"_blank\">Governo de Rond\u00f4nia<\/a>. A informa\u00e7\u00e3o, em princ\u00edpio chamada de\u00a0<a rel=\"noreferrer noopener\" href=\"https:\/\/brasil.elpais.com\/tag\/bulos_internet\" target=\"_blank\"><em>fake news<\/em><\/a>\u00a0pelo secret\u00e1rio de Educa\u00e7\u00e3o do Estado, Suamy Vivecananda Lacerda Abreu, acabou corroborada por um \u00e1udio atribu\u00eddo \u00e0 gerente de Educa\u00e7\u00e3o B\u00e1sica de Rond\u00f4nia, Rosane Seitz Magalh\u00e3es. Na mensagem do WhatsApp, ela diz que o recolhimento foi &#8220;um pedido do nosso secret\u00e1rio\u201d.<\/p>\n\n\n\n<p>A not\u00edcia de que Rond\u00f4nia planejava estabelecer um&nbsp;<em>\u00edndex<\/em>&nbsp;de livros proibidos viralizou e n\u00e3o foram poucas as cr\u00edticas ao Governo do&nbsp;<a href=\"https:\/\/brasil.elpais.com\/tag\/ultraderecha\" target=\"_blank\" rel=\"noreferrer noopener\">ultradireitista<\/a>&nbsp;Marcos Rocha, um ex-coronel da Pol\u00edcia Militar que se filiou ao PSL, ent\u00e3o partido de Jair Bolsonaro, e chegou ao poder na onda conservadora das elei\u00e7\u00f5es de 2018. Ao EL PA\u00cdS, o presidente do Supremo Tribunal Federal, Antonio Dias Toffoli,<a href=\"https:\/\/brasil.elpais.com\/politica\/2020-02-07\/toffoli-sobre-censura-em-rondonia-se-um-caso-desse-chegar-ao-stf-cai-na-mesma-hora.html?%3Fssm=FB_BR_CM&amp;fbclid=IwAR3fWn-l6fCnJpUBL1yJgJhwOuBn0LUGfqFwLI1bZhpwx9MEBa_seixeuNc\" target=\"_blank\" rel=\"noreferrer noopener\">&nbsp;classificou a iniciativa de \u201cinacredit\u00e1vel\u201d<\/a>. \u201cSe um caso desse chegar ao Supremo, cai na mesma hora. \u00c9 absolutamente inacredit\u00e1vel que no s\u00e9culo XXI algu\u00e9m tente censurar livros como esses\u201d, afirmou o magistrado nesta sexta-feira em Bras\u00edlia. A Academia Brasileira de Letras (ABL), por sua vez, chamou a a\u00e7\u00e3o de \u201cdeplor\u00e1vel\u201d, uma vez que desrespeita a Constitui\u00e7\u00e3o de 1988. \u201c\u00c9 um despaut\u00e9rio imaginar, em pleno s\u00e9culo XXI, a retomada de um \u00edndice de livros proibidos\u201d,&nbsp;<a href=\"http:\/\/www.academia.org.br\/noticias\/nota-oficial-0?fbclid=IwAR2bL3fFvnqOS2FwEL1sLbTNPLGzkUKJooDP0XMIISdk1aA4bMIPvq-M6WY\" target=\"_blank\" rel=\"noreferrer noopener\">afirmou a ABL em nota<\/a>.&nbsp;<\/p>\n\n\n\n<p>Mas a tentativa de censura n\u00e3o surpreendeu quem acompanha as peculiaridades do Estado, que funciona como uma esp\u00e9cie de farol para tend\u00eancias conservadoras. No Estado do Norte prospera um Governo regido pela tr\u00edade \u201cb\u00edblia, boi e bala\u201d, influenciado pela forte concentra\u00e7\u00e3o de militares na regi\u00e3o fronteiri\u00e7a e o maior percentual de\u00a0<a rel=\"noreferrer noopener\" href=\"https:\/\/brasil.elpais.com\/tag\/iglesia_evangelista\" target=\"_blank\">evang\u00e9licos<\/a>\u00a0do pa\u00eds (cerca de 34%). \u201cRond\u00f4nia \u00e9 extremamente conservadora e funciona como um grande laborat\u00f3rio de experi\u00eancias da modernidade, seja na sua vis\u00e3o particular de\u00a0<a rel=\"noreferrer noopener\" href=\"https:\/\/brasil.elpais.com\/tag\/liberalismo_politico\" target=\"_blank\">liberalismo<\/a>, seja na imposi\u00e7\u00e3o de um certo olhar sobre a na\u00e7\u00e3o e o nacionalismo, ou mesmo sobre quest\u00f5es de g\u00eanero\u201d, explica Estev\u00e3o Fernandes, professor do Departamento de Ci\u00eancias Sociais da Funda\u00e7\u00e3o Universidade Federal de Rond\u00f4nia (UNIR).<\/p>\n\n\n\n<h3 class=\"wp-block-heading\">Falta de transpar\u00eancia&nbsp;<\/h3>\n\n\n\n<p>O EL PA\u00cdS tentou conversar com educadores locais a respeito do ensaio de veto a livros cl\u00e1ssicos, mas muitos preferiram n\u00e3o se manifestar por medo de retalia\u00e7\u00e3o. \u201cEste \u00e9 um lugar em que se mata jornalista no meio da rua\u201d, disse um professor, em refer\u00eancia ao assassinato do comunicador&nbsp;<a href=\"https:\/\/g1.globo.com\/ro\/cacoal-e-zona-da-mata\/noticia\/2019\/03\/29\/apos-um-ano-sem-solucao-assassinato-de-jornalista-de-ro-e-levado-a-organizacao-dos-estados-americanos.ghtml\" target=\"_blank\" rel=\"noreferrer noopener\">Ueliton Brizon, presidente do Partido Humanista da Solidariedade (PHS) em Cacoal<\/a>, morto a tiros em janeiro de 2018.<\/p>\n\n\n\n<p>Em nota, a\u00a0<a rel=\"noreferrer noopener\" href=\"http:\/\/www.rondonia.ro.gov.br\/livros-citados-em-lista-sao-classicos-da-literatura-e-nao-ha-ordem-de-recolhimento-afirma-seduc\/\" target=\"_blank\">Secretaria de Estado da Educa\u00e7\u00e3o de Rond\u00f4nia esclareceu\u00a0<\/a>que recebeu uma den\u00fancia de bibliotecas das escolas estaduais sobre a suposta exist\u00eancia de livros paradid\u00e1ticos com conte\u00fados inapropriados\u00a0para alunos do ensino m\u00e9dio. A equipe t\u00e9cnica afirma que analisou as informa\u00e7\u00f5es, mas n\u00e3o levou a adiante qualquer a\u00e7\u00e3o, por considerar a acusa\u00e7\u00e3o inapropriada. \u201cS\u00e3o obras de autores consagrados mundialmente e cumprem um papel importante para uma constru\u00e7\u00e3o social\u201d, afirma a nota.<\/p>\n\n\n\n<p>O \u00e1udio vazado de Rosane Magalh\u00e3es, por\u00e9m, traz outra vers\u00e3o. \u201cSe estiverem na CRE [Coordena\u00e7\u00e3o Regional de Educa\u00e7\u00e3o] ainda esses livros, n\u00e3o mande para a escola (&#8230;) pegue os t\u00e9cnicos, pegue esses livros que estou mandando aqui na lista, coloque numa caixa, lacre e envie para mim aqui a ger\u00eancia de Educa\u00e7\u00e3o B\u00e1sica (&#8230;) O n\u00facleo do livro did\u00e1tico fica do lado, eu vou passar para eles porque a editora vai providenciar a troca\u201d, afirmou a gerente na mensagem compartilhada no WhatsApp.<\/p>\n\n\n\n<p>O EL PA\u00cdS perguntou \u00e0 assessoria de imprensa do Estado quais livros substituiriam o lote considerado inadequado, como mencionado no \u00e1udio, mas n\u00e3o obteve resposta. \u201cO recolhimento de obras, de forma indistinta, sem pr\u00e9vio debate com a sociedade, j\u00e1 demonstra o desprezo pelo di\u00e1logo e a incapacidade de respeitar a diversidade\u201d, afirma Vinicius Miguel, advogado e professor universit\u00e1rio da UNIR, que concorreu ao Governo do Estado pela Rede, em 2019.<\/p>\n\n\n\n<p>Ap\u00f3s a repercuss\u00e3o, o Estado decretou sigilo sobre os documentos da Secretaria de Educa\u00e7\u00e3o. \u201cA inser\u00e7\u00e3o de sigilo na documenta\u00e7\u00e3o n\u00e3o pode ser interpretada como um mero erro. \u00c9 um exemplo claro do \u00f3dio \u00e0 transpar\u00eancia e de uma tentativa de ocultamento da pr\u00e1tica de censura\u201d, afirma Miguel.<\/p>\n\n\n\n<h3 class=\"wp-block-heading\">Ra\u00edzes do conservadorismo<\/h3>\n\n\n\n<p>Essa n\u00e3o \u00e9 a primeira vez que o Estado ganha o notici\u00e1rio nacional com controv\u00e9rsias sobre a educa\u00e7\u00e3o. Em 2017, um grupo de 150 pais do munic\u00edpio de Ji-Paran\u00e1, o segundo mais populoso do Estado, acionou o Minist\u00e9rio P\u00fablico para\u00a0<a rel=\"noreferrer noopener\" href=\"https:\/\/g1.globo.com\/ro\/ji-parana-regiao-central\/noticia\/pais-acionam-mp-ro-para-proibir-livro-de-ciencias-com-ilustracao-de-penis-em-escola.ghtml\" target=\"_blank\">tentar proibir um livro de ci\u00eancia da 8\u00aa s\u00e9rie, que tinha fotos de p\u00eanis<\/a>\u00a0no cap\u00edtulo reservado ao corpo masculino. No mesmo ano, a Prefeitura de Ariquemes\u00a0<a rel=\"noreferrer noopener\" href=\"http:\/\/g1.globo.com\/ro\/ariquemes-e-vale-do-jamari\/noticia\/2017\/01\/prefeitura-manda-arrancar-paginas-de-livros-escolares-sobre-homossexuais.html\" target=\"_blank\">mandou \u201csuprimir\u201d dos livros did\u00e1ticos p\u00e1ginas que falassem de diversidade sexual<\/a>.<\/p>\n\n\n\n<p>A impulso do conservadorismo na regi\u00e3o, no entanto, n\u00e3o \u00e9 um fen\u00f4meno que pode ser explicado apenas com a polariza\u00e7\u00e3o das elei\u00e7\u00f5es presidenciais. \u201c<a rel=\"noreferrer noopener\" href=\"https:\/\/brasil.elpais.com\/tag\/porto_velho\" target=\"_blank\">Porto Velho<\/a>\u00a0tem uma s\u00e9rie de obras abandonadas da \u00e9poca do PAC [Programa de Acelera\u00e7\u00e3o do Crescimento do Governo\u00a0<a rel=\"noreferrer noopener\" href=\"https:\/\/brasil.elpais.com\/tag\/dilma_rousseff\" target=\"_blank\">Dilma Rousseff<\/a>]. Muitos viadutos come\u00e7aram a ser constru\u00eddos em 2007 e est\u00e3o sendo terminados agora. O\u00a0<a rel=\"noreferrer noopener\" href=\"https:\/\/brasil.elpais.com\/brasil\/2019-12-28\/do-bolsonarismo-ao-integralismo-como-a-extrema-direita-se-organiza-na-internet.html\" target=\"_blank\">bolsonarismo<\/a>\u00a0apenas agregou pessoas que queriam mudan\u00e7a e compartilhavam os mesmos valores\u201d, explica Fernandes. \u201cA floresta ainda \u00e9 vista como um obst\u00e1culo ao desenvolvimento. Aqui o crescimento se d\u00e1 apesar da floresta e dos ind\u00edgenas\u201d, explica Fernandes, citando como exemplo a audi\u00eancia p\u00fablica realizada na regi\u00e3o em 2019 para discutir\u00a0<a href=\"https:\/\/brasil.elpais.com\/brasil\/2020-02-05\/bolsonaro-anuncia-projeto-que-permite-garimpo-em-area-indigena-e-sugere-confinar-ambientalistas.html\">o projeto de lei para permitir garimpo em terra ind\u00edgena<\/a>, para a qual os ind\u00edgenas n\u00e3o foram convidados.<\/p>\n\n\n\n<p><\/p>\n","protected":false},"excerpt":{"rendered":"<p>No El Pa\u00eds, por Regiane Oliveira, com colabora\u00e7\u00e3o de Luciana Oliveira &#8211; Governo do PSL apoiado pela tr\u00edade \u201cb\u00edblia, boi e bala\u201d manda recolher livros \u201cinadequados\u201d. Medida, depois revertida, n\u00e3o \u00e9 um fen\u00f4meno isolado na pol\u00edtica local.<\/p>\n","protected":false},"author":1,"featured_media":0,"comment_status":"closed","ping_status":"open","sticky":false,"template":"","format":"standard","meta":{"_exactmetrics_skip_tracking":false,"_exactmetrics_sitenote_active":false,"_exactmetrics_sitenote_note":"","_exactmetrics_sitenote_category":0,"jetpack_post_was_ever_published":false,"_jetpack_newsletter_access":"","_jetpack_dont_email_post_to_subs":false,"_jetpack_newsletter_tier_id":0,"_jetpack_memberships_contains_paywalled_content":false,"_jetpack_memberships_contains_paid_content":false,"footnotes":"","jetpack_publicize_message":"","jetpack_publicize_feature_enabled":true,"jetpack_social_post_already_shared":true,"jetpack_social_options":{"image_generator_settings":{"template":"highway","enabled":false},"version":2}},"categories":[1],"tags":[],"class_list":["post-26436","post","type-post","status-publish","format-standard","hentry","category-notas"],"jetpack_publicize_connections":[],"jetpack_sharing_enabled":true,"jetpack_featured_media_url":"","jetpack_shortlink":"https:\/\/wp.me\/p7wKYW-6So","jetpack-related-posts":[],"_links":{"self":[{"href":"http:\/\/blogdalucianaoliveira.com.br\/blog\/wp-json\/wp\/v2\/posts\/26436","targetHints":{"allow":["GET"]}}],"collection":[{"href":"http:\/\/blogdalucianaoliveira.com.br\/blog\/wp-json\/wp\/v2\/posts"}],"about":[{"href":"http:\/\/blogdalucianaoliveira.com.br\/blog\/wp-json\/wp\/v2\/types\/post"}],"author":[{"embeddable":true,"href":"http:\/\/blogdalucianaoliveira.com.br\/blog\/wp-json\/wp\/v2\/users\/1"}],"replies":[{"embeddable":true,"href":"http:\/\/blogdalucianaoliveira.com.br\/blog\/wp-json\/wp\/v2\/comments?post=26436"}],"version-history":[{"count":1,"href":"http:\/\/blogdalucianaoliveira.com.br\/blog\/wp-json\/wp\/v2\/posts\/26436\/revisions"}],"predecessor-version":[{"id":26438,"href":"http:\/\/blogdalucianaoliveira.com.br\/blog\/wp-json\/wp\/v2\/posts\/26436\/revisions\/26438"}],"wp:attachment":[{"href":"http:\/\/blogdalucianaoliveira.com.br\/blog\/wp-json\/wp\/v2\/media?parent=26436"}],"wp:term":[{"taxonomy":"category","embeddable":true,"href":"http:\/\/blogdalucianaoliveira.com.br\/blog\/wp-json\/wp\/v2\/categories?post=26436"},{"taxonomy":"post_tag","embeddable":true,"href":"http:\/\/blogdalucianaoliveira.com.br\/blog\/wp-json\/wp\/v2\/tags?post=26436"}],"curies":[{"name":"wp","href":"https:\/\/api.w.org\/{rel}","templated":true}]}}