{"id":26446,"date":"2020-02-09T18:43:20","date_gmt":"2020-02-09T22:43:20","guid":{"rendered":"http:\/\/blogdalucianaoliveira.com.br\/blog\/?p=26446"},"modified":"2020-02-09T18:43:31","modified_gmt":"2020-02-09T22:43:31","slug":"chefe-do-escritorio-do-crime-miliciano-ligado-a-flavio-bolsonaro-e-morto-na-ba","status":"publish","type":"post","link":"http:\/\/blogdalucianaoliveira.com.br\/blog\/2020\/02\/09\/chefe-do-escritorio-do-crime-miliciano-ligado-a-flavio-bolsonaro-e-morto-na-ba\/","title":{"rendered":"\u201cChefe do Escrit\u00f3rio do Crime\u201d, miliciano ligado a Fl\u00e1vio Bolsonaro \u00e9 morto na BA"},"content":{"rendered":"\n<figure class=\"wp-block-image\"><img data-recalc-dims=\"1\" decoding=\"async\" src=\"https:\/\/i0.wp.com\/img.brasildefato.com.br\/media\/876ef3c8d4792398c69690b0c84ff707.jpg?w=600&#038;ssl=1\" alt=\"\"\/><\/figure>\n\n\n\n<h4 class=\"wp-block-heading\">Ex-PM tinha rela\u00e7\u00f5es com Queiroz e fam\u00edlia Bolsonaro; foragido h\u00e1 um ano, teria reagido a pris\u00e3o, segundo a pol\u00edcia<\/h4>\n\n\n\n<!--more-->\n\n\n\n<p>Reda\u00e7\u00e3oBrasil de Fato <\/p>\n\n\n\n<p>Apontado como chefe de uma das mil\u00edcias mais antigas do Rio de Janeiro, o ex-capit\u00e3o Adriano Magalh\u00e3es da N\u00f3brega foi morto em uma opera\u00e7\u00e3o na cidade de Esplanada, na Bahia, na manh\u00e3 deste domingo (9). N\u00f3brega estava foragido h\u00e1 mais de um ano e era suspeito de comandar o \u201cEscrit\u00f3rio do Crime\u201d. O ex-PM tamb\u00e9m era investigado&nbsp;<a href=\"https:\/\/www.brasildefato.com.br\/2019\/01\/22\/familiares-de-suspeito-de-matar-marielle-trabalhavam-em-gabinete-de-flavio-bolsonaro\">por lavagem de dinheiro no esquema de \u201crachadinha\u201d no antigo gabinete de Fl\u00e1vio Bolsonaro<\/a>&nbsp;na Assembleia Legislativa do Rio (Alerj).<\/p>\n\n\n\n<p>Em&nbsp;<a href=\"http:\/\/www.ssp.ba.gov.br\/2020\/02\/7190\/Policia-baiana-localiza-miliciano-carioca-envolvido-em-morte-de-Marielle.html\">nota<\/a>, a Secretaria de Seguran\u00e7a P\u00fablica da Bahia confirmou que a Superintend\u00eancia de Intelig\u00eancia (SI) do estado passou a monitorar N\u00f3brega ap\u00f3s receber informa\u00e7\u00f5es de que o miliciano estava escondido na Bahia.<\/p>\n\n\n\n<p>\u201cNo momento do cumprimento do mandado de pris\u00e3o ele resistiu com disparos de arma de fogo e terminou ferido. Ele chegou a ser socorrido para um hospital da regi\u00e3o, mas n\u00e3o resistiu aos ferimentos\u201c, afirmou a secretaria em nota. A pol\u00edcia informou que encontrou uma pistola austr\u00edaca calibre 9mm e outras tr\u00eas armas no im\u00f3vel.<\/p>\n\n\n\n<p>\u201cProcuramos sempre apoiar as pol\u00edcias dos outros estados e, desta vez, priorizamos o caso por ser de relev\u00e2ncia nacional. Buscamos efetuar a pris\u00e3o, mas o procurado preferiu reagir atirando\u201d, afirmou o secret\u00e1rio da Seguran\u00e7a P\u00fablica da Bahia, Maur\u00edcio Teles Barbosa, segundo a nota.<\/p>\n\n\n\n<p>A a\u00e7\u00e3o que localizou N\u00f3brega em um im\u00f3vel na zona rural de Esplanada foi realizada em conjunto com o Batalh\u00e3o de Opera\u00e7\u00f5es Policiais Especiais (Bope), a Companhia Independente de Policiamento Especializado (Cipe) Litoral Norte, o Grupamento A\u00e9reo (Graer) e a SI.<\/p>\n\n\n\n<p>Esclarecimentos<\/p>\n\n\n\n<p>A secretaria baiana tratou o miliciano como \u201cinvestigado por envolvimento na morte de Marielle Franco, em 2018\u201d. O Partido Socialismo e Liberdade (Psol), sigla da vereadora assassinada, divulgou uma nota pela manh\u00e3 afirmando que N\u00f3brega era suspeito de envolvimento no assassinato de Marielle e Anderson Gomes, e que seria&nbsp;\u201cpe\u00e7a chave para revelar os mandantes\u201d do crime.<\/p>\n\n\n\n<p>Mais tarde, no entanto, o partido atualizou a nota, esclarecendo que era a mil\u00edcia da qual N\u00f3brega fazia parte que tinha suspeita de envolvimento na morte de Marielle. A nota atualizada indica que o partido solicitar\u00e1 uma audi\u00eancia com a Secretaria de Seguran\u00e7a P\u00fablica da Bahia, \u201cuma vez que Adriano da N\u00f3brega era pe\u00e7a chave para revelar diversos crimes, incluindo aqueles envolvendo Queiroz e Fl\u00e1vio Bolsonaro\u201d. O partido afirma ainda que est\u00e1 avaliando medidas que envolvam tamb\u00e9m autoridades federais. \u201cSeguimos exigindo respostas e transpar\u00eancia para p\u00f4r fim \u00e0 impunidade\u201d, conclui a nota.<\/p>\n\n\n\n<p>Mil\u00edcia e rela\u00e7\u00e3o com fam\u00edlia Bolsonaro<\/p>\n\n\n\n<p>Adriano Magalh\u00e3es da N\u00f3brega foi policial militar e atirador de elite formado pelo Bope. Dentro e fora da corpora\u00e7\u00e3o, N\u00f3brega atuou em atividades criminosas que iam desde envolvimento em esquemas de jogo do bicho e lavagem de dinheiro na Assembleia Legislativa do Rio de Janeiro at\u00e9 o comando do chamado Escrit\u00f3rio do Crime, organiza\u00e7\u00e3o&nbsp;<a href=\"https:\/\/www.brasildefato.com.br\/2019\/01\/22\/familiares-de-suspeito-de-matar-marielle-trabalhavam-em-gabinete-de-flavio-bolsonarohttps:\/\/oglobo.globo.com\/brasil\/flavio-bolsonaro-empregou-mae-mulher-de-chefe-do-escritorio-do-crime-em-seu-gabinete-23391490?utm_source=Facebook&amp;utm_medium=Social&amp;utm_campaign=compartilhar&amp;fbclid=IwAR31A-ObxBND2BO7do9N5c_dkNBseg_rJ1jKSuQuutNon-zsM3QmtaC8x9Y\">suspeita de ter liga\u00e7\u00e3o com o assassinato de Marielle Franco e Anderson Gomes.<\/a>&nbsp;Antes de ser expulso da corpora\u00e7\u00e3o em 2014, trabalhou no 18o Batalh\u00e3o da PM com&nbsp;<a href=\"https:\/\/www.brasildefatorj.com.br\/2019\/01\/22\/queiroz-afirma-que-indicou-familia-de-miliciano-para-gabinete-de-flavio-bolsonaro\">Fabr\u00edcio Queiroz, piv\u00f4 de um esc\u00e2ndalo envolvendo um dos filhos do presidente Jair Bolsonaro<\/a>.<\/p>\n\n\n\n<p>No in\u00edcio de 2019, vieram \u00e0 tona den\u00fancias de que a esposa e a m\u00e3e de N\u00f3brega eram empregadas pelo gabinete do ent\u00e3o deputado estadual&nbsp;<a href=\"https:\/\/www.brasildefatorj.com.br\/2019\/01\/22\/proximidade-da-familia-bolsonaro-com-milicianos-nao-e-novidade\">Fl\u00e1vio Bolsonaro<\/a>.<\/p>\n\n\n\n<p>Em 2005, N\u00f3brega havia recebido de Fl\u00e1vio Bolsonaro a Medalha Tiradentes, mais alta honraria concedida pela Alerj. Ap\u00f3s ser considerado foragido pela justi\u00e7a,&nbsp;<a href=\"https:\/\/www.brasildefatorj.com.br\/2019\/02\/06\/miliciano-homenageado-por-flavio-bolsonaro-pode-perder-medalha-tiradentes\">a deputada estadual Renata Souza (Psol-RJ) apresentou uma resolu\u00e7\u00e3o para revogar a homenagem<\/a>.<\/p>\n\n\n\n<p>Edi\u00e7\u00e3o: Aline Sc\u00e1tola<br><\/p>\n","protected":false},"excerpt":{"rendered":"<p>Ex-PM tinha rela\u00e7\u00f5es com Queiroz e fam\u00edlia Bolsonaro; foragido h\u00e1 um ano, teria reagido a pris\u00e3o, segundo a pol\u00edcia<\/p>\n","protected":false},"author":1,"featured_media":0,"comment_status":"closed","ping_status":"open","sticky":false,"template":"","format":"standard","meta":{"_exactmetrics_skip_tracking":false,"_exactmetrics_sitenote_active":false,"_exactmetrics_sitenote_note":"","_exactmetrics_sitenote_category":0,"jetpack_post_was_ever_published":false,"_jetpack_newsletter_access":"","_jetpack_dont_email_post_to_subs":false,"_jetpack_newsletter_tier_id":0,"_jetpack_memberships_contains_paywalled_content":false,"_jetpack_memberships_contains_paid_content":false,"footnotes":"","jetpack_publicize_message":"","jetpack_publicize_feature_enabled":true,"jetpack_social_post_already_shared":true,"jetpack_social_options":{"image_generator_settings":{"template":"highway","enabled":false},"version":2}},"categories":[1],"tags":[],"class_list":["post-26446","post","type-post","status-publish","format-standard","hentry","category-notas"],"jetpack_publicize_connections":[],"jetpack_sharing_enabled":true,"jetpack_featured_media_url":"","jetpack_shortlink":"https:\/\/wp.me\/p7wKYW-6Sy","jetpack-related-posts":[],"_links":{"self":[{"href":"http:\/\/blogdalucianaoliveira.com.br\/blog\/wp-json\/wp\/v2\/posts\/26446","targetHints":{"allow":["GET"]}}],"collection":[{"href":"http:\/\/blogdalucianaoliveira.com.br\/blog\/wp-json\/wp\/v2\/posts"}],"about":[{"href":"http:\/\/blogdalucianaoliveira.com.br\/blog\/wp-json\/wp\/v2\/types\/post"}],"author":[{"embeddable":true,"href":"http:\/\/blogdalucianaoliveira.com.br\/blog\/wp-json\/wp\/v2\/users\/1"}],"replies":[{"embeddable":true,"href":"http:\/\/blogdalucianaoliveira.com.br\/blog\/wp-json\/wp\/v2\/comments?post=26446"}],"version-history":[{"count":1,"href":"http:\/\/blogdalucianaoliveira.com.br\/blog\/wp-json\/wp\/v2\/posts\/26446\/revisions"}],"predecessor-version":[{"id":26447,"href":"http:\/\/blogdalucianaoliveira.com.br\/blog\/wp-json\/wp\/v2\/posts\/26446\/revisions\/26447"}],"wp:attachment":[{"href":"http:\/\/blogdalucianaoliveira.com.br\/blog\/wp-json\/wp\/v2\/media?parent=26446"}],"wp:term":[{"taxonomy":"category","embeddable":true,"href":"http:\/\/blogdalucianaoliveira.com.br\/blog\/wp-json\/wp\/v2\/categories?post=26446"},{"taxonomy":"post_tag","embeddable":true,"href":"http:\/\/blogdalucianaoliveira.com.br\/blog\/wp-json\/wp\/v2\/tags?post=26446"}],"curies":[{"name":"wp","href":"https:\/\/api.w.org\/{rel}","templated":true}]}}