{"id":26448,"date":"2020-02-09T18:48:03","date_gmt":"2020-02-09T22:48:03","guid":{"rendered":"http:\/\/blogdalucianaoliveira.com.br\/blog\/?p=26448"},"modified":"2020-02-09T18:48:13","modified_gmt":"2020-02-09T22:48:13","slug":"carta-contra-bolsonaro-e-autoritarismo-no-brasil-e-publicada-em-jornal-ingles","status":"publish","type":"post","link":"http:\/\/blogdalucianaoliveira.com.br\/blog\/2020\/02\/09\/carta-contra-bolsonaro-e-autoritarismo-no-brasil-e-publicada-em-jornal-ingles\/","title":{"rendered":"Carta contra Bolsonaro e autoritarismo no Brasil \u00e9 publicada em jornal ingl\u00eas"},"content":{"rendered":"\n<figure class=\"wp-block-image\"><img data-recalc-dims=\"1\" height=\"360\" width=\"600\" decoding=\"async\" src=\"https:\/\/i0.wp.com\/www.cartacapital.com.br\/wp-content\/uploads\/2019\/12\/bolsonaro-record-1200x720.jpg?resize=600%2C360&#038;ssl=1\" alt=\"(Foto: Alan Santos\/PR)\"\/><\/figure>\n\n\n\n<h4 class=\"wp-block-heading\">Mais de 2000 pessoas, entre elas Chico Buarque e Djamila Ribeiro, assinam carta de apelo \u00e0 comunidade internacional e denunciam censura<\/h4>\n\n\n\n<!--more-->\n\n\n\n<p>Carta Capital<\/p>\n\n\n\n<p>\u201cAs institui\u00e7\u00f5es democr\u00e1ticas no Brasil est\u00e3o sob ataque\u201d. Mais de 2000 artistas, intelectuais, professores e demais pessoas cr\u00edticas \u00e0 gest\u00e3o de Jair Bolsonaro e os ataques \u00e0 cultura, m\u00eddia, liberdade religiosa e educa\u00e7\u00e3o publicaram, na noite do s\u00e1bado 08, uma carta aberta que denuncia a situa\u00e7\u00e3o brasileira e pede apoio da comunidade internacional na repercuss\u00e3o dos fatos. A publica\u00e7\u00e3o foi feita no jornal brit\u00e2nico\u00a0<em>The Guardian<\/em>.<br><\/p>\n\n\n\n<p>Entre os assinantes, est\u00e3o grandes figuras nacionais como Chico Buarque, Concei\u00e7\u00e3o Evaristo, Caetano Veloso, Djamila Ribeiro e S\u00f4nia Guajajara. Nomes internacionais tamb\u00e9m assinaram o manifesto, como o escritor Mia Couto, o soci\u00f3logo Noam Chomsky e o antrop\u00f3logo Boaventura Sousa Santos. Professores, funcion\u00e1rios p\u00fablicos, militantes, atores e atrizes tamb\u00e9m se encontram na rela\u00e7\u00e3o.<\/p>\n\n\n\n<p>A carta retoma ataques feitos no come\u00e7o da gest\u00e3o de Bolsonaro, como a demiss\u00e3o do diretor de marketing do Banco do Brasil ap\u00f3s uma propaganda promover diversidade, e eventos mais recentes do governo, como os&nbsp;<a href=\"https:\/\/www.cartacapital.com.br\/politica\/governo-rebate-diretora-candidata-ao-oscar-militante-anti-brasil\/\">ataques \u00e0 cineasta Petra Costa<\/a>&nbsp;promovidos pela Secom (Secretaria de Comunica\u00e7\u00e3o). Petra tamb\u00e9m assina a carta, e concorre ao Oscar de Melhor Document\u00e1rio com o filme \u201cDemocracia em Vertigem\u201d.<\/p>\n\n\n\n<p>\u201cDesde que assumiu, a administra\u00e7\u00e3o de Jair Bolsonaro, ajudada por seus aliados da extrema-direita, t\u00eam sistematicamente minado institui\u00e7\u00f5es culturais, cient\u00edficas e educacionais no pa\u00eds, assim como tem feito com a imprensa\u201d, escrevem os assinantes. \u201cO governo Bolsonaro deixou claro que n\u00e3o ir\u00e1 tolerar desvios de sua pol\u00edtica e vis\u00e3o de mundo ultraconservadores\u201d.<\/p>\n\n\n\n<p>Para exemplificar, os autores do manifesto relembram a&nbsp;<a href=\"https:\/\/www.cartacapital.com.br\/politica\/nao-peco-eu-mando-diz-bolsonaro-sobre-demissao-de-diretor-do-inpe\/\">demiss\u00e3o do professor Ricardo Galv\u00e3o<\/a>&nbsp;do Inpe (Institutos de Pesquisas Espaciais) no auge da crise da Amaz\u00f4nia, que apresentou desmatamento recorde em 2019.<\/p>\n\n\n\n<p>Tamb\u00e9m nomeiam algumas das institui\u00e7\u00f5es sob perigo de censura no pa\u00eds, especialmente a Ancine (Ag\u00eancia Nacional do Cinema), a Biblioteca Nacional e a Funda\u00e7\u00e3o Palmares.<br><\/p>\n\n\n\n<p>Entre os assinantes, est\u00e3o grandes figuras nacionais como Chico Buarque, Concei\u00e7\u00e3o Evaristo, Caetano Veloso, Djamila Ribeiro e S\u00f4nia Guajajara. Nomes internacionais tamb\u00e9m assinaram o manifesto, como o escritor Mia Couto, o soci\u00f3logo Noam Chomsky e o antrop\u00f3logo Boaventura Sousa Santos. Professores, funcion\u00e1rios p\u00fablicos, militantes, atores e atrizes tamb\u00e9m se encontram na rela\u00e7\u00e3o.<\/p>\n\n\n\n<p>A carta retoma ataques feitos no come\u00e7o da gest\u00e3o de Bolsonaro, como a demiss\u00e3o do diretor de marketing do Banco do Brasil ap\u00f3s uma propaganda promover diversidade, e eventos mais recentes do governo, como os&nbsp;<a href=\"https:\/\/www.cartacapital.com.br\/politica\/governo-rebate-diretora-candidata-ao-oscar-militante-anti-brasil\/\">ataques \u00e0 cineasta Petra Costa<\/a>&nbsp;promovidos pela Secom (Secretaria de Comunica\u00e7\u00e3o). Petra tamb\u00e9m assina a carta, e concorre ao Oscar de Melhor Document\u00e1rio com o filme \u201cDemocracia em Vertigem\u201d.<\/p>\n\n\n\n<p>\u201cDesde que assumiu, a administra\u00e7\u00e3o de Jair Bolsonaro, ajudada por seus aliados da extrema-direita, t\u00eam sistematicamente minado institui\u00e7\u00f5es culturais, cient\u00edficas e educacionais no pa\u00eds, assim como tem feito com a imprensa\u201d, escrevem os assinantes. \u201cO governo Bolsonaro deixou claro que n\u00e3o ir\u00e1 tolerar desvios de sua pol\u00edtica e vis\u00e3o de mundo ultraconservadores\u201d.<\/p>\n\n\n\n<p>Para exemplificar, os autores do manifesto relembram a&nbsp;<a href=\"https:\/\/www.cartacapital.com.br\/politica\/nao-peco-eu-mando-diz-bolsonaro-sobre-demissao-de-diretor-do-inpe\/\">demiss\u00e3o do professor Ricardo Galv\u00e3o<\/a>&nbsp;do Inpe (Institutos de Pesquisas Espaciais) no auge da crise da Amaz\u00f4nia, que apresentou desmatamento recorde em 2019.<\/p>\n\n\n\n<p>Tamb\u00e9m nomeiam algumas das institui\u00e7\u00f5es sob perigo de censura no pa\u00eds, especialmente a Ancine (Ag\u00eancia Nacional do Cinema), a Biblioteca Nacional e a Funda\u00e7\u00e3o Palmares.<\/p>\n\n\n\n<p>O apelo final da carta pede que a comunidade internacional expressa solidariedade p\u00fablica frente aos ataques sofridos, condene as tentativas de Bolsonaro pressionar politicamente artistas e organiza\u00e7\u00f5es culturais, pressione o Brasil a respeitar as declara\u00e7\u00f5es de direitos humanos, assim como a liberdade de imprensa, pensamento e religi\u00e3o, e destaca a necessidade da m\u00eddia internacional colocar os fatos sob holofotes.<\/p>\n\n\n\n<p>\u201cEsse \u00e9 um momento pol\u00edtico grave. N\u00f3s precisamos rejeitar a escalada do autoritarismo\u201d, finaliza o grupo. A carta completa pode ser&nbsp;<a href=\"https:\/\/www.theguardian.com\/commentisfree\/2020\/feb\/07\/democracy-and-freedom-of-expression-are-under-threat-in-brazil\">lida aqui (em ingl\u00eas)<\/a>, e a lista dos assinantes est\u00e1 dispon\u00edvel&nbsp;<a href=\"https:\/\/docs.google.com\/spreadsheets\/d\/1ta3943_R11MGXINcIiZ7lFiNpYdmoXZMOZdCEe2KEVI\/edit#gid=562727866\">neste link<\/a>.<br><\/p>\n","protected":false},"excerpt":{"rendered":"<p>Mais de 2000 pessoas, entre elas Chico Buarque e Djamila Ribeiro, assinam carta de apelo \u00e0 comunidade internacional e denunciam censura<\/p>\n","protected":false},"author":1,"featured_media":0,"comment_status":"closed","ping_status":"open","sticky":false,"template":"","format":"standard","meta":{"_exactmetrics_skip_tracking":false,"_exactmetrics_sitenote_active":false,"_exactmetrics_sitenote_note":"","_exactmetrics_sitenote_category":0,"jetpack_post_was_ever_published":false,"_jetpack_newsletter_access":"","_jetpack_dont_email_post_to_subs":false,"_jetpack_newsletter_tier_id":0,"_jetpack_memberships_contains_paywalled_content":false,"_jetpack_memberships_contains_paid_content":false,"footnotes":"","jetpack_publicize_message":"","jetpack_publicize_feature_enabled":true,"jetpack_social_post_already_shared":true,"jetpack_social_options":{"image_generator_settings":{"template":"highway","enabled":false},"version":2}},"categories":[1],"tags":[],"class_list":["post-26448","post","type-post","status-publish","format-standard","hentry","category-notas"],"jetpack_publicize_connections":[],"jetpack_sharing_enabled":true,"jetpack_featured_media_url":"","jetpack_shortlink":"https:\/\/wp.me\/p7wKYW-6SA","jetpack-related-posts":[],"_links":{"self":[{"href":"http:\/\/blogdalucianaoliveira.com.br\/blog\/wp-json\/wp\/v2\/posts\/26448","targetHints":{"allow":["GET"]}}],"collection":[{"href":"http:\/\/blogdalucianaoliveira.com.br\/blog\/wp-json\/wp\/v2\/posts"}],"about":[{"href":"http:\/\/blogdalucianaoliveira.com.br\/blog\/wp-json\/wp\/v2\/types\/post"}],"author":[{"embeddable":true,"href":"http:\/\/blogdalucianaoliveira.com.br\/blog\/wp-json\/wp\/v2\/users\/1"}],"replies":[{"embeddable":true,"href":"http:\/\/blogdalucianaoliveira.com.br\/blog\/wp-json\/wp\/v2\/comments?post=26448"}],"version-history":[{"count":1,"href":"http:\/\/blogdalucianaoliveira.com.br\/blog\/wp-json\/wp\/v2\/posts\/26448\/revisions"}],"predecessor-version":[{"id":26449,"href":"http:\/\/blogdalucianaoliveira.com.br\/blog\/wp-json\/wp\/v2\/posts\/26448\/revisions\/26449"}],"wp:attachment":[{"href":"http:\/\/blogdalucianaoliveira.com.br\/blog\/wp-json\/wp\/v2\/media?parent=26448"}],"wp:term":[{"taxonomy":"category","embeddable":true,"href":"http:\/\/blogdalucianaoliveira.com.br\/blog\/wp-json\/wp\/v2\/categories?post=26448"},{"taxonomy":"post_tag","embeddable":true,"href":"http:\/\/blogdalucianaoliveira.com.br\/blog\/wp-json\/wp\/v2\/tags?post=26448"}],"curies":[{"name":"wp","href":"https:\/\/api.w.org\/{rel}","templated":true}]}}