{"id":26450,"date":"2020-02-09T18:54:39","date_gmt":"2020-02-09T22:54:39","guid":{"rendered":"http:\/\/blogdalucianaoliveira.com.br\/blog\/?p=26450"},"modified":"2020-02-09T18:54:46","modified_gmt":"2020-02-09T22:54:46","slug":"miliciano-estava-escondido-em-sitio-de-vereador-do-psl","status":"publish","type":"post","link":"http:\/\/blogdalucianaoliveira.com.br\/blog\/2020\/02\/09\/miliciano-estava-escondido-em-sitio-de-vereador-do-psl\/","title":{"rendered":"Miliciano estava escondido em s\u00edtio de vereador do PSL"},"content":{"rendered":"\n<figure class=\"wp-block-image\"><img data-recalc-dims=\"1\" decoding=\"async\" src=\"https:\/\/i0.wp.com\/jornalggn.com.br\/sites\/default\/files\/2020\/02\/miliciano-estava-escondido-em-sitio-de-vereador-do-psl-adriano-nobrega.jpg?w=600&#038;ssl=1\" alt=\"\"\/><\/figure>\n\n\n\n<p><\/p>\n\n\n\n<p><strong>Jornal GGN \u2013<\/strong>&nbsp;O miliciano e ex-capit\u00e3o da PM do Rio de Janeiro, Adriano N\u00f3brega, morto por policiais militares na manh\u00e3 de hoje, domingo, na cidade de Esplanada (BA), estava escondido no s\u00edtio do vereador do PSL Gilsinho da Ded\u00e9.<\/p>\n\n\n\n<!--more-->\n\n\n\n<p>Mat\u00e9ria publicada no G1, relata que Gilsinho se disse surpreendido ao saber que o miliciano estava em seu s\u00edtio e negou conhecer o elemento, aventou a possibilidade de invas\u00e3o do terreno. E disse ainda que a propriedade n\u00e3o tem caseiro e \u00e9 cercada de arame.<\/p>\n\n\n\n<p>Diz que foi informado por um vizinho que uma opera\u00e7\u00e3o tinha lugar em seu terreno, achava at\u00e9 que fosse assalto. Afirmou estar viajando e n\u00e3o ter nenhuma informa\u00e7\u00e3o.<\/p>\n\n\n\n<p>O vereador contou ter entrado em contato com um delegado da regi\u00e3o e este o informou ser a opera\u00e7\u00e3o da Secretaria de Seguran\u00e7a P\u00fablica da Bahia com equipes do Rio. O vereador afirma que aguarda esclarecimentos da Secretaria.<\/p>\n\n\n\n<p>E negou, tr\u00eas vezes, que o conhecesse. Disse que nunca falou com ele e que s\u00f3 sabia de sua cara por fotos publicadas na m\u00eddia. E reafirmou que nunca nem foi apresentado a ele.<\/p>\n\n\n\n<p>O miliciano estava foragido h\u00e1 mais de um ano e era membro da organiza\u00e7\u00e3o tida como Escrit\u00f3rio do Crime, com mandado de pris\u00e3o expedido em janeiro de 2019, pela Opera\u00e7\u00e3o Intoc\u00e1veis 1, da Gaeco do Rio. Adriano era o \u00fanico foragido em opera\u00e7\u00e3o que mirava a mil\u00edcia de Rio das Pedras e da Muzema, Zona Oeste do Rio.<\/p>\n\n\n\n<p>Segundo a Secretaria de Seguran\u00e7a P\u00fablica da Bahia, o ex-capit\u00e3o do Batalh\u00e3o de Opera\u00e7\u00f5es Especiais (Bope0 da Pol\u00edcia Militar do Rio de Janeiro estava sendo monitorado desde que foi ventilado que ele estaria escondido na Bahia.<\/p>\n\n\n\n<p>Em nota, a SSP-BA afirmou que Adriano era suspeito do envolvimento no assassinato de Marielle Franco e de Anderson Gomes, em mar\u00e7o de 2018. Mas o nome do miliciano n\u00e3o consta do inqu\u00e9rito que investiga a morte da vereadora.<\/p>\n\n\n\n<p>Segundo a SSP-BA, o miliciano foi localizado em um im\u00f3vel em Esplanada por equipes do Bope, da Companhia Independente de Policiamento Especializado (Cipe) Litoral Norte e da Superintend\u00eancia de Intelig\u00eancia (SI) da SSP-BA.<\/p>\n\n\n\n<p>A opera\u00e7\u00e3o de localiza\u00e7\u00e3o foi uma a\u00e7\u00e3o conjunta da SSP-BA e da Secretaria de Pol\u00edcia Civil do Rio de Janeiro (Sepol).<\/p>\n\n\n\n<p>A Sepol informa que Adriano da N\u00f3brega era investigado j\u00e1 h\u00e1 um ano, pela Sepol e Gaeco, do Minist\u00e9rio P\u00fablico. Ele estava sendo monitorado.<\/p>\n\n\n\n<p>A SSP-BA disse, ainda, que Adriano resistiu com disparos de arma de fogo e acabou ferido. Chegou a ser socorrido, mas n\u00e3o sobreviveu. Com ele foram encontradas uma pistola 9mm, mais tr\u00eas armas e 13 celulares.<br><\/p>\n\n\n\n<p>Em nota, o Partido Socialismo e Liberdade (PSOL), ao qual Marielle era filiada, disse:<\/p>\n\n\n\n<p>\u201cA Executiva Nacional do PSOL exige esclarecimentos sobre as circunst\u00e2ncias da morte do miliciano e, atrav\u00e9s de sua Executiva Nacional, de sua dire\u00e7\u00e3o regional Bahia e parlamentares, solicitar\u00e1 uma audi\u00eancia com a Secretaria de Seguran\u00e7a P\u00fablica daquele estado para obter maiores informa\u00e7\u00f5es, uma vez que Adriano da N\u00f3brega era pe\u00e7a-chave para revelar os mandantes do assassinato de Marielle e Anderson\u201d.<br><\/p>\n","protected":false},"excerpt":{"rendered":"<p>Jornal GGN \u2013&nbsp;O miliciano e ex-capit\u00e3o da PM do Rio de Janeiro, Adriano N\u00f3brega, morto por policiais militares na manh\u00e3 de hoje, domingo, na cidade de Esplanada (BA), estava escondido no s\u00edtio do vereador do PSL Gilsinho da Ded\u00e9.<\/p>\n","protected":false},"author":1,"featured_media":0,"comment_status":"closed","ping_status":"open","sticky":false,"template":"","format":"standard","meta":{"_exactmetrics_skip_tracking":false,"_exactmetrics_sitenote_active":false,"_exactmetrics_sitenote_note":"","_exactmetrics_sitenote_category":0,"jetpack_post_was_ever_published":false,"_jetpack_newsletter_access":"","_jetpack_dont_email_post_to_subs":false,"_jetpack_newsletter_tier_id":0,"_jetpack_memberships_contains_paywalled_content":false,"_jetpack_memberships_contains_paid_content":false,"footnotes":"","jetpack_publicize_message":"","jetpack_publicize_feature_enabled":true,"jetpack_social_post_already_shared":true,"jetpack_social_options":{"image_generator_settings":{"template":"highway","enabled":false},"version":2}},"categories":[1],"tags":[],"class_list":["post-26450","post","type-post","status-publish","format-standard","hentry","category-notas"],"jetpack_publicize_connections":[],"jetpack_sharing_enabled":true,"jetpack_featured_media_url":"","jetpack_shortlink":"https:\/\/wp.me\/p7wKYW-6SC","jetpack-related-posts":[],"_links":{"self":[{"href":"http:\/\/blogdalucianaoliveira.com.br\/blog\/wp-json\/wp\/v2\/posts\/26450","targetHints":{"allow":["GET"]}}],"collection":[{"href":"http:\/\/blogdalucianaoliveira.com.br\/blog\/wp-json\/wp\/v2\/posts"}],"about":[{"href":"http:\/\/blogdalucianaoliveira.com.br\/blog\/wp-json\/wp\/v2\/types\/post"}],"author":[{"embeddable":true,"href":"http:\/\/blogdalucianaoliveira.com.br\/blog\/wp-json\/wp\/v2\/users\/1"}],"replies":[{"embeddable":true,"href":"http:\/\/blogdalucianaoliveira.com.br\/blog\/wp-json\/wp\/v2\/comments?post=26450"}],"version-history":[{"count":1,"href":"http:\/\/blogdalucianaoliveira.com.br\/blog\/wp-json\/wp\/v2\/posts\/26450\/revisions"}],"predecessor-version":[{"id":26451,"href":"http:\/\/blogdalucianaoliveira.com.br\/blog\/wp-json\/wp\/v2\/posts\/26450\/revisions\/26451"}],"wp:attachment":[{"href":"http:\/\/blogdalucianaoliveira.com.br\/blog\/wp-json\/wp\/v2\/media?parent=26450"}],"wp:term":[{"taxonomy":"category","embeddable":true,"href":"http:\/\/blogdalucianaoliveira.com.br\/blog\/wp-json\/wp\/v2\/categories?post=26450"},{"taxonomy":"post_tag","embeddable":true,"href":"http:\/\/blogdalucianaoliveira.com.br\/blog\/wp-json\/wp\/v2\/tags?post=26450"}],"curies":[{"name":"wp","href":"https:\/\/api.w.org\/{rel}","templated":true}]}}