{"id":26453,"date":"2020-02-10T17:16:43","date_gmt":"2020-02-10T21:16:43","guid":{"rendered":"http:\/\/blogdalucianaoliveira.com.br\/blog\/?p=26453"},"modified":"2020-02-10T17:17:16","modified_gmt":"2020-02-10T21:17:16","slug":"ex-capitao-adriano-e-um-arquivo-morto-que-perseguira-os-bolsonaros","status":"publish","type":"post","link":"http:\/\/blogdalucianaoliveira.com.br\/blog\/2020\/02\/10\/ex-capitao-adriano-e-um-arquivo-morto-que-perseguira-os-bolsonaros\/","title":{"rendered":"Ex-capit\u00e3o Adriano \u00e9 um arquivo-morto que perseguir\u00e1 os Bolsonaros"},"content":{"rendered":"\n<figure class=\"wp-block-image size-large\"><img data-recalc-dims=\"1\" loading=\"lazy\" decoding=\"async\" width=\"500\" height=\"240\" data-attachment-id=\"26454\" data-permalink=\"http:\/\/blogdalucianaoliveira.com.br\/blog\/2020\/02\/10\/ex-capitao-adriano-e-um-arquivo-morto-que-perseguira-os-bolsonaros\/image-29-4\/\" data-orig-file=\"https:\/\/i0.wp.com\/blogdalucianaoliveira.com.br\/blog\/wp-content\/uploads\/2020\/02\/image-29.jpeg?fit=500%2C240\" data-orig-size=\"500,240\" data-comments-opened=\"0\" data-image-meta=\"{&quot;aperture&quot;:&quot;0&quot;,&quot;credit&quot;:&quot;&quot;,&quot;camera&quot;:&quot;&quot;,&quot;caption&quot;:&quot;&quot;,&quot;created_timestamp&quot;:&quot;0&quot;,&quot;copyright&quot;:&quot;&quot;,&quot;focal_length&quot;:&quot;0&quot;,&quot;iso&quot;:&quot;0&quot;,&quot;shutter_speed&quot;:&quot;0&quot;,&quot;title&quot;:&quot;&quot;,&quot;orientation&quot;:&quot;0&quot;}\" data-image-title=\"image-29\" data-image-description=\"\" data-image-caption=\"\" data-medium-file=\"https:\/\/i0.wp.com\/blogdalucianaoliveira.com.br\/blog\/wp-content\/uploads\/2020\/02\/image-29.jpeg?fit=300%2C144\" data-large-file=\"https:\/\/i0.wp.com\/blogdalucianaoliveira.com.br\/blog\/wp-content\/uploads\/2020\/02\/image-29.jpeg?fit=500%2C240\" src=\"https:\/\/i0.wp.com\/blogdalucianaoliveira.com.br\/blog\/wp-content\/uploads\/2020\/02\/image-29.jpeg?resize=500%2C240\" alt=\"\" class=\"wp-image-26454\" srcset=\"https:\/\/i0.wp.com\/blogdalucianaoliveira.com.br\/blog\/wp-content\/uploads\/2020\/02\/image-29.jpeg?w=500 500w, https:\/\/i0.wp.com\/blogdalucianaoliveira.com.br\/blog\/wp-content\/uploads\/2020\/02\/image-29.jpeg?resize=300%2C144 300w\" sizes=\"auto, (max-width: 500px) 100vw, 500px\" \/><\/figure>\n\n\n\n<p>247 &#8211; Marcelo Aimee &#8211; A fam\u00edlia Bolsonaro pode at\u00e9 n\u00e3o ter qualquer envolvimento com a opera\u00e7\u00e3o policial realizada domingo (09\/02), no munic\u00edpio baiano de Esplanada, quando policiais da Bahia, junto com os do Rio de Janeiro, assassinaram o ex-capit\u00e3o da PM do Rio, Adriano N\u00f3brega. Um miliciano que tinha envolvimento direto com os Bolsonaros.\u00a0<\/p>\n\n\n\n<!--more-->\n\n\n\n<p>Por\u00e9m, n\u00e3o basta alegar inoc\u00eancia, assim como a vers\u00e3o oficial da Secretaria de Seguran\u00e7a daquele estado n\u00e3o prescinde de provas. Enquanto estas n\u00e3o forem apresentadas de forma clara e isenta, recair\u00e1 sobre o caso a suspeita de \u201cqueima de arquivo\u201d. Uma suspeita, que certa ou errada, sempre ser\u00e1 associada \u00e0 fam\u00edlia presidencial, at\u00e9 que se prove em contr\u00e1rio.&nbsp;<\/p>\n\n\n\n<p>Afinal, a pr\u00f3pria v\u00edtima, dias antes de ser morta, previu seu assassinato ao seu advogado. Queiram ou n\u00e3o os Bolsonaros, eles ser\u00e3o considerados os principais benefici\u00e1rios desta morte.\u00a0<br><\/p>\n\n\n\n<p>\u00c9 certo que Adriano seria testemunha importante na elucida\u00e7\u00e3o do esc\u00e2ndalo da \u201crachadinha\u201d que o Minist\u00e9rio P\u00fablico do Rio investiga em torno dos servidores do antigo gabinete do deputado estadual Fl\u00e1vio Bolsonaro. Logo, cabe \u00e0 pr\u00f3pria fam\u00edlia do presidente envidar esfor\u00e7os para esclarecer os fatos. Do contr\u00e1rio, a suspeita de \u201cqueima de arquivo\u201d recair\u00e1 eternamente sobre os mesmos<\/p>\n","protected":false},"excerpt":{"rendered":"<p>247 &#8211; Marcelo Aimee &#8211; A fam\u00edlia Bolsonaro pode at\u00e9 n\u00e3o ter qualquer envolvimento com a opera\u00e7\u00e3o policial realizada domingo (09\/02), no munic\u00edpio baiano de Esplanada, quando policiais da Bahia, junto com os do Rio de Janeiro, assassinaram o ex-capit\u00e3o da PM do Rio, Adriano N\u00f3brega. Um miliciano que tinha envolvimento direto com os Bolsonaros.\u00a0<\/p>\n","protected":false},"author":1,"featured_media":0,"comment_status":"closed","ping_status":"open","sticky":false,"template":"","format":"standard","meta":{"_exactmetrics_skip_tracking":false,"_exactmetrics_sitenote_active":false,"_exactmetrics_sitenote_note":"","_exactmetrics_sitenote_category":0,"jetpack_post_was_ever_published":false,"_jetpack_newsletter_access":"","_jetpack_dont_email_post_to_subs":false,"_jetpack_newsletter_tier_id":0,"_jetpack_memberships_contains_paywalled_content":false,"_jetpack_memberships_contains_paid_content":false,"footnotes":"","jetpack_publicize_message":"","jetpack_publicize_feature_enabled":true,"jetpack_social_post_already_shared":true,"jetpack_social_options":{"image_generator_settings":{"template":"highway","enabled":false},"version":2}},"categories":[1],"tags":[],"class_list":["post-26453","post","type-post","status-publish","format-standard","hentry","category-notas"],"jetpack_publicize_connections":[],"jetpack_sharing_enabled":true,"jetpack_featured_media_url":"","jetpack_shortlink":"https:\/\/wp.me\/p7wKYW-6SF","jetpack-related-posts":[],"_links":{"self":[{"href":"http:\/\/blogdalucianaoliveira.com.br\/blog\/wp-json\/wp\/v2\/posts\/26453","targetHints":{"allow":["GET"]}}],"collection":[{"href":"http:\/\/blogdalucianaoliveira.com.br\/blog\/wp-json\/wp\/v2\/posts"}],"about":[{"href":"http:\/\/blogdalucianaoliveira.com.br\/blog\/wp-json\/wp\/v2\/types\/post"}],"author":[{"embeddable":true,"href":"http:\/\/blogdalucianaoliveira.com.br\/blog\/wp-json\/wp\/v2\/users\/1"}],"replies":[{"embeddable":true,"href":"http:\/\/blogdalucianaoliveira.com.br\/blog\/wp-json\/wp\/v2\/comments?post=26453"}],"version-history":[{"count":1,"href":"http:\/\/blogdalucianaoliveira.com.br\/blog\/wp-json\/wp\/v2\/posts\/26453\/revisions"}],"predecessor-version":[{"id":26455,"href":"http:\/\/blogdalucianaoliveira.com.br\/blog\/wp-json\/wp\/v2\/posts\/26453\/revisions\/26455"}],"wp:attachment":[{"href":"http:\/\/blogdalucianaoliveira.com.br\/blog\/wp-json\/wp\/v2\/media?parent=26453"}],"wp:term":[{"taxonomy":"category","embeddable":true,"href":"http:\/\/blogdalucianaoliveira.com.br\/blog\/wp-json\/wp\/v2\/categories?post=26453"},{"taxonomy":"post_tag","embeddable":true,"href":"http:\/\/blogdalucianaoliveira.com.br\/blog\/wp-json\/wp\/v2\/tags?post=26453"}],"curies":[{"name":"wp","href":"https:\/\/api.w.org\/{rel}","templated":true}]}}