{"id":26459,"date":"2020-02-10T21:17:25","date_gmt":"2020-02-11T01:17:25","guid":{"rendered":"http:\/\/blogdalucianaoliveira.com.br\/blog\/?p=26459"},"modified":"2020-02-10T21:17:32","modified_gmt":"2020-02-11T01:17:32","slug":"nesta-terca-feira-tem-bloco-pirarucu-do-madeira-na-feirinha-do-conjunto-santo-antonio","status":"publish","type":"post","link":"http:\/\/blogdalucianaoliveira.com.br\/blog\/2020\/02\/10\/nesta-terca-feira-tem-bloco-pirarucu-do-madeira-na-feirinha-do-conjunto-santo-antonio\/","title":{"rendered":"Nesta ter\u00e7a-feira tem bloco Pirarucu do Madeira na feirinha do conjunto Santo Ant\u00f4nio"},"content":{"rendered":"\n<figure class=\"wp-block-image size-large\"><img data-recalc-dims=\"1\" loading=\"lazy\" decoding=\"async\" width=\"600\" height=\"900\" data-attachment-id=\"26461\" data-permalink=\"http:\/\/blogdalucianaoliveira.com.br\/blog\/2020\/02\/10\/nesta-terca-feira-tem-bloco-pirarucu-do-madeira-na-feirinha-do-conjunto-santo-antonio\/814ad8b0-f683-4cc8-b685-588452da1327\/\" data-orig-file=\"https:\/\/i0.wp.com\/blogdalucianaoliveira.com.br\/blog\/wp-content\/uploads\/2020\/02\/814AD8B0-F683-4CC8-B685-588452DA1327.jpeg?fit=640%2C960\" data-orig-size=\"640,960\" data-comments-opened=\"0\" data-image-meta=\"{&quot;aperture&quot;:&quot;0&quot;,&quot;credit&quot;:&quot;&quot;,&quot;camera&quot;:&quot;&quot;,&quot;caption&quot;:&quot;&quot;,&quot;created_timestamp&quot;:&quot;0&quot;,&quot;copyright&quot;:&quot;&quot;,&quot;focal_length&quot;:&quot;0&quot;,&quot;iso&quot;:&quot;0&quot;,&quot;shutter_speed&quot;:&quot;0&quot;,&quot;title&quot;:&quot;&quot;,&quot;orientation&quot;:&quot;1&quot;}\" data-image-title=\"814AD8B0-F683-4CC8-B685-588452DA1327\" data-image-description=\"\" data-image-caption=\"\" data-medium-file=\"https:\/\/i0.wp.com\/blogdalucianaoliveira.com.br\/blog\/wp-content\/uploads\/2020\/02\/814AD8B0-F683-4CC8-B685-588452DA1327.jpeg?fit=200%2C300\" data-large-file=\"https:\/\/i0.wp.com\/blogdalucianaoliveira.com.br\/blog\/wp-content\/uploads\/2020\/02\/814AD8B0-F683-4CC8-B685-588452DA1327.jpeg?fit=600%2C900\" src=\"https:\/\/i0.wp.com\/blogdalucianaoliveira.com.br\/blog\/wp-content\/uploads\/2020\/02\/814AD8B0-F683-4CC8-B685-588452DA1327.jpeg?resize=600%2C900\" alt=\"\" class=\"wp-image-26461\" srcset=\"https:\/\/i0.wp.com\/blogdalucianaoliveira.com.br\/blog\/wp-content\/uploads\/2020\/02\/814AD8B0-F683-4CC8-B685-588452DA1327.jpeg?w=640 640w, https:\/\/i0.wp.com\/blogdalucianaoliveira.com.br\/blog\/wp-content\/uploads\/2020\/02\/814AD8B0-F683-4CC8-B685-588452DA1327.jpeg?resize=200%2C300 200w\" sizes=\"auto, (max-width: 600px) 100vw, 600px\" \/><\/figure>\n\n\n\n<p>A partir das 19 horas, soam os clarins de momo na tradicional feirinha do conjunto Santo Ant\u00f4nio. <br><br>O bloco Pirarucu do Madeira far\u00e1 uma apresenta\u00e7\u00e3o com a banda Puraqu\u00e9. <br><br>\u00c9  uma parceria com a Associa\u00e7\u00e3o Comunit\u00e1ria Liberdade\u00a0e S\u00e3o Jo\u00e3o Bosco \u2013 ACLIS, que leva o nome de dois bairros de\u00a0Porto Velho.<\/p>\n\n\n\n<!--more-->\n\n\n\n<p>A feirinha que acontece toda ter\u00e7a-feira \u00e9 iniciativa de moradores e oferece lazer, comercializa\u00e7\u00e3o de saborosas comidas e artesanato.\u00a0<br><\/p>\n\n\n\n<p>O repert\u00f3rio da banda \u00e9 tradicional e incluir\u00e1 os frevos do Bloco em\u00a0homenagem aos povos ind\u00edgenas no carnaval deste ano.\u00a0<br><\/p>\n\n\n\n<p>A Maria da Chave, personagem ilustre do carnaval de Porto Velho, confirmou presen\u00e7a. <\/p>\n\n\n\n<p>\u201cFicamos muito felizes com o convite. A feirinha e o Pirarucu do\u00a0Madeira s\u00e3o eventos familiares, democr\u00e1ticos e organizados\u201d, diz Ernande Segismundo, presidente do bloco. <br><\/p>\n\n\n\n<p>A apresenta\u00e7\u00e3o \u00e9 uma pr\u00e9via para o desfile que acontece no domingo, 16, a partir das 16 horas, na esquina da Rog\u00e9rio Weber com a Pinheiro Machado. <br><\/p>\n\n\n\n<figure class=\"wp-block-image size-large\"><img loading=\"lazy\" decoding=\"async\" width=\"1066\" height=\"1280\" data-attachment-id=\"26460\" data-permalink=\"http:\/\/blogdalucianaoliveira.com.br\/blog\/2020\/02\/10\/nesta-terca-feira-tem-bloco-pirarucu-do-madeira-na-feirinha-do-conjunto-santo-antonio\/d9778f2a-e3e8-4903-b210-0a2b38c74380\/\" data-orig-file=\"https:\/\/i0.wp.com\/blogdalucianaoliveira.com.br\/blog\/wp-content\/uploads\/2020\/02\/D9778F2A-E3E8-4903-B210-0A2B38C74380.jpeg?fit=1066%2C1280\" data-orig-size=\"1066,1280\" data-comments-opened=\"0\" data-image-meta=\"{&quot;aperture&quot;:&quot;0&quot;,&quot;credit&quot;:&quot;&quot;,&quot;camera&quot;:&quot;&quot;,&quot;caption&quot;:&quot;&quot;,&quot;created_timestamp&quot;:&quot;0&quot;,&quot;copyright&quot;:&quot;&quot;,&quot;focal_length&quot;:&quot;0&quot;,&quot;iso&quot;:&quot;0&quot;,&quot;shutter_speed&quot;:&quot;0&quot;,&quot;title&quot;:&quot;&quot;,&quot;orientation&quot;:&quot;0&quot;}\" data-image-title=\"D9778F2A-E3E8-4903-B210-0A2B38C74380\" data-image-description=\"\" data-image-caption=\"\" data-medium-file=\"https:\/\/i0.wp.com\/blogdalucianaoliveira.com.br\/blog\/wp-content\/uploads\/2020\/02\/D9778F2A-E3E8-4903-B210-0A2B38C74380.jpeg?fit=250%2C300\" data-large-file=\"https:\/\/i0.wp.com\/blogdalucianaoliveira.com.br\/blog\/wp-content\/uploads\/2020\/02\/D9778F2A-E3E8-4903-B210-0A2B38C74380.jpeg?fit=600%2C720\" src=\"https:\/\/i1.wp.com\/blogdalucianaoliveira.com.br\/blog\/wp-content\/uploads\/2020\/02\/D9778F2A-E3E8-4903-B210-0A2B38C74380.jpeg?fit=600%2C720\" alt=\"\" class=\"wp-image-26460\" srcset=\"https:\/\/i0.wp.com\/blogdalucianaoliveira.com.br\/blog\/wp-content\/uploads\/2020\/02\/D9778F2A-E3E8-4903-B210-0A2B38C74380.jpeg?w=1066 1066w, https:\/\/i0.wp.com\/blogdalucianaoliveira.com.br\/blog\/wp-content\/uploads\/2020\/02\/D9778F2A-E3E8-4903-B210-0A2B38C74380.jpeg?resize=250%2C300 250w, https:\/\/i0.wp.com\/blogdalucianaoliveira.com.br\/blog\/wp-content\/uploads\/2020\/02\/D9778F2A-E3E8-4903-B210-0A2B38C74380.jpeg?resize=853%2C1024 853w, https:\/\/i0.wp.com\/blogdalucianaoliveira.com.br\/blog\/wp-content\/uploads\/2020\/02\/D9778F2A-E3E8-4903-B210-0A2B38C74380.jpeg?resize=768%2C922 768w\" sizes=\"auto, (max-width: 600px) 100vw, 600px\" \/><\/figure>\n","protected":false},"excerpt":{"rendered":"<p>A partir das 19 horas, soam os clarins de momo na tradicional feirinha do conjunto Santo Ant\u00f4nio. O bloco Pirarucu do Madeira far\u00e1 uma apresenta\u00e7\u00e3o com a banda Puraqu\u00e9. \u00c9 uma parceria com a Associa\u00e7\u00e3o Comunit\u00e1ria Liberdade\u00a0e S\u00e3o Jo\u00e3o Bosco \u2013 ACLIS, que leva o nome de dois bairros de\u00a0Porto Velho.<\/p>\n","protected":false},"author":1,"featured_media":0,"comment_status":"closed","ping_status":"open","sticky":false,"template":"","format":"standard","meta":{"_exactmetrics_skip_tracking":false,"_exactmetrics_sitenote_active":false,"_exactmetrics_sitenote_note":"","_exactmetrics_sitenote_category":0,"jetpack_post_was_ever_published":false,"_jetpack_newsletter_access":"","_jetpack_dont_email_post_to_subs":false,"_jetpack_newsletter_tier_id":0,"_jetpack_memberships_contains_paywalled_content":false,"_jetpack_memberships_contains_paid_content":false,"footnotes":"","jetpack_publicize_message":"","jetpack_publicize_feature_enabled":true,"jetpack_social_post_already_shared":true,"jetpack_social_options":{"image_generator_settings":{"template":"highway","enabled":false},"version":2}},"categories":[1],"tags":[],"class_list":["post-26459","post","type-post","status-publish","format-standard","hentry","category-notas"],"jetpack_publicize_connections":[],"jetpack_sharing_enabled":true,"jetpack_featured_media_url":"","jetpack_shortlink":"https:\/\/wp.me\/p7wKYW-6SL","jetpack-related-posts":[],"_links":{"self":[{"href":"http:\/\/blogdalucianaoliveira.com.br\/blog\/wp-json\/wp\/v2\/posts\/26459","targetHints":{"allow":["GET"]}}],"collection":[{"href":"http:\/\/blogdalucianaoliveira.com.br\/blog\/wp-json\/wp\/v2\/posts"}],"about":[{"href":"http:\/\/blogdalucianaoliveira.com.br\/blog\/wp-json\/wp\/v2\/types\/post"}],"author":[{"embeddable":true,"href":"http:\/\/blogdalucianaoliveira.com.br\/blog\/wp-json\/wp\/v2\/users\/1"}],"replies":[{"embeddable":true,"href":"http:\/\/blogdalucianaoliveira.com.br\/blog\/wp-json\/wp\/v2\/comments?post=26459"}],"version-history":[{"count":1,"href":"http:\/\/blogdalucianaoliveira.com.br\/blog\/wp-json\/wp\/v2\/posts\/26459\/revisions"}],"predecessor-version":[{"id":26462,"href":"http:\/\/blogdalucianaoliveira.com.br\/blog\/wp-json\/wp\/v2\/posts\/26459\/revisions\/26462"}],"wp:attachment":[{"href":"http:\/\/blogdalucianaoliveira.com.br\/blog\/wp-json\/wp\/v2\/media?parent=26459"}],"wp:term":[{"taxonomy":"category","embeddable":true,"href":"http:\/\/blogdalucianaoliveira.com.br\/blog\/wp-json\/wp\/v2\/categories?post=26459"},{"taxonomy":"post_tag","embeddable":true,"href":"http:\/\/blogdalucianaoliveira.com.br\/blog\/wp-json\/wp\/v2\/tags?post=26459"}],"curies":[{"name":"wp","href":"https:\/\/api.w.org\/{rel}","templated":true}]}}