{"id":26463,"date":"2020-02-11T07:39:07","date_gmt":"2020-02-11T11:39:07","guid":{"rendered":"http:\/\/blogdalucianaoliveira.com.br\/blog\/?p=26463"},"modified":"2020-02-11T07:39:14","modified_gmt":"2020-02-11T11:39:14","slug":"apos-novo-recorde-na-amazonia-analista-alerta-assistiremos-a-desmatamento-onde-nunca-tivemos","status":"publish","type":"post","link":"http:\/\/blogdalucianaoliveira.com.br\/blog\/2020\/02\/11\/apos-novo-recorde-na-amazonia-analista-alerta-assistiremos-a-desmatamento-onde-nunca-tivemos\/","title":{"rendered":"Ap\u00f3s novo recorde na Amaz\u00f4nia, analista alerta: \u2018Assistiremos a desmatamento onde nunca tivemos\u2019"},"content":{"rendered":"\n<figure class=\"wp-block-image size-large\"><img data-recalc-dims=\"1\" loading=\"lazy\" decoding=\"async\" width=\"600\" height=\"401\" data-attachment-id=\"26464\" data-permalink=\"http:\/\/blogdalucianaoliveira.com.br\/blog\/2020\/02\/11\/apos-novo-recorde-na-amazonia-analista-alerta-assistiremos-a-desmatamento-onde-nunca-tivemos\/image-31-4\/\" data-orig-file=\"https:\/\/i0.wp.com\/blogdalucianaoliveira.com.br\/blog\/wp-content\/uploads\/2020\/02\/image-31.jpeg?fit=768%2C513\" data-orig-size=\"768,513\" data-comments-opened=\"0\" data-image-meta=\"{&quot;aperture&quot;:&quot;0&quot;,&quot;credit&quot;:&quot;&quot;,&quot;camera&quot;:&quot;&quot;,&quot;caption&quot;:&quot;&quot;,&quot;created_timestamp&quot;:&quot;0&quot;,&quot;copyright&quot;:&quot;&quot;,&quot;focal_length&quot;:&quot;0&quot;,&quot;iso&quot;:&quot;0&quot;,&quot;shutter_speed&quot;:&quot;0&quot;,&quot;title&quot;:&quot;&quot;,&quot;orientation&quot;:&quot;0&quot;}\" data-image-title=\"image-31\" data-image-description=\"\" data-image-caption=\"\" data-medium-file=\"https:\/\/i0.wp.com\/blogdalucianaoliveira.com.br\/blog\/wp-content\/uploads\/2020\/02\/image-31.jpeg?fit=300%2C200\" data-large-file=\"https:\/\/i0.wp.com\/blogdalucianaoliveira.com.br\/blog\/wp-content\/uploads\/2020\/02\/image-31.jpeg?fit=600%2C401\" src=\"https:\/\/i0.wp.com\/blogdalucianaoliveira.com.br\/blog\/wp-content\/uploads\/2020\/02\/image-31.jpeg?resize=600%2C401\" alt=\"\" class=\"wp-image-26464\" srcset=\"https:\/\/i0.wp.com\/blogdalucianaoliveira.com.br\/blog\/wp-content\/uploads\/2020\/02\/image-31.jpeg?w=768 768w, https:\/\/i0.wp.com\/blogdalucianaoliveira.com.br\/blog\/wp-content\/uploads\/2020\/02\/image-31.jpeg?resize=300%2C200 300w, https:\/\/i0.wp.com\/blogdalucianaoliveira.com.br\/blog\/wp-content\/uploads\/2020\/02\/image-31.jpeg?resize=449%2C300 449w\" sizes=\"auto, (max-width: 600px) 100vw, 600px\" \/><\/figure>\n\n\n\n<p><br><em>Na an\u00e1lise do pesquisador ouvido pela Sputnik Brasil, possivelmente a falta desse plano estrat\u00e9gico ajuda a entender como o desmatamento possa estar em alta, mesmo em uma \u00e9poca considerada chuvosa na Floresta Amaz\u00f4nia.<\/em><\/p>\n\n\n\n<!--more-->\n\n\n\n<p><br>Do Sputnik Brasil<\/p>\n\n\n\n<p><br>O desmatamento da Amaz\u00f4nia em janeiro bateu um novo recorde, segundo dados oficiais do governo federal. E h\u00e1 espa\u00e7o para piora, a come\u00e7ar pelo atual per\u00edodo de chuvas na regi\u00e3o, por\u00e9m com um poss\u00edvel agravamento de acordo com um especialista ouvido pela Sputnik Brasil.<\/p>\n\n\n\n<p>Segundo n\u00fameros do&nbsp;<a href=\"http:\/\/www.obt.inpe.br\/deter\/\" target=\"_blank\" rel=\"noreferrer noopener\">sistema DETER<\/a>&nbsp;do Instituto Nacional de Pesquisas Espaciais (INPE), o desmatamento na Floresta Amaz\u00f4nica no Brasil&nbsp;<a href=\"https:\/\/br.sputniknews.com\/brasil\/2020020715175487-triste-recorde-desmatamento-em-janeiro-na-amazonia-atinge-marca-historica-sob-bolsonaro\/\" target=\"_blank\" rel=\"noreferrer noopener\">mais que dobrou em janeiro em compara\u00e7\u00e3o com o ano anterior<\/a>. Foram desmatados mais de 280 quil\u00f4metros quadrados, um aumento de 108%.<\/p>\n\n\n\n<p>Foi a maior \u00e1rea desmatada no m\u00eas de janeiro desde 2015, quando esses dados come\u00e7aram a ser coletados. Em compara\u00e7\u00e3o, 136 quil\u00f4metros quadrados foram desmatados em janeiro de 2019, 183 quil\u00f4metros quadrados em 2018 e 58 quil\u00f4metros quadrados em 2017.<\/p>\n\n\n\n<p>Os n\u00fameros seguem uma l\u00f3gica de amplia\u00e7\u00e3o sem precedentes do&nbsp;<a href=\"https:\/\/br.sputniknews.com\/brasil\/2020021015203073-brasil-autoriza-uso-da-forca-nacional-para-combater-o-desmatamento-na-amazonia\/\" target=\"_blank\" rel=\"noreferrer noopener\">desmatamento na Amaz\u00f4nia<\/a>, com crescimento de 85% em 2019 em uma \u00e1rea de 9.166 quil\u00f4metros quadrados \u2013 o n\u00famero mais alto em pelo menos cinco anos \u2013 contra 4.946 quil\u00f4metros quadrados desmatados em 2018.<\/p>\n\n\n\n<p>Em entrevista \u00e0 Sputnik Brasil, o pesquisador s\u00eanior Paulo Moutinho, do Instituto de Pesquisa Ambiental da Amaz\u00f4nia (IPAM), mostrou-se pouco surpreso com os dados do INPE. De acordo com ele, apesar dos esfor\u00e7os feitos pelo governo do presidente Jair Bolsonaro para debelar inc\u00eandios no ano passado, as a\u00e7\u00f5es pararam por a\u00ed.<\/p>\n\n\n\n<blockquote class=\"wp-block-quote is-layout-flow wp-block-quote-is-layout-flow\"><p>\u201cN\u00c3O SURPREENDE TANTO POR UM FATOR MUITO SIMPLES. EMBORA O GOVERNO TENHA FEITO ESFOR\u00c7OS NA \u00c9POCA DAS QUEIMADAS NO ANO PASSADO PARA A REDU\u00c7\u00c3O DOS INC\u00caNDIOS, A FONTE DESSES INC\u00caNDIOS N\u00c3O FOI DEBELADA QUE FOI PRINCIPALMENTE O DESMATAMENTO. O QUE N\u00d3S VIMOS NO ANO PASSADO \u00c9 QUE GRANDE PARTE DO DESMATAMENTO CONTINUOU AP\u00d3S O FIM DAS CHAMAS E ISSO SE REPETE AGORA EM JANEIRO TAMB\u00c9M\u201d, DECLAROU.<\/p><\/blockquote>\n\n\n\n<p>Moutinho exaltou que o governo federal precisa montar e apresentar \u00e0 sociedade um plano estrat\u00e9gico para o combate ao desmatamento ilegal, sob pena dos seguidos recordes registrados pelo INPE \u2013 e os seus consequentes impactos ambientais \u2013 prosseguirem nos estados da regi\u00e3o.<\/p>\n\n\n\n<p>Na an\u00e1lise do pesquisador ouvido pela Sputnik Brasil, possivelmente a falta desse plano estrat\u00e9gico ajuda a entender como o desmatamento possa estar em alta, mesmo em uma \u00e9poca considerada chuvosa na Floresta Amaz\u00f4nia. E \u00e9 com isso que grileiros e madeireiros contam, prosseguiu ele.<\/p>\n\n\n\n<figure class=\"wp-block-image\"><img data-recalc-dims=\"1\" decoding=\"async\" src=\"https:\/\/i0.wp.com\/cdnbr4.img.sputniknews.com\/images\/1428\/13\/14281339.jpg?w=600&#038;ssl=1\" alt=\"Vista a\u00e9rea da reserva florestal amaz\u00f4nica de Trairao, no Par\u00e1, Brasil\"\/><figcaption>Vista a\u00e9rea da reserva florestal amaz\u00f4nica de Trairao, no Par\u00e1, Brasil \u2013 \u00a9 AFP 2019 \/ LUNAE PARRACHO<\/figcaption><\/figure>\n\n\n\n<p>\u201cSe n\u00f3s n\u00e3o temos uma decis\u00e3o do governo sobre aquela grande regi\u00e3o de florestas p\u00fablicas n\u00e3o destinadas em dar um destino \u00e0quelas terras como manda a Lei de Gest\u00e3o de Florestas P\u00fablicas de 2006, isso fica em um certo limbo de quem \u00e9 o dono ali e \u00e9 um prato cheio para a grilagem. Ou seja, quem est\u00e1 fazendo o ato criminoso de se apropriar do patrim\u00f4nio dos brasileiros que s\u00e3o florestas p\u00fablicas [\u2026] s\u00e3o aqueles que est\u00e3o vendo que em algum momento, l\u00e1 na frente, voc\u00ea vai ter a regulariza\u00e7\u00e3o\u201d, explicou.<\/p>\n\n\n\n<p>O governo Bolsonaro j\u00e1 anunciou a cria\u00e7\u00e3o de um conselho para definir pol\u00edticas p\u00fablicas voltadas \u00e0 defesa da Amaz\u00f4nia. Moutinho ponderou que \u00e9 preciso combater essa especula\u00e7\u00e3o imobili\u00e1ria na regi\u00e3o, j\u00e1 que a grilagem hoje \u00e9, diferentemente do passado do Brasil, realizada de forma mais ampla em \u00e1reas p\u00fablicas.<\/p>\n\n\n\n<blockquote class=\"wp-block-quote is-layout-flow wp-block-quote-is-layout-flow\"><p>\u201cA CRIA\u00c7\u00c3O DO CONSELHO \u00c9 BEM-VINDA PORQUE \u00c9 MAIS UMA INST\u00c2NCIA GOVERNAMENTAL PARA DISCUSS\u00c3O DO PROBLEMA QUE DEVE SER TAMB\u00c9M DEBATIDO COM OS GOVERNADORES DA REGI\u00c3O. MAS NECESSITA-SE SER MAIS DO QUE UM CONSELHO, ESSE CONSELHO PODERIA TER UM PAPEL FUNDAMENTAL NA CONSTRU\u00c7\u00c3O DESSE PLANEJAMENTO ESTRAT\u00c9GICO DE COMBATE AO DESMATAMENTO. BUSCANDO AS CAUSAS DO DESMATAMENTO, PRINCIPALMENTE O ILEGAL, QUE HOJE N\u00d3S SABEMOS QUE POR VOLTA DE 40% DA TAXA NOS \u00daLTIMOS DOIS ANOS S\u00c3O RELATIVAS \u00c0 GRILAGEM DE TERRA, OU SEJA, DESMATAMENTO EM TERRA P\u00daBLICA, EM FLORESTA P\u00daBLICA, ENT\u00c3O \u00c9 PRECISO QUE VOC\u00ca ESTRUTURE UM PLANO DE M\u00c9DIO E LONGO PRAZO, E N\u00c3O DE CURTO PRAZO, PARA QUE VOC\u00ca D\u00ca CONTA DESSE DESAFIO QUE \u00c9 O COMBATE \u00c0 GRILAGEM E O DESMATAMENTO ILEGAL\u201d, AFIRMOU.<\/p><\/blockquote>\n\n\n\n<p>Para Moutinho, o temor maior come\u00e7a pela in\u00e9rcia do governo federal, que em mais de uma oportunidade mostrou-se pouco aberto a dialogar com pol\u00edticos estaduais, ecologistas, cientistas e outros entes da sociedade civil. A ideia da gest\u00e3o Bolsonaro para a Amaz\u00f4nia gera tanta controv\u00e9rsia que Alemanha e Noruega congelaram suas participa\u00e7\u00f5es no Fundo Amaz\u00f4nia.<\/p>\n\n\n\n<p>\u201cSe o governo tomar as a\u00e7\u00f5es para a constru\u00e7\u00e3o desse plano estrat\u00e9gico de longo prazo de combate ao desmatamento, eu acho que n\u00f3s teremos um cen\u00e1rio um pouco melhor. Se houver a\u00e7\u00f5es espor\u00e1dicas, espasm\u00f3dicas, para esse controle, continuaremos assistindo ao desmatamento principalmente nas florestas e terras p\u00fablicas na regi\u00e3o. Portanto, \u00e9 fundamental a estrutura\u00e7\u00e3o de estrat\u00e9gias de longo prazo. Caso contr\u00e1rio, eu n\u00e3o vejo uma melhora, pelo contr\u00e1rio, vejo um agravamento da situa\u00e7\u00e3o do fogo principalmente na pr\u00f3xima temporada de seca\u201d, previu.<\/p>\n\n\n\n<h3 class=\"wp-block-heading\">Minera\u00e7\u00e3o em terras ind\u00edgenas<\/h3>\n\n\n\n<p>Al\u00e9m de uma atua\u00e7\u00e3o mais altiva de Bras\u00edlia, a Amaz\u00f4nia e sua conserva\u00e7\u00e3o tamb\u00e9m est\u00e3o no centro de outra pol\u00eamica, e que pode ter s\u00e9rios impactos. Bolsonaro quer permitir o avan\u00e7o da minera\u00e7\u00e3o e do agroneg\u00f3cio em \u00e1reas ind\u00edgenas,&nbsp;<a href=\"https:\/\/br.sputniknews.com\/brasil\/2020020515103639-sonho-diz-bolsonaro-ao-assinar-projeto-que-regulamenta-garimpo-em-terras-indigenas\/\" target=\"_blank\" rel=\"noreferrer noopener\">algo que classificou como um \u201csonho\u201d<\/a>&nbsp;que teria \u2013 a proposta ainda ser\u00e1 analisada pelo Congresso.<\/p>\n\n\n\n<p>Na opini\u00e3o do analista ouvido pela Sputnik Brasil, a medida n\u00e3o pode ser implementada sem ouvir principalmente os ind\u00edgenas, respons\u00e1veis pelo que o pesquisador chamou de menores taxas de desmatamento da regi\u00e3o amaz\u00f4nica \u2013 \u00e1reas de conserva\u00e7\u00e3o protegidas por lei e estruturas militares tamb\u00e9m contribuem, segundo ele, para o bem do meio ambiente.<\/p>\n\n\n\n<p>O pesquisador do IPAM lembrou que as atividades previstas pelo governo para serem liberadas na Amaz\u00f4nia (minera\u00e7\u00e3o, agroneg\u00f3cio, a explora\u00e7\u00e3o de recursos h\u00eddricos para a gera\u00e7\u00e3o de energia) tendem a trazer s\u00e9rios problemas.<\/p>\n\n\n\n<blockquote class=\"wp-block-quote is-layout-flow wp-block-quote-is-layout-flow\"><p>\u201cISSO IMPLICA EM UMA INFRAESTRUTURA DE ACESSO QUE ABRE UMA REGI\u00c3O, GERALMENTE DE MANEIRA DESORDENADA, CUJO RESULTADO DESSA EQUA\u00c7\u00c3O \u00c9 O AUMENTO DO DESMATAMENTO E FOGO FLORESTAL. SE ISSO N\u00c3O FOR FEITO DE FORMA BASTANTE ORDENADA, COM UMA DECIS\u00c3O DEIXADA A CARGO DOS IND\u00cdGENAS DE UMA MANEIRA EM QUE ELES POSSAM TOMAR UMA DECIS\u00c3O SOBERANA E BEM FORMADA, EU ACHO QUE N\u00d3S IREMOS ASSISTIR AO DESMATAMENTO ONDE N\u00d3S NUNCA TIVEMOS ANTES QUE \u00c9 NESSAS UNIDADES PROTEGIDAS DA AMAZ\u00d4NIA\u201d, ALERTOU.<\/p><\/blockquote>\n\n\n\n<p>O especialista do IPAM ainda relembrou que a seguran\u00e7a alimentar do Brasil precisa ser considerada, sobretudo em tempos de aumentos crescentes do desmatamento na Amaz\u00f4nia.<\/p>\n\n\n\n<figure class=\"wp-block-image\"><img data-recalc-dims=\"1\" decoding=\"async\" src=\"https:\/\/i0.wp.com\/cdnbr4.img.sputniknews.com\/images\/1489\/02\/14890273.jpg?w=600&#038;ssl=1\" alt=\"Presidente Jair Bolsonaro ao lado do ministro do Meio Ambiente, Ricardo Salles, durante evento em SP\"\/><figcaption>Presidente Jair Bolsonaro ao lado do ministro do Meio Ambiente, Ricardo Salles, durante evento em SP \u2013 \u00a9 FOLHAPRESS \/ F\u00c1BIO VIEIRA \/ FOTORUA<\/figcaption><\/figure>\n\n\n\n<p>\u201c[H\u00e1] uma implica\u00e7\u00e3o como j\u00e1 vem sendo mostrada pela ci\u00eancia para a produ\u00e7\u00e3o do pr\u00f3prio agroneg\u00f3cio. Hoje, em grande parte do sistema de irriga\u00e7\u00e3o gigante que \u00e9 a Floresta Amaz\u00f4nica, ele \u00e9 conservado pelas popula\u00e7\u00f5es ind\u00edgenas. Isto tem um valor astron\u00f4mico que temos que colocar na conta. Se h\u00e1 a possibilidade de expans\u00e3o nas \u00e1reas j\u00e1 abertas do agroneg\u00f3cio e de expans\u00e3o da sua produtividade, isto est\u00e1 intimamente ligado \u00e0 prote\u00e7\u00e3o de recursos naturais pelos ind\u00edgenas. \u00c9 preciso que se entenda isso, explicou.\u201d<\/p>\n\n\n\n<blockquote class=\"wp-block-quote is-layout-flow wp-block-quote-is-layout-flow\"><p>\u201cN\u00d3S N\u00c3O ESTAMOS FALANDO DE PROCESSOS PURAMENTE DE PROTE\u00c7\u00c3O DO MEIO AMBIENTE, OU DE UMA POSI\u00c7\u00c3O XIITA COMO COSTUMA-SE COLOCAR NA RELA\u00c7\u00c3O COM A AMAZ\u00d4NIA EM TERMOS DE PROTE\u00c7\u00c3O, O QUE N\u00d3S ESTAMOS FALANDO \u00c9 VOC\u00ca N\u00c3O TER CONDI\u00c7\u00d5ES DE PRODU\u00c7\u00c3O PARA MANTER A PRODUTIVIDADE NOS PR\u00d3XIMOS ANOS E NAS PR\u00d3XIMAS D\u00c9CADAS, E PIOR, ABRINDO FLANCOS DE SEGURAN\u00c7A ALIMENTAR QUE NECESSARIAMENTE EST\u00c1 RELACIONADA COM SEGURAN\u00c7A NACIONAL. ENT\u00c3O MANTER FLORESTA EM P\u00c9 \u00c9 BOM PARA O AGRONEG\u00d3CIO, \u00c9 BOM PARA O FUTURO DO BRASIL EM TERMOS DE IRRIGA\u00c7\u00c3O PARA FORA DA AMAZ\u00d4NIA, \u00c9 CERTAMENTE \u00c9 A ESCOLHA DE MUITOS IND\u00cdGENAS, A GRANDE MAIORIA, DE MANTER O SEU MODO DE VIDA ONDE N\u00c3O H\u00c1 MINERA\u00c7\u00c3O, AGRONEG\u00d3CIO OU QUALQUER OUTRO TIPO DE ATIVIDADE ECON\u00d4MICA MAIS CONTEMPOR\u00c2NEA\u201d, ACRESCENTOU.<\/p><\/blockquote>\n\n\n\n<p>A ampla necessidade de defesa da floresta,\u00a0<a rel=\"noreferrer noopener\" href=\"https:\/\/br.sputniknews.com\/brasil\/2020020715154874-exercito-ve-franca-como-principal-ameaca-estrategica-ao-brasil-nos-proximos-20-anos-diz-jornal\/\" target=\"_blank\">n\u00e3o para o benef\u00edcio de na\u00e7\u00f5es estrangeiras<\/a>\u00a0como alardeado pelo governo Bolsonaro em mais de uma oportunidade, \u00e9 o que faz Moutinho e o IPAM se manterem dispostos e abertos ao di\u00e1logo.<\/p>\n\n\n\n<p>\u201cN\u00e3o adianta voc\u00ea adotar um posicionamento inflex\u00edvel na quest\u00e3o ambiental porque isso n\u00e3o vai avan\u00e7ar para lugar nenhum. O que vale a pena \u00e9 engajar em discuss\u00f5es construtivas e, principalmente, cient\u00edficas que \u00e9 o nosso DNA aqui no instituto, para que voc\u00ea possa com essa qualifica\u00e7\u00e3o tomar decis\u00f5es melhores. O que \u00e9 fundamental e a sociedade brasileira precisa entender \u00e9 que, sem informa\u00e7\u00f5es qualificadas e t\u00e9cnicas, bem embasadas, sejam com experi\u00eancias no ch\u00e3o, seja com uma ci\u00eancia mais embasada na literatura e na academia, n\u00f3s n\u00e3o vamos tomar decis\u00f5es boas. A gente n\u00e3o pode na Amaz\u00f4nia tomar decis\u00f5es no achismo, porque essa \u00e9 a hist\u00f3ria da regi\u00e3o\u201d, concluiu.<\/p>\n","protected":false},"excerpt":{"rendered":"<p>Na an\u00e1lise do pesquisador ouvido pela Sputnik Brasil, possivelmente a falta desse plano estrat\u00e9gico ajuda a entender como o desmatamento possa estar em alta, mesmo em uma \u00e9poca considerada chuvosa na Floresta Amaz\u00f4nia.<\/p>\n","protected":false},"author":1,"featured_media":0,"comment_status":"closed","ping_status":"open","sticky":false,"template":"","format":"standard","meta":{"_exactmetrics_skip_tracking":false,"_exactmetrics_sitenote_active":false,"_exactmetrics_sitenote_note":"","_exactmetrics_sitenote_category":0,"jetpack_post_was_ever_published":false,"_jetpack_newsletter_access":"","_jetpack_dont_email_post_to_subs":false,"_jetpack_newsletter_tier_id":0,"_jetpack_memberships_contains_paywalled_content":false,"_jetpack_memberships_contains_paid_content":false,"footnotes":"","jetpack_publicize_message":"","jetpack_publicize_feature_enabled":true,"jetpack_social_post_already_shared":true,"jetpack_social_options":{"image_generator_settings":{"template":"highway","enabled":false},"version":2}},"categories":[1],"tags":[],"class_list":["post-26463","post","type-post","status-publish","format-standard","hentry","category-notas"],"jetpack_publicize_connections":[],"jetpack_sharing_enabled":true,"jetpack_featured_media_url":"","jetpack_shortlink":"https:\/\/wp.me\/p7wKYW-6SP","jetpack-related-posts":[],"_links":{"self":[{"href":"http:\/\/blogdalucianaoliveira.com.br\/blog\/wp-json\/wp\/v2\/posts\/26463","targetHints":{"allow":["GET"]}}],"collection":[{"href":"http:\/\/blogdalucianaoliveira.com.br\/blog\/wp-json\/wp\/v2\/posts"}],"about":[{"href":"http:\/\/blogdalucianaoliveira.com.br\/blog\/wp-json\/wp\/v2\/types\/post"}],"author":[{"embeddable":true,"href":"http:\/\/blogdalucianaoliveira.com.br\/blog\/wp-json\/wp\/v2\/users\/1"}],"replies":[{"embeddable":true,"href":"http:\/\/blogdalucianaoliveira.com.br\/blog\/wp-json\/wp\/v2\/comments?post=26463"}],"version-history":[{"count":1,"href":"http:\/\/blogdalucianaoliveira.com.br\/blog\/wp-json\/wp\/v2\/posts\/26463\/revisions"}],"predecessor-version":[{"id":26465,"href":"http:\/\/blogdalucianaoliveira.com.br\/blog\/wp-json\/wp\/v2\/posts\/26463\/revisions\/26465"}],"wp:attachment":[{"href":"http:\/\/blogdalucianaoliveira.com.br\/blog\/wp-json\/wp\/v2\/media?parent=26463"}],"wp:term":[{"taxonomy":"category","embeddable":true,"href":"http:\/\/blogdalucianaoliveira.com.br\/blog\/wp-json\/wp\/v2\/categories?post=26463"},{"taxonomy":"post_tag","embeddable":true,"href":"http:\/\/blogdalucianaoliveira.com.br\/blog\/wp-json\/wp\/v2\/tags?post=26463"}],"curies":[{"name":"wp","href":"https:\/\/api.w.org\/{rel}","templated":true}]}}