{"id":26466,"date":"2020-02-11T12:01:09","date_gmt":"2020-02-11T16:01:09","guid":{"rendered":"http:\/\/blogdalucianaoliveira.com.br\/blog\/?p=26466"},"modified":"2020-02-11T12:01:20","modified_gmt":"2020-02-11T16:01:20","slug":"quem-sao-os-parasitas-leitores-reagem-a-guedes-e-aos-militares","status":"publish","type":"post","link":"http:\/\/blogdalucianaoliveira.com.br\/blog\/2020\/02\/11\/quem-sao-os-parasitas-leitores-reagem-a-guedes-e-aos-militares\/","title":{"rendered":"Quem s\u00e3o os \u201cparasitas\u201d? Leitores reagem a Guedes e aos militares"},"content":{"rendered":"\n<figure class=\"wp-block-image\"><img data-recalc-dims=\"1\" decoding=\"async\" src=\"https:\/\/i0.wp.com\/observatoriodaimprensa.com.br\/wp-content\/uploads\/2020\/02\/6-Age%25CC%2582ncia-Brasil.jpeg?w=600\" alt=\"\"\/><\/figure>\n\n\n\n<p><\/p>\n\n\n\n<p>A rea\u00e7\u00e3o a dois assuntos ocupou quase todo o espa\u00e7o do Painel do Leitor da&nbsp;<em>Folha<\/em>&nbsp;no domingo, dia 9: Paulo Guedes chamar os servidores p\u00fablicos de \u201cparasitas\u201d e o estudo da Escola Superior de Guerra em que o alto oficialato brasileiro, sem ter o mais o que fazer, prev\u00ea um cen\u00e1rio geopol\u00edtico para 2040, definindo a Fran\u00e7a como nossa grande inimiga.<\/p>\n\n\n\n<!--more-->\n\n\n\n<p><em>No Balaio do Kotscho<\/em><\/p>\n\n\n\n<p>Embora, \u00e0 primeira vista, pare\u00e7am assuntos t\u00e3o distintos, os dois se entrela\u00e7am nos coment\u00e1rios dos leitores, que expressam melhor o sentimento dos brasileiros do que todos os analistas juntos, incluindo este blogueiro.<\/p>\n\n\n\n<p>O ministro Guedes tocou num vespeiro ao falar em \u201cparasitas\u201d e despertou a indigna\u00e7\u00e3o do leitorado a respeito do papel dos militares e da sua serventia para o pa\u00eds. \u201cVamos dar um trabalho para essa gente!\u201d, pediu o leitor Renilson J\u00fanior, de Valpara\u00edso de Goi\u00e1s.<\/p>\n\n\n\n<p>Depois de ler todas as cartas dos leitores, achei melhor reproduzir alguns trechos aqui abaixo do que escrever uma nova e repetitiva coluna, pois j\u00e1 disse tudo o que penso a respeito do capit\u00e3o e seus generais de pijama.<\/p>\n\n\n\n<p><strong>Amea\u00e7a francesa<\/strong><br>\u201c\u2018Elite militar brasileira v\u00ea Fran\u00e7a como amea\u00e7a nos pr\u00f3ximos 20 anos\u2019 (Mundo, 7\/2). Isso \u00e9 coisa de quem n\u00e3o tem o que fazer. Esses, sim, senhor Guedes, s\u00e3o os parasitas da na\u00e7\u00e3o. E falando em cortar despesas, para que precisamos de For\u00e7as Armadas? E desse tamanho?\u201d Ademar G. Feiteiro (S\u00e3o Paulo, SP).<\/p>\n\n\n\n<p>\u201cSer\u00e1 que agora v\u00e3o entender por que Bolsonaro quer introduzir o ensino militar para todas as nossas crian\u00e7as? Inovar\u00e1 na difus\u00e3o e normaliza\u00e7\u00e3o da estupidez humana\u201d. Marcio Francisco Colombo (S\u00e3o Jos\u00e9 do Rio Preto, SP).<\/p>\n\n\n\n<p>\u201cComo \u00e9 que oficiais que consomem parte significativa do or\u00e7amento com sal\u00e1rios, aposentadorias e benef\u00edcios conseguem produzir tantos devaneios? A Fran\u00e7a j\u00e1 tirou sarro, saudando a \u2018imagina\u00e7\u00e3o sem limites dos autores\u2019. Essa gente n\u00e3o tem vergonha?\u201d Luigi Antonioni (Jo\u00e3o Pessoa, PB).<\/p>\n\n\n\n<p>\u201c\u00c9 s\u00e9rio isso? Essa tal \u2018elite militar\u2019 fez esse relat\u00f3rio e colocou a Fran\u00e7a como a nossa maior amea\u00e7a? Meu Deus, que tipo de t\u00f3xico essa gente usa? Gastamos bilh\u00f5es com esses in\u00fateis para eles ficarem fazendo roteiro de filme B? Que porcaria \u00e9 essa, meu povo? Bora bot\u00e1-los para construir hospitais, melhorar a educa\u00e7\u00e3o e a seguran\u00e7a\u201d. Marcos Oliveira (S\u00e3o Paulo, SP).<\/p>\n\n\n\n<p>\u201c\u00c9 nisso que d\u00e1 esse tanto de militar in\u00fatil no Brasil. Ganham muito, trabalham pouco e t\u00eam tempo de sobra para assistir a filmes de apocalipse na TV. Vamos dar um trabalho para essa gente!\u201d. Renilson J\u00fanior (Valpara\u00edso de Goi\u00e1s, GO).<\/p>\n\n\n\n<p><strong>Parasitas<\/strong><br>\u201c\u2018Guedes compara servidor a parasita e Estado a hospedeiro\u2019 (Poder, 8\/2). (\u2026) Gostaria muito que o ministro Guedes me dissesse onde est\u00e3o esses parasitas. Desconfio que estejam bem pr\u00f3ximos dele\u201d. Beatriz Ferraz Diniz (S\u00e3o Paulo, SP).<\/p>\n\n\n\n<p>\u201c(\u2026) Ministro Guedes, o senhor \u00e9 um mero servidor p\u00fablico (eu n\u00e3o sou), e n\u00e3o mais um banqueiro. Veja a sua&nbsp;<em>entourage<\/em>&nbsp;e diga quem muitos dos brasileiros consideram parasitas, imprest\u00e1veis e mercen\u00e1rios de aluguel\u201d. Maria Ester de Freitas (S\u00e3o Paulo, SP).<\/p>\n\n\n\n<p>\u201c(\u2026) A fala de Guedes \u00e9 triste e revela falta de conhecimento para o cargo que ocupa. Que ele se aproxime de funcion\u00e1rios p\u00fablicos e certamente descobrir\u00e1 quanta gente competente e abnegada se dedica diariamente \u00e0 melhoria da qualidade de vida desse mesmo povo que o ministro insufla covardemente contra os servidores\u201d. Gustavo Zorzella Vaz (Bauru, SP).<\/p>\n\n\n\n<p>\u201cO problema n\u00e3o s\u00e3o os parasitas. O problema s\u00e3o esses sanguessugas tempor\u00e1rios que, em pouqu\u00edssimo tempo, fazem estragos que levam anos para ser sanados\u201d. Dario Thomaz (Novo Hamburgo, RS).<\/p>\n\n\n\n<p>\u201cGuedes deveria disponibilizar o diagn\u00f3stico, os textos e as pesquisas em que se baseia para fazer essas afirma\u00e7\u00f5es. Como leitor, desconfio que n\u00e3o haja nada disso e que suas afirma\u00e7\u00f5es s\u00e3o feitas com base apenas em ideias vagas e preconceitos\u201d. Renato Ven\u00e2ncio (S\u00e3o Paulo, SP).<\/p>\n\n\n\n<p>Um \u00fanico leitor, Gilberto Alvaro, de Jaboticatubas, MG, saiu em defesa de Guedes: \u201cQuem est\u00e1 na iniciativa privada sabe o quanto \u00e9 cobrado e fica indignado com a qualidade do atendimento dos servidores p\u00fablicos. Exce\u00e7\u00f5es existem, mas s\u00e3o poucas\u201d.<\/p>\n\n\n\n<p>S\u00e3o leitores de diferentes regi\u00f5es do pa\u00eds e mostram o alcance nacional do jornal, dando a cada dia o term\u00f4metro do sentimento popular.<\/p>\n\n\n\n<p>Se eu fosse editor da&nbsp;<em>Folha<\/em>, aumentaria o espa\u00e7o para os leitores e diminuiria os artigos. Eles pensam e escrevem melhor do que o ministro da Educa\u00e7\u00e3o e o chefe dele.<\/p>\n\n\n\n<p>Todos os leitores ganhariam com isso.<\/p>\n\n\n\n<p>Vida que segue.<\/p>\n\n\n\n<p><strong>***<\/strong><\/p>\n\n\n\n<p><strong>Ricardo Kotscho<\/strong>&nbsp;\u00e9 jornalista.<\/p>\n","protected":false},"excerpt":{"rendered":"<p>A rea\u00e7\u00e3o a dois assuntos ocupou quase todo o espa\u00e7o do Painel do Leitor da&nbsp;Folha&nbsp;no domingo, dia 9: Paulo Guedes chamar os servidores p\u00fablicos de \u201cparasitas\u201d e o estudo da Escola Superior de Guerra em que o alto oficialato brasileiro, sem ter o mais o que fazer, prev\u00ea um cen\u00e1rio geopol\u00edtico para 2040, definindo a&#8230;<a class=\"more-link\" href=\"http:\/\/blogdalucianaoliveira.com.br\/blog\/2020\/02\/11\/quem-sao-os-parasitas-leitores-reagem-a-guedes-e-aos-militares\/\">Continue a leitura <span class=\"meta-nav\">&raquo;<\/span><\/a><\/p>\n","protected":false},"author":1,"featured_media":0,"comment_status":"closed","ping_status":"open","sticky":false,"template":"","format":"standard","meta":{"_exactmetrics_skip_tracking":false,"_exactmetrics_sitenote_active":false,"_exactmetrics_sitenote_note":"","_exactmetrics_sitenote_category":0,"jetpack_post_was_ever_published":false,"_jetpack_newsletter_access":"","_jetpack_dont_email_post_to_subs":false,"_jetpack_newsletter_tier_id":0,"_jetpack_memberships_contains_paywalled_content":false,"_jetpack_memberships_contains_paid_content":false,"footnotes":"","jetpack_publicize_message":"","jetpack_publicize_feature_enabled":true,"jetpack_social_post_already_shared":true,"jetpack_social_options":{"image_generator_settings":{"template":"highway","enabled":false},"version":2}},"categories":[1],"tags":[],"class_list":["post-26466","post","type-post","status-publish","format-standard","hentry","category-notas"],"jetpack_publicize_connections":[],"jetpack_sharing_enabled":true,"jetpack_featured_media_url":"","jetpack_shortlink":"https:\/\/wp.me\/p7wKYW-6SS","jetpack-related-posts":[],"_links":{"self":[{"href":"http:\/\/blogdalucianaoliveira.com.br\/blog\/wp-json\/wp\/v2\/posts\/26466","targetHints":{"allow":["GET"]}}],"collection":[{"href":"http:\/\/blogdalucianaoliveira.com.br\/blog\/wp-json\/wp\/v2\/posts"}],"about":[{"href":"http:\/\/blogdalucianaoliveira.com.br\/blog\/wp-json\/wp\/v2\/types\/post"}],"author":[{"embeddable":true,"href":"http:\/\/blogdalucianaoliveira.com.br\/blog\/wp-json\/wp\/v2\/users\/1"}],"replies":[{"embeddable":true,"href":"http:\/\/blogdalucianaoliveira.com.br\/blog\/wp-json\/wp\/v2\/comments?post=26466"}],"version-history":[{"count":1,"href":"http:\/\/blogdalucianaoliveira.com.br\/blog\/wp-json\/wp\/v2\/posts\/26466\/revisions"}],"predecessor-version":[{"id":26467,"href":"http:\/\/blogdalucianaoliveira.com.br\/blog\/wp-json\/wp\/v2\/posts\/26466\/revisions\/26467"}],"wp:attachment":[{"href":"http:\/\/blogdalucianaoliveira.com.br\/blog\/wp-json\/wp\/v2\/media?parent=26466"}],"wp:term":[{"taxonomy":"category","embeddable":true,"href":"http:\/\/blogdalucianaoliveira.com.br\/blog\/wp-json\/wp\/v2\/categories?post=26466"},{"taxonomy":"post_tag","embeddable":true,"href":"http:\/\/blogdalucianaoliveira.com.br\/blog\/wp-json\/wp\/v2\/tags?post=26466"}],"curies":[{"name":"wp","href":"https:\/\/api.w.org\/{rel}","templated":true}]}}