{"id":26470,"date":"2020-02-11T12:17:07","date_gmt":"2020-02-11T16:17:07","guid":{"rendered":"http:\/\/blogdalucianaoliveira.com.br\/blog\/?p=26470"},"modified":"2020-02-11T12:17:14","modified_gmt":"2020-02-11T16:17:14","slug":"bolsonaro-esta-perdendo-o-controle-narrativo-nas-redes-aponta-levantamento","status":"publish","type":"post","link":"http:\/\/blogdalucianaoliveira.com.br\/blog\/2020\/02\/11\/bolsonaro-esta-perdendo-o-controle-narrativo-nas-redes-aponta-levantamento\/","title":{"rendered":"Bolsonaro est\u00e1 perdendo o controle narrativo nas redes, aponta levantamento"},"content":{"rendered":"\n<figure class=\"wp-block-image\"><img data-recalc-dims=\"1\" decoding=\"async\" src=\"https:\/\/i0.wp.com\/publisher-publish.s3.eu-central-1.amazonaws.com\/pb-brasil247\/swp\/jtjeq9\/media\/2020021108020_f32adafab678aa799cc68ddf24c11c731db00a8d40b9455281cf3c69021f9232.jpeg?w=600&#038;ssl=1\" alt=\"Jair Bolsonaro deixa Pal\u00e1cio da Alvorada\"\/><\/figure>\n\n\n\n<p><\/p>\n\n\n\n<p><strong>247&nbsp;<\/strong>&#8211; Jair Bolsonaro viu seu desempenho piorar nas redes sociais em janeiro. De acordo com um monitoramento de imagem feito pela empresa AP Exata, Bolsonaro teve em janeiro o equivalente a 14 dias de men\u00e7\u00f5es cr\u00edticas ante 16 dias em que os apoios dominaram as redes. No come\u00e7o de fevereiro, o monitoramento indica que o mau humor em rela\u00e7\u00e3o ao governo continua. At\u00e9 domingo (9), foram seis dias negativos, dois neutros e um positivo.<\/p>\n\n\n\n<!--more-->\n\n\n\n<p>Segundo o diretor da AP Exata, Sergio Denicoli, &#8220;Bolsonaro est\u00e1 perdendo o controle narrativo nas redes&#8221;. &#8220;Em janeiro de 2019, ele n\u00e3o tinha esse dom\u00ednio por causa da polariza\u00e7\u00e3o eleitoral e da revela\u00e7\u00e3o do caso (Fabr\u00edcio) Queiroz (ex-assessor parlamentar de Fl\u00e1vio Bolsonaro suspeito de pr\u00e1tica de rachadinha). Depois, ele conseguiu impor suas narrativas e estabilizou, mas agora come\u00e7a a perder essa capacidade novamente&#8221;, complementou. Seu relato foi publicado no&nbsp;<a target=\"_blank\" href=\"https:\/\/politica.estadao.com.br\/noticias\/geral,desempenho-de-bolsonaro-nas-redes-piora,70003193106\" rel=\"noreferrer noopener\">jornal O Estado de S.Paulo<\/a>.<\/p>\n\n\n\n<p>Alguns fatores contribu\u00edram para desgastar o governo e faz\u00ea-lo perder apoio nas redes sociais, como a demiss\u00e3o do ex-secret\u00e1rio de Cultura Roberto Alvim, ap\u00f3s v\u00eddeo em alus\u00e3o ao nazismo, em 17 de janeiro, erros na corre\u00e7\u00e3o das provas do Exame Nacional do Ensino M\u00e9dio (Enem), o desgaste com o ministro S\u00e9rgio Moro (Justi\u00e7a), que poderia perder tamb\u00e9m o comando da Seguran\u00e7a P\u00fablica, e a demiss\u00e3o de um auxiliar por uso de um jato da For\u00e7a A\u00e9rea Brasileira (FAB). Outro pico de cr\u00edticas aconteceu no dia 8 de janeiro, quando Bolsonaro faz uma transmiss\u00e3o ao vivo para acompanhar fala do presidente americano, Donaldo Trump.<br><\/p>\n\n\n\n<p>O dirigente da AP Exata afirmou que o eleitorado de Bolsonaro n\u00e3o demonstra neste ano a mesma disposi\u00e7\u00e3o para defender o ocupante do Planalto. &#8220;O sil\u00eancio prejudica Bolsonaro. Para ele, \u00e9 importante que as pessoas se manifestem a favor dele, mas s\u00e3o posicionamentos t\u00e3o fortes&nbsp;<em>(feitos pelo presidente)<\/em>&nbsp;que as pessoas come\u00e7am a ficar mais receosas. \u00c9 dif\u00edcil manter este grau de milit\u00e2ncia durante quatro anos&#8221;.<\/p>\n\n\n\n<p>De acordo com o levantamento, 3 de janeiro deste ano foi o dia em que Bolsonaro teve o maior n\u00famero de coment\u00e1rios negativos desde a posse. Um dia ap\u00f3s o ataque dos EUA no Iraque que matou o general iraniano Qassim Suleimani, internautas tinham receio que o Brasil ficasse alinhado com os americanos criaram a hashtag #BolsonaroFicaCalado.<br><\/p>\n","protected":false},"excerpt":{"rendered":"<p>247&nbsp;&#8211; Jair Bolsonaro viu seu desempenho piorar nas redes sociais em janeiro. De acordo com um monitoramento de imagem feito pela empresa AP Exata, Bolsonaro teve em janeiro o equivalente a 14 dias de men\u00e7\u00f5es cr\u00edticas ante 16 dias em que os apoios dominaram as redes. No come\u00e7o de fevereiro, o monitoramento indica que o&#8230;<a class=\"more-link\" href=\"http:\/\/blogdalucianaoliveira.com.br\/blog\/2020\/02\/11\/bolsonaro-esta-perdendo-o-controle-narrativo-nas-redes-aponta-levantamento\/\">Continue a leitura <span class=\"meta-nav\">&raquo;<\/span><\/a><\/p>\n","protected":false},"author":1,"featured_media":0,"comment_status":"closed","ping_status":"open","sticky":false,"template":"","format":"standard","meta":{"_exactmetrics_skip_tracking":false,"_exactmetrics_sitenote_active":false,"_exactmetrics_sitenote_note":"","_exactmetrics_sitenote_category":0,"jetpack_post_was_ever_published":false,"_jetpack_newsletter_access":"","_jetpack_dont_email_post_to_subs":false,"_jetpack_newsletter_tier_id":0,"_jetpack_memberships_contains_paywalled_content":false,"_jetpack_memberships_contains_paid_content":false,"footnotes":"","jetpack_publicize_message":"","jetpack_publicize_feature_enabled":true,"jetpack_social_post_already_shared":true,"jetpack_social_options":{"image_generator_settings":{"template":"highway","enabled":false},"version":2}},"categories":[1],"tags":[],"class_list":["post-26470","post","type-post","status-publish","format-standard","hentry","category-notas"],"jetpack_publicize_connections":[],"jetpack_sharing_enabled":true,"jetpack_featured_media_url":"","jetpack_shortlink":"https:\/\/wp.me\/p7wKYW-6SW","jetpack-related-posts":[],"_links":{"self":[{"href":"http:\/\/blogdalucianaoliveira.com.br\/blog\/wp-json\/wp\/v2\/posts\/26470","targetHints":{"allow":["GET"]}}],"collection":[{"href":"http:\/\/blogdalucianaoliveira.com.br\/blog\/wp-json\/wp\/v2\/posts"}],"about":[{"href":"http:\/\/blogdalucianaoliveira.com.br\/blog\/wp-json\/wp\/v2\/types\/post"}],"author":[{"embeddable":true,"href":"http:\/\/blogdalucianaoliveira.com.br\/blog\/wp-json\/wp\/v2\/users\/1"}],"replies":[{"embeddable":true,"href":"http:\/\/blogdalucianaoliveira.com.br\/blog\/wp-json\/wp\/v2\/comments?post=26470"}],"version-history":[{"count":1,"href":"http:\/\/blogdalucianaoliveira.com.br\/blog\/wp-json\/wp\/v2\/posts\/26470\/revisions"}],"predecessor-version":[{"id":26471,"href":"http:\/\/blogdalucianaoliveira.com.br\/blog\/wp-json\/wp\/v2\/posts\/26470\/revisions\/26471"}],"wp:attachment":[{"href":"http:\/\/blogdalucianaoliveira.com.br\/blog\/wp-json\/wp\/v2\/media?parent=26470"}],"wp:term":[{"taxonomy":"category","embeddable":true,"href":"http:\/\/blogdalucianaoliveira.com.br\/blog\/wp-json\/wp\/v2\/categories?post=26470"},{"taxonomy":"post_tag","embeddable":true,"href":"http:\/\/blogdalucianaoliveira.com.br\/blog\/wp-json\/wp\/v2\/tags?post=26470"}],"curies":[{"name":"wp","href":"https:\/\/api.w.org\/{rel}","templated":true}]}}