{"id":26472,"date":"2020-02-11T12:24:43","date_gmt":"2020-02-11T16:24:43","guid":{"rendered":"http:\/\/blogdalucianaoliveira.com.br\/blog\/?p=26472"},"modified":"2020-02-11T12:24:51","modified_gmt":"2020-02-11T16:24:51","slug":"papa-cinquenta-pessoas-podem-salvar-milhoes-de-vidas","status":"publish","type":"post","link":"http:\/\/blogdalucianaoliveira.com.br\/blog\/2020\/02\/11\/papa-cinquenta-pessoas-podem-salvar-milhoes-de-vidas\/","title":{"rendered":"Papa: \u201cCinquenta pessoas podem salvar milh\u00f5es de vidas\u201d"},"content":{"rendered":"\n<figure class=\"wp-block-image\"><img decoding=\"async\" src=\"https:\/\/lh3.googleusercontent.com\/proxy\/jqMbQw_k2jmZSXkbuK3-J4OvN1gv0vHrQ7QXyqIvnZKgxKpmSWar54N7vZtwGQMa1SjqXpWcQTZB8TLi0JxHEDq-xCl6avjwav8LYN1zFt6NqqnKarSV-3CEGq6s5NYpmpaSlSP2AiEp\" alt=\"Resultado de imagem para Papa: \u201cCinquenta pessoas podem salvar milh\u00f5es de vidas\u201d\"\/><\/figure>\n\n\n\n<p>\u201cAs 50 pessoas mais ricas do mundo, sozinhas, poderiam financiar a assist\u00eancia m\u00e9dica e a educa\u00e7\u00e3o de todas as crian\u00e7as pobres\u201d. Tamb\u00e9m \u201cpoderiam salvar milh\u00f5es de vidas a cada ano\u201d.<\/p>\n\n\n\n<!--more-->\n\n\n\n<p>No Humanitas Unisinos <\/p>\n\n\n\n<p>Foi o que o&nbsp;<strong>Papa Francisco<\/strong>&nbsp;enfatizou ao se dirigir aos participantes do workshop sobre \u201c<a href=\"http:\/\/www.ihu.unisinos.br\/596172\" target=\"_blank\" rel=\"noreferrer noopener\">Novas formas de fraternidade solid\u00e1ria, inclus\u00e3o, integra\u00e7\u00e3o e inova\u00e7\u00e3o<\/a>\u201d, organizado pela&nbsp;<strong>Pontif\u00edcia Academia das Ci\u00eancias Sociais<\/strong>.<\/p>\n\n\n\n<p>O pont\u00edfice os encontrou na tarde de quarta-feira, 5 de fevereiro, na&nbsp;<strong>Casina Pio IV<\/strong>, nos&nbsp;<strong>Jardins Vaticanos<\/strong>. O jornal&nbsp;<strong>L\u2019Osservatore Romano<\/strong>, 07-02-2020, publicou o discurso na \u00edntegra. A tradu\u00e7\u00e3o \u00e9 de&nbsp;<strong>Mois\u00e9s Sbardelotto<\/strong>.<\/p>\n\n\n\n<p><em>Chegada e trecho da fala do papa Francisco no encontro<\/em>:\u00a0<\/p>\n\n\n\n<figure class=\"wp-block-embed-youtube wp-block-embed is-type-video is-provider-youtube wp-embed-aspect-4-3 wp-has-aspect-ratio\"><div class=\"wp-block-embed__wrapper\">\n<div class=\"jetpack-video-wrapper\"><iframe loading=\"lazy\" title=\"Novas formas de fraternidade solid\u00e1ria, inclus\u00e3o, integra\u00e7\u00e3o e inova\u00e7\u00e3o - Papa Francisco\" width=\"600\" height=\"450\" src=\"https:\/\/www.youtube.com\/embed\/yd2KGtOu4M4?feature=oembed\" frameborder=\"0\" allow=\"accelerometer; autoplay; clipboard-write; encrypted-media; gyroscope; picture-in-picture; web-share\" referrerpolicy=\"strict-origin-when-cross-origin\" allowfullscreen><\/iframe><\/div>\n<\/div><\/figure>\n\n\n\n<h3 class=\"wp-block-heading\">Eis o discurso.<\/h3>\n\n\n\n<p>Senhoras e senhores, boa tarde. Quero lhes expressar minha gratid\u00e3o por este encontro. Aproveitemos este novo in\u00edcio de ano para construir pontes, pontes que favore\u00e7am o desenvolvimento de um olhar solid\u00e1rio a partir dos bancos, das finan\u00e7as, dos governos e das decis\u00f5es econ\u00f4micas. Precisamos de muitas vozes capazes de pensar, a partir de uma perspectiva poli\u00e9drica, as diversas dimens\u00f5es de um problema global que afeta os nossos povos e as nossas democracias.<\/p>\n\n\n\n<p>O mundo \u00e9 rico, no entanto, os pobres aumentam ao nosso redor. Segundo relat\u00f3rios oficiais, a renda mundial deste ano ser\u00e1 de quase 12.000 d\u00f3lares per capita. Entretanto, centenas de milh\u00f5es de pessoas ainda est\u00e3o mergulhadas na pobreza extrema &#8211; Papa Francisco<a href=\"https:\/\/twitter.com\/intent\/tweet?text=O%20mundo%20%C3%A9%20rico,%20no%20entanto,%20os%20pobres%20aumentam%20ao%20nosso%20redor.%20Segundo%20relat%C3%B3rios%20oficiais,%20a%20renda%20mundial%20deste%20ano%20ser%C3%A1%20de%20quase%2012.000%20d%C3%B3lares%20per%20capita.%20Entretanto,%20centenas%20de%20milh%C3%B5es%20de%20pessoas%20ainda%20est%C3%A3o%20mergulhadas%20na%20pobreza%20extrema%20-%20Papa%20Francisco%20http%3A%2F%2Fwww.ihu.unisinos.br%2F596171-papa-cinquenta-pessoas-podem-salvar-milhoes-de-vidas+via+%40_ihu\">&nbsp;Tweet<\/a><\/p>\n\n\n\n<p>Eu gostaria de come\u00e7ar com um fato. O<strong>&nbsp;<a href=\"http:\/\/www.ihu.unisinos.br\/78-noticias\/594021-1-dos-mais-ricos-possuem-45-de-toda-a-riqueza-pessoal-global-os-50-mais-pobres-ficam-com-menos-de-1\" target=\"_blank\" rel=\"noreferrer noopener\">mundo \u00e9 rico<\/a><\/strong>, no entanto, os&nbsp;<strong>pobres<\/strong>&nbsp;aumentam ao nosso redor. Segundo relat\u00f3rios oficiais, a renda mundial deste ano ser\u00e1 de quase 12.000 d\u00f3lares per capita. Entretanto, centenas de milh\u00f5es de pessoas ainda est\u00e3o mergulhadas na&nbsp;<strong>pobreza extrema<\/strong>&nbsp;e carecem de alimentos, moradia, aten\u00e7\u00e3o m\u00e9dica, escolas, eletricidade, \u00e1gua pot\u00e1vel e servi\u00e7os de saneamento adequados e indispens\u00e1veis. Calcula-se que aproximadamente 5 milh\u00f5es de crian\u00e7as menores de cinco anos morrer\u00e3o neste ano por causa da pobreza. Outros 260 milh\u00f5es de&nbsp;<strong>crian\u00e7as<\/strong>&nbsp;carecer\u00e3o de&nbsp;<strong>educa\u00e7\u00e3o<\/strong>&nbsp;devido \u00e0 falta de recursos, \u00e0s&nbsp;<strong>guerras<\/strong>&nbsp;e \u00e0s&nbsp;<strong>migra\u00e7\u00f5es<\/strong>. Isso em um mundo rico, porque o mundo \u00e9 rico.<\/p>\n\n\n\n<p>Essa situa\u00e7\u00e3o fez com que milh\u00f5es de pessoas sejam&nbsp;<a href=\"http:\/\/www.ihu.unisinos.br\/78-noticias\/596139-o-video-do-papa-em-fevereiro-reze-com-o-papa-pelas-vitimas-do-trafico-humano\" target=\"_blank\" rel=\"noreferrer noopener\">v\u00edtimas do tr\u00e1fico e das novas formas de escravid\u00e3o<\/a>, como o trabalho for\u00e7ado, a prostitui\u00e7\u00e3o e o tr\u00e1fico de \u00f3rg\u00e3os. Elas n\u00e3o contam com nenhum direito e garantia; sequer podem desfrutar da amizade ou da fam\u00edlia.<\/p>\n\n\n\n<p>Essas realidades n\u00e3o devem ser motivo de desespero, n\u00e3o, mas sim de a\u00e7\u00e3o. S\u00e3o realidades que nos movem a que fa\u00e7amos algo.<\/p>\n\n\n\n<p>A extrema pobreza n\u00e3o ser motivo de desespero, n\u00e3o, mas sim de a\u00e7\u00e3o. S\u00e3o realidades que nos movem a que fa\u00e7amos algo. Trata-se de problemas solucion\u00e1veis, e n\u00e3o de falta de recursos&nbsp;&#8211; Papa Francisco<a href=\"https:\/\/twitter.com\/intent\/tweet?text=A%20extrema%20pobreza%20n%C3%A3o%20ser%20motivo%20de%20desespero,%20n%C3%A3o,%20mas%20sim%20de%20a%C3%A7%C3%A3o.%20S%C3%A3o%20realidades%20que%20nos%20movem%20a%20que%20fa%C3%A7amos%20algo.%20Trata-se%20de%20problemas%20solucion%C3%A1veis,%20e%20n%C3%A3o%20de%20falta%20de%20recursos%C2%A0-%20Papa%20Francisco%20http%3A%2F%2Fwww.ihu.unisinos.br%2F596171-papa-cinquenta-pessoas-podem-salvar-milhoes-de-vidas+via+%40_ihu\">&nbsp;Tweet<\/a><\/p>\n\n\n\n<p>A principal mensagem de esperan\u00e7a que quero compartilhar com voc\u00eas \u00e9 precisamente esta: trata-se de problemas solucion\u00e1veis, e n\u00e3o de falta de recursos. N\u00e3o existe um determinismo que nos condene \u00e0 iniquidade universal. Permitam-me repetir: n\u00e3o estamos condenados \u00e0 iniquidade universal. Isso possibilita uma nova forma de assumir os acontecimentos, que permite encontrar e gerar respostas criativas diante do evit\u00e1vel sofrimento de tantos inocentes; isso implica aceitar que, em muitas situa\u00e7\u00f5es, nos deparamos com a falta de vontade e decis\u00e3o para mudar as coisas e principalmente as prioridades. \u00c9-nos pedida a capacidade de nos deixar interpelar, de deixar ca\u00edrem as escalas dos olhos e de ver essas realidades com uma nova luz, uma luz que nos mova \u00e0 a\u00e7\u00e3o.<\/p>\n\n\n\n<p>Um<strong>&nbsp;mundo rico&nbsp;<\/strong>e<strong>&nbsp;uma economia vibrante&nbsp;<\/strong>podem e devem acabar com a<strong>&nbsp;pobreza<\/strong>. Podem-se gerar e estimular din\u00e2micas capazes de incluir, alimentar, cuidar e vestir os \u00faltimos da sociedade, em vez de exclu\u00ed-los. Devemos escolher o que e a quem priorizar: se propiciamos mecanismos socioecon\u00f4micos humanizantes para toda a sociedade ou, pelo contr\u00e1rio, fomentamos um sistema que acaba justificando determinadas pr\u00e1ticas que nada mais fazem do que aumentar o n\u00edvel de injusti\u00e7a e de viol\u00eancia social. O n\u00edveis de<strong>&nbsp;<a href=\"http:\/\/www.ihu.unisinos.br\/78-noticias\/574025-a-piramide-global-da-desigualdade-da-riqueza-2017\" target=\"_blank\" rel=\"noreferrer noopener\">riqueza<\/a><\/strong>&nbsp;e de&nbsp;<strong>t\u00e9cnica<\/strong>&nbsp;acumulados pela humanidade, assim como a import\u00e2ncia e o valor que os direitos humanos adquiriram j\u00e1 n\u00e3o permitem desculpas. Cabe a n\u00f3s sermos conscientes de que todos somos respons\u00e1veis. Isso n\u00e3o significa que todos somos culpados, n\u00e3o; todos somos respons\u00e1veis por fazer algo.<\/p>\n\n\n\n<p>As 50 pessoas mais ricas do mundo t\u00eam um patrim\u00f4nio equivalente a 2,2 bilh\u00f5es de d\u00f3lares. Essas 50 pessoas sozinhas poderiam financiar a aten\u00e7\u00e3o m\u00e9dica e a educa\u00e7\u00e3o de cada crian\u00e7a pobre do mundo&nbsp;&#8211; Papa Francisco<a href=\"https:\/\/twitter.com\/intent\/tweet?text=As%2050%20pessoas%20mais%20ricas%20do%20mundo%20t%C3%AAm%20um%20patrim%C3%B4nio%20equivalente%20a%202,2%20bilh%C3%B5es%20de%20d%C3%B3lares.%20Essas%2050%20pessoas%20sozinhas%20poderiam%20financiar%20a%20aten%C3%A7%C3%A3o%20m%C3%A9dica%20e%20a%20educa%C3%A7%C3%A3o%20de%20cada%20crian%C3%A7a%20pobre%20do%20mundo%C2%A0-%20Papa%20Francisco%20http%3A%2F%2Fwww.ihu.unisinos.br%2F596171-papa-cinquenta-pessoas-podem-salvar-milhoes-de-vidas+via+%40_ihu\">&nbsp;Tweet<\/a><\/p>\n\n\n\n<p>Se a&nbsp;<a href=\"http:\/\/www.ihu.unisinos.br\/78-noticias\/594739-venezuela-e-brasil-lideram-aumento-da-pobreza-extrema-na-america-latina-diz-cepal\" target=\"_blank\" rel=\"noreferrer noopener\">pobreza extrema<\/a>&nbsp;existe no meio da riqueza \u2013 tamb\u00e9m&nbsp;<strong>riqueza extrema<\/strong>&nbsp;\u2013 \u00e9 porque permitimos que a brecha se amplie at\u00e9 se converter na maior da hist\u00f3ria. Estes s\u00e3o dados quase oficiais: as 50 pessoas mais ricas do mundo t\u00eam um patrim\u00f4nio equivalente a 2,2 bilh\u00f5es de d\u00f3lares. Essas 50 pessoas sozinhas poderiam financiar a aten\u00e7\u00e3o m\u00e9dica e a educa\u00e7\u00e3o de cada crian\u00e7a pobre do mundo, seja atrav\u00e9s de impostos, iniciativas filantr\u00f3picas ou ambas as coisas. Essas 50 pessoas poderiam salvar milh\u00f5es de vidas a cada ano.<\/p>\n\n\n\n<p>Eu chamei a&nbsp;<a href=\"http:\/\/www.ihu.unisinos.br\/noticias\/521786-qadao-onde-estas-caim-onde-esta-o-teu-irmao-o-discurso-de-francisco-em-lampedusa\" target=\"_blank\" rel=\"noreferrer noopener\">globaliza\u00e7\u00e3o da indiferen\u00e7a<\/a>&nbsp;de \u201c<strong>ina\u00e7\u00e3o<\/strong>\u201d. S\u00e3o<strong>&nbsp;Jo\u00e3o Paulo II<\/strong>&nbsp;a chamou de \u201c<strong>estruturas de pecado<\/strong>\u201d. Tais estruturas encontram um clima prop\u00edcio para a sua expans\u00e3o sempre que o bem comum \u00e9 reduzido ou limitado a determinados setores ou, no caso que nos convoca, quando a economia e as finan\u00e7as se tornam um fim em si mesmas. \u00c9 a idolatria do dinheiro, a gan\u00e2ncia e a especula\u00e7\u00e3o. E essa realidade se soma agora \u00e0 vertigem tecnol\u00f3gica exponencial, que aumenta a passos jamais vistos a velocidade das transa\u00e7\u00f5es e a possibilidade de produzir ganhos concentrados sem que estejam ligados aos processos produtivos nem \u00e0 economia real. A comunica\u00e7\u00e3o virtual favorece esse tipo de coisas.<\/p>\n\n\n\n<p><strong>Arist\u00f3teles<\/strong>&nbsp;celebra a inven\u00e7\u00e3o da moeda e o seu uso, mas condena firmemente a especula\u00e7\u00e3o financeira, porque nesta \u201co pr\u00f3prio dinheiro se torna produtivo, perdendo sua verdadeira finalidade, que \u00e9 a de facilitar o com\u00e9rcio e a produ\u00e7\u00e3o\u201d (Pol\u00edtica I, 10, 1258b).<\/p>\n\n\n\n<p>Arist\u00f3teles celebra a inven\u00e7\u00e3o da moeda e o seu uso, mas condena firmemente a especula\u00e7\u00e3o financeira, porque nesta \u201co pr\u00f3prio dinheiro se torna produtivo, perdendo sua verdadeira finalidade, que \u00e9 a de facilitar o com\u00e9rcio e a produ\u00e7\u00e3o\u201d (Pol\u00edtica I, 10, 1258b)&nbsp;&nbsp;&#8211; Papa Francisco<a href=\"https:\/\/twitter.com\/intent\/tweet?text=Arist%C3%B3teles%20celebra%20a%20inven%C3%A7%C3%A3o%20da%20moeda%20e%20o%20seu%20uso,%20mas%20condena%20firmemente%20a%20especula%C3%A7%C3%A3o%20financeira,%20porque%20nesta%20%E2%80%9Co%20pr%C3%B3prio%20dinheiro%20se%20torna%20produtivo,%20perdendo%20sua%20verdadeira%20finalidade,%20que%20%C3%A9%20a%20de%20facilitar%20o%20com%C3%A9rcio%20e%20a%20produ%C3%A7%C3%A3o%E2%80%9D%20(Pol%C3%ADtica%20I,%2010,%201258b)%C2%A0%C2%A0-%20Papa%20Francisco%20http%3A%2F%2Fwww.ihu.unisinos.br%2F596171-papa-cinquenta-pessoas-podem-salvar-milhoes-de-vidas+via+%40_ihu\">&nbsp;Tweet<\/a><\/p>\n\n\n\n<p>De maneira semelhante e seguindo a raz\u00e3o iluminada pela f\u00e9, a&nbsp;<strong>doutrina social da Igreja<\/strong>&nbsp;celebra as formas de governo e os bancos \u2013 muitas vezes criados para seu amparo: \u00e9 interessante ver a hist\u00f3ria dos montes de piedade, dos bancos criados para favorecer e colaborar \u2013 quando cumprem sua finalidade, que \u00e9, em \u00faltima an\u00e1lise, buscar o bem comum, a justi\u00e7a social, a paz, assim como o desenvolvimento integral de cada indiv\u00edduo, de cada comunidade humana e de todas as pessoas. No entanto, a Igreja adverte que essas ben\u00e9ficas institui\u00e7\u00f5es, tanto p\u00fablicas quanto privadas, podem decair em&nbsp;<strong>estruturas de pecado<\/strong>. Estou utilizando a qualifica\u00e7\u00e3o de S\u00e3o<strong>&nbsp;Jo\u00e3o Paulo II<\/strong>.<\/p>\n\n\n\n<p>As&nbsp;<a href=\"http:\/\/www.ihu.unisinos.br\/78-noticias\/589861-zamagni-para-o-papa-nao-basta-proclamar-os-principios-e-preciso-mudar-as-estruturas-de-pecado\" target=\"_blank\" rel=\"noreferrer noopener\">estruturas de pecado<\/a>&nbsp;hoje incluem repetidos cortes de impostos para as pessoas mais ricas, justificados muitas vezes em nome do investimento e do desenvolvimento; para\u00edsos fiscais para os ganhos privados e corporativos; e, \u00e9 claro, a possibilidade de corrup\u00e7\u00e3o por parte de algumas das maiores empresas do mundo, n\u00e3o poucas vezes em sintonia com algum setor pol\u00edtico governante.<\/p>\n\n\n\n<p>A cada ano, centenas de bilh\u00f5es de d\u00f3lares, que deveriam ser pagos em impostos para financiar a aten\u00e7\u00e3o m\u00e9dica e a educa\u00e7\u00e3o, acumulam-se em contas de&nbsp;<a href=\"http:\/\/www.ihu.unisinos.br\/78-noticias\/593523-os-paraisos-fiscais-servem-para-todos-os-tipos-de-fraude-entrevista-com-maxim-renahy\" target=\"_blank\" rel=\"noreferrer noopener\">para\u00edsos fiscais<\/a>, impedindo, assim, a possibilidade do desenvolvimento digno e sustent\u00e1vel de todos os atores sociais.<\/p>\n\n\n\n<p>O n\u00edveis de riqueza e de t\u00e9cnica acumulados pela humanidade, assim como a import\u00e2ncia e o valor que os direitos humanos adquiriram j\u00e1 n\u00e3o permitem desculpas. Cabe a n\u00f3s sermos conscientes de que todos somos respons\u00e1veis. Isso n\u00e3o significa que todos somos culpados, n\u00e3o; todos somos respons\u00e1veis por fazer algo&nbsp;&nbsp;&#8211; Papa Francisco<a href=\"https:\/\/twitter.com\/intent\/tweet?text=O%20n%C3%ADveis%20de%20riqueza%20e%20de%20t%C3%A9cnica%20acumulados%20pela%20humanidade,%20assim%20como%20a%20import%C3%A2ncia%20e%20o%20valor%20que%20os%20direitos%20humanos%20adquiriram%20j%C3%A1%20n%C3%A3o%20permitem%20desculpas.%20Cabe%20a%20n%C3%B3s%20sermos%20conscientes%20de%20que%20todos%20somos%20respons%C3%A1veis.%20Isso%20n%C3%A3o%20significa%20que%20todos%20somos%20culpados,%20n%C3%A3o;%20todos%20somos%20respons%C3%A1veis%20por%20fazer%20algo%C2%A0%C2%A0-%20Papa%20Francisco%20http%3A%2F%2Fwww.ihu.unisinos.br%2F596171-papa-cinquenta-pessoas-podem-salvar-milhoes-de-vidas+via+%40_ihu\">&nbsp;Tweet<\/a><\/p>\n\n\n\n<p>As pessoas empobrecidas em pa\u00edses muito endividados suportam encargos tribut\u00e1rios assustadores e&nbsp;<strong>cortes nos servi\u00e7os sociais<\/strong>, \u00e0 medida que seus governos pagam d\u00edvidas contra\u00eddas insens\u00edvel e insustentavelmente. De fato, a d\u00edvida p\u00fablica contra\u00edda, em muitos casos para impulsionar e incentivar o desenvolvimento econ\u00f4mico e produtivo de um pa\u00eds, pode se constituir em um fator que danifica e prejudica o tecido social. Quando acaba se orientando para outra finalidade.<\/p>\n\n\n\n<p>Assim como existe uma co-irresponsabilidade em rela\u00e7\u00e3o a esse dano provocado \u00e0 economia e \u00e0 sociedade, tamb\u00e9m existe uma corresponsabilidade inspiradora e esperan\u00e7adora de criar um clima de fraternidade e de renovada confian\u00e7a que abrace em conjunto a busca de solu\u00e7\u00f5es inovadoras e humanizantes.<\/p>\n\n\n\n<p>\u00c9 bom recordar que n\u00e3o existe uma lei m\u00e1gica ou invis\u00edvel que nos condene ao congelamento ou \u00e0 paralisia diante da&nbsp;<strong>injusti\u00e7a<\/strong>. E, menos ainda, uma racionalidade econ\u00f4mica que pressuponha que a pessoa humana \u00e9 simplesmente uma acumuladora de benef\u00edcios individuais alheios \u00e0 sua condi\u00e7\u00e3o de ser social.<\/p>\n\n\n\n<p>As exig\u00eancias morais de S\u00e3o<strong>&nbsp;Jo\u00e3o Paulo II<\/strong>&nbsp;em 1991 s\u00e3o assombrosamente atuais hoje: \u201c<em>Com certeza \u00e9 justo o princ\u00edpio de que as d\u00edvidas devem ser pagas; n\u00e3o \u00e9 l\u00edcito, por\u00e9m, pedir ou pretender um pagamento, quando esse levaria de fato a impor op\u00e7\u00f5es pol\u00edticas tais que condenariam \u00e0 fome e ao desespero popula\u00e7\u00f5es inteiras. N\u00e3o se pode pretender que as d\u00edvidas contra\u00eddas sejam pagas com sacrif\u00edcios insuport\u00e1veis. Nestes casos, \u00e9 necess\u00e1rio \u2013 como, ali\u00e1s, est\u00e1 acontecendo em certa medida \u2013 encontrar modalidades para mitigar, reescalonar ou at\u00e9 cancelar a d\u00edvida, compat\u00edveis com o direito fundamental dos povos \u00e0 subsist\u00eancia e ao progresso<\/em>\u201d (<em><strong>Centesimus annus<\/strong><\/em>, n. 35).<\/p>\n\n\n\n<p>De fato, os&nbsp;<a href=\"http:\/\/www.ihu.unisinos.br\/78-noticias\/570530-os-objetivos-do-desenvolvimento-sustentavel-e-o-combate-a-pobreza-na-america-latina\" target=\"_blank\" rel=\"noreferrer noopener\">Objetivos de Desenvolvimento Sustent\u00e1vel<\/a>&nbsp;aprovados por unanimidade por todas as na\u00e7\u00f5es tamb\u00e9m reconhecem esse ponto \u2013 \u00e9 um ponto humano \u2013 e exortam todos os povos a \u201c<em>ajudar os pa\u00edses em desenvolvimento a alcan\u00e7ar a sustentabilidade da d\u00edvida de longo prazo por meio de pol\u00edticas coordenadas destinadas a promover o financiamento, a redu\u00e7\u00e3o e a reestrutura\u00e7\u00e3o da d\u00edvida, conforme apropriado, e tratar da d\u00edvida externa dos pa\u00edses pobres altamente endividados para reduzir o&nbsp;<strong>superendividamento<\/strong><\/em>\u201d (ODS, 17.4).<\/p>\n\n\n\n<p>Nisso devem consistir as novas formas de solidariedade que hoje nos convocam aqui, quando pensamos no mundo banc\u00e1rio e financeiro: na ajuda para o desenvolvimento dos povos deixados para tr\u00e1s e o nivelamento entre os pa\u00edses que gozam de um determinado padr\u00e3o e n\u00edvel de desenvolvimento determinados com aqueles impossibilitados de garantir o m\u00ednimo necess\u00e1rio para suas popula\u00e7\u00f5es. Solidariedade e economia para a uni\u00e3o, n\u00e3o para a divis\u00e3o, com a s\u00e3 e clara consci\u00eancia da corresponsabilidade.<\/p>\n\n\n\n<p>N\u00e3o existe um determinismo que nos condene \u00e0 iniquidade universal. Permitam-me repetir: n\u00e3o estamos condenados \u00e0 iniquidade universal&nbsp;&nbsp;&#8211; Papa Francisco<a href=\"https:\/\/twitter.com\/intent\/tweet?text=N%C3%A3o%20existe%20um%20determinismo%20que%20nos%20condene%20%C3%A0%20iniquidade%20universal.%20Permitam-me%20repetir:%20n%C3%A3o%20estamos%20condenados%20%C3%A0%20iniquidade%20universal%C2%A0%C2%A0-%20Papa%20Francisco%20http%3A%2F%2Fwww.ihu.unisinos.br%2F596171-papa-cinquenta-pessoas-podem-salvar-milhoes-de-vidas+via+%40_ihu\">&nbsp;Tweet<\/a><\/p>\n\n\n\n<p>Praticamente da\u00ed \u00e9 necess\u00e1rio afirmar que a maior estrutura de pecado, ou a maior estrutura da&nbsp;<strong>injusti\u00e7a<\/strong>, \u00e9 a pr\u00f3pria ind\u00fastria da guerra, uma vez que \u00e9 dinheiro e tempo a servi\u00e7o da divis\u00e3o e da morte. O mundo perde a cada ano bilh\u00f5es de d\u00f3lares em armamentos e viol\u00eancia, somas que acabariam com a pobreza e o analfabetismo se pudessem ser redirecionadas.<\/p>\n\n\n\n<p>Verdadeiramente&nbsp;<strong>Isa\u00edas<\/strong>&nbsp;falou em nome de Deus para toda a humanidade quando previu o dia do Senhor em que \u201ccom suas espadas forjar\u00e3o arados, e com as lan\u00e7as, foices\u201d (Is 2,4). Sigamo-lo!<\/p>\n\n\n\n<p>H\u00e1 mais de 70 anos, a&nbsp;<a href=\"http:\/\/www.ihu.unisinos.br\/78-noticias\/585369-direitos-humanos-precisam-ser-sempre-lembrados-artigo-de-leo-heller\" target=\"_blank\" rel=\"noreferrer noopener\">Declara\u00e7\u00e3o Universal dos Direitos Humanos das Na\u00e7\u00f5es Unidas<\/a>&nbsp;comprometeu todos os seus Estados membros a cuidarem dos pobres em suas terras e em seus lares, e em todo o mundo, isto \u00e9, na casa comum; todo o mundo \u00e9 a casa comum. Os governos reconheceram que a prote\u00e7\u00e3o social, a renda b\u00e1sica, a aten\u00e7\u00e3o m\u00e9dica para todos e a educa\u00e7\u00e3o universal eram inerentes \u00e0 dignidade humana fundamental e, portanto, aos direitos humanos fundamentais.<\/p>\n\n\n\n<p>Esses direitos econ\u00f4micos e um ambiente seguro para todos s\u00e3o a medida mais b\u00e1sica da solidariedade humana. E a boa not\u00edcia \u00e9 que, embora em 1948 esses objetivos n\u00e3o estivessem ao alcance imediato, hoje, com um mundo muito mais desenvolvido e interconectado, sim, est\u00e3o. Progrediu-se nesse sentido.<\/p>\n\n\n\n<p>Voc\u00eas, que t\u00e3o amavelmente se reuniram aqui, s\u00e3o os l\u00edderes financeiros e especialistas em economia do mundo. Junto com seus colegas, ajudam a estabelecer as regras tribut\u00e1rias globais, a informar o p\u00fablico global sobre a nossa condi\u00e7\u00e3o econ\u00f4mica e a assessorar os governos do mundo sobre os or\u00e7amentos. Voc\u00eas conhecem em primeira m\u00e3o quais s\u00e3o as injusti\u00e7as da nossa economia global atual ou as injusti\u00e7as de cada pa\u00eds.<\/p>\n\n\n\n<p>Trabalhemos juntos para acabar com essas&nbsp;<strong>injusti\u00e7as<\/strong>. Quando os organismos multilaterais de cr\u00e9dito assessoram as diferentes na\u00e7\u00f5es, \u00e9 importante levar em conta os elevados conceitos da justi\u00e7a fiscal, os or\u00e7amentos p\u00fablicos respons\u00e1veis em seu endividamento e, acima de tudo, a promo\u00e7\u00e3o efetiva e protagonista dos mais pobres na trama social. Lembrem-nos da sua responsabilidade de proporcionar assist\u00eancia para o desenvolvimento \u00e0s na\u00e7\u00f5es empobrecidas e al\u00edvio da d\u00edvida para as na\u00e7\u00f5es muito endividadas. Lembrem-nos do imperativo de deter as&nbsp;<a href=\"http:\/\/www.ihu.unisinos.br\/78-noticias\/592819-clima-global-em-2015-2019-mudancas-climaticas-aceleram\" target=\"_blank\" rel=\"noreferrer noopener\">mudan\u00e7as clim\u00e1ticas<\/a>&nbsp;provocadas pelo homem, como todas as na\u00e7\u00f5es prometeram, para que n\u00e3o destruamos as bases da nossa casa comum.<\/p>\n\n\n\n<p>Uma&nbsp;<strong>nova \u00e9tica<\/strong>&nbsp;pressup\u00f5e sermos conscientes da necessidade de que todos se comprometam a trabalhar juntos para fechar os abrigos fiscais, evitar a evas\u00e3o e a lavagem de dinheiro que roubam a sociedade, assim como dizer \u00e0s na\u00e7\u00f5es a import\u00e2ncia de defender a&nbsp;<strong>justi\u00e7a<\/strong>&nbsp;e o&nbsp;<strong>bem comum<\/strong>&nbsp;sobre os interesses das empresas e multinacionais mais poderosas \u2013 que acabam asfixiando e impedindo a produ\u00e7\u00e3o local. O tempo presente exige e reclama que se ponha de lado uma l\u00f3gica insular e antag\u00f4nica como \u00fanico mecanismo autorizado para a solu\u00e7\u00e3o dos conflitos, para dar lugar a outra l\u00f3gica, capaz de promover a interconex\u00e3o que propicia uma cultura do encontro, em que se renovem as bases s\u00f3lidas de um&nbsp;<a href=\"http:\/\/www.ihu.unisinos.br\/78-noticias\/589076-economia-de-francisco-assis-26-28-de-marco-de-2020-mensagem-do-papa-francisco-para-o-evento\" target=\"_blank\" rel=\"noreferrer noopener\">nova arquitetura financeira internacional<\/a>.<\/p>\n\n\n\n<p>Nesse contexto, em que o desenvolvimento de alguns setores sociais e financeiros alcan\u00e7ou n\u00edveis nunca antes vistos, como \u00e9 importante lembrar as palavras do&nbsp;<strong>Evangelho de Lucas<\/strong>: \u201cA quem muito se d\u00e1, muito ser\u00e1 exigido\u201d (12,48). Como \u00e9 inspirador escutar&nbsp;<strong>Santo Ambr\u00f3sio<\/strong>, que pensa com o Evangelho: \u201cTu (rico) n\u00e3o d\u00e1s do que \u00e9 teu ao pobre [quando fazes caridade], mas est\u00e1s lhe entregando o que \u00e9 dele. Pois tu est\u00e1s usando sozinho a propriedade comum dada em uso para todos\u201d (Naboth 12,53). Esse \u00e9 o princ\u00edpio do destino universal dos bens, a base da justi\u00e7a econ\u00f4mica e social, assim como do bem comum.<\/p>\n\n\n\n<p>Alegro-me com a presen\u00e7a de voc\u00eas hoje aqui. Celebremos a oportunidade de nos saber copart\u00edcipes da obra do Senhor, que pode mudar o curso da hist\u00f3ria em benef\u00edcio da dignidade de cada pessoa de hoje e de amanh\u00e3, especialmente dos&nbsp;<strong>exclu\u00eddos<\/strong>, e em benef\u00edcio do grande bem da paz. Esforcemo-nos juntos, com humildade e sabedoria, a servir \u00e0 justi\u00e7a internacional e intergeracional. Temos uma esperan\u00e7a ilimitada no ensinamento de Jesus de que os pobres em esp\u00edrito sejam aben\u00e7oados e felizes, porque deles \u00e9 o Reino dos c\u00e9us (cf. Mt 5,3), que j\u00e1 come\u00e7a aqui e agora.<\/p>\n\n\n\n<p>Muito obrigado! E, por favor, vou fazer um pedido, n\u00e3o \u00e9 um empr\u00e9stimo: n\u00e3o se esque\u00e7a de rezar por mim, porque este trabalho que me cabe fazer n\u00e3o \u00e9 nada f\u00e1cil, e eu invoco sobre voc\u00eas todas as b\u00ean\u00e7\u00e3os, sobre voc\u00eas e o seus trabalhos.<br><\/p>\n","protected":false},"excerpt":{"rendered":"<p>\u201cAs 50 pessoas mais ricas do mundo, sozinhas, poderiam financiar a assist\u00eancia m\u00e9dica e a educa\u00e7\u00e3o de todas as crian\u00e7as pobres\u201d. Tamb\u00e9m \u201cpoderiam salvar milh\u00f5es de vidas a cada ano\u201d.<\/p>\n","protected":false},"author":1,"featured_media":0,"comment_status":"closed","ping_status":"open","sticky":false,"template":"","format":"standard","meta":{"_exactmetrics_skip_tracking":false,"_exactmetrics_sitenote_active":false,"_exactmetrics_sitenote_note":"","_exactmetrics_sitenote_category":0,"jetpack_post_was_ever_published":false,"_jetpack_newsletter_access":"","_jetpack_dont_email_post_to_subs":false,"_jetpack_newsletter_tier_id":0,"_jetpack_memberships_contains_paywalled_content":false,"_jetpack_memberships_contains_paid_content":false,"footnotes":"","jetpack_publicize_message":"","jetpack_publicize_feature_enabled":true,"jetpack_social_post_already_shared":true,"jetpack_social_options":{"image_generator_settings":{"template":"highway","enabled":false},"version":2}},"categories":[1],"tags":[],"class_list":["post-26472","post","type-post","status-publish","format-standard","hentry","category-notas"],"jetpack_publicize_connections":[],"jetpack_sharing_enabled":true,"jetpack_featured_media_url":"","jetpack_shortlink":"https:\/\/wp.me\/p7wKYW-6SY","jetpack-related-posts":[],"_links":{"self":[{"href":"http:\/\/blogdalucianaoliveira.com.br\/blog\/wp-json\/wp\/v2\/posts\/26472","targetHints":{"allow":["GET"]}}],"collection":[{"href":"http:\/\/blogdalucianaoliveira.com.br\/blog\/wp-json\/wp\/v2\/posts"}],"about":[{"href":"http:\/\/blogdalucianaoliveira.com.br\/blog\/wp-json\/wp\/v2\/types\/post"}],"author":[{"embeddable":true,"href":"http:\/\/blogdalucianaoliveira.com.br\/blog\/wp-json\/wp\/v2\/users\/1"}],"replies":[{"embeddable":true,"href":"http:\/\/blogdalucianaoliveira.com.br\/blog\/wp-json\/wp\/v2\/comments?post=26472"}],"version-history":[{"count":1,"href":"http:\/\/blogdalucianaoliveira.com.br\/blog\/wp-json\/wp\/v2\/posts\/26472\/revisions"}],"predecessor-version":[{"id":26473,"href":"http:\/\/blogdalucianaoliveira.com.br\/blog\/wp-json\/wp\/v2\/posts\/26472\/revisions\/26473"}],"wp:attachment":[{"href":"http:\/\/blogdalucianaoliveira.com.br\/blog\/wp-json\/wp\/v2\/media?parent=26472"}],"wp:term":[{"taxonomy":"category","embeddable":true,"href":"http:\/\/blogdalucianaoliveira.com.br\/blog\/wp-json\/wp\/v2\/categories?post=26472"},{"taxonomy":"post_tag","embeddable":true,"href":"http:\/\/blogdalucianaoliveira.com.br\/blog\/wp-json\/wp\/v2\/tags?post=26472"}],"curies":[{"name":"wp","href":"https:\/\/api.w.org\/{rel}","templated":true}]}}