{"id":26477,"date":"2020-02-12T07:43:09","date_gmt":"2020-02-12T11:43:09","guid":{"rendered":"http:\/\/blogdalucianaoliveira.com.br\/blog\/?p=26477"},"modified":"2020-02-12T07:43:17","modified_gmt":"2020-02-12T11:43:17","slug":"denuncias-de-agressao-a-mulher-na-internet-disparam-em-2019","status":"publish","type":"post","link":"http:\/\/blogdalucianaoliveira.com.br\/blog\/2020\/02\/12\/denuncias-de-agressao-a-mulher-na-internet-disparam-em-2019\/","title":{"rendered":"Den\u00fancias de agress\u00e3o \u00e0 mulher na internet disparam em 2019"},"content":{"rendered":"\n<figure class=\"wp-block-image size-large\"><img data-recalc-dims=\"1\" loading=\"lazy\" decoding=\"async\" width=\"600\" height=\"400\" data-attachment-id=\"26478\" data-permalink=\"http:\/\/blogdalucianaoliveira.com.br\/blog\/2020\/02\/12\/denuncias-de-agressao-a-mulher-na-internet-disparam-em-2019\/image-33-4\/\" data-orig-file=\"https:\/\/i0.wp.com\/blogdalucianaoliveira.com.br\/blog\/wp-content\/uploads\/2020\/02\/image-33.jpeg?fit=750%2C500\" data-orig-size=\"750,500\" data-comments-opened=\"0\" data-image-meta=\"{&quot;aperture&quot;:&quot;0&quot;,&quot;credit&quot;:&quot;&quot;,&quot;camera&quot;:&quot;&quot;,&quot;caption&quot;:&quot;&quot;,&quot;created_timestamp&quot;:&quot;0&quot;,&quot;copyright&quot;:&quot;&quot;,&quot;focal_length&quot;:&quot;0&quot;,&quot;iso&quot;:&quot;0&quot;,&quot;shutter_speed&quot;:&quot;0&quot;,&quot;title&quot;:&quot;&quot;,&quot;orientation&quot;:&quot;0&quot;}\" data-image-title=\"image-33\" data-image-description=\"\" data-image-caption=\"\" data-medium-file=\"https:\/\/i0.wp.com\/blogdalucianaoliveira.com.br\/blog\/wp-content\/uploads\/2020\/02\/image-33.jpeg?fit=300%2C200\" data-large-file=\"https:\/\/i0.wp.com\/blogdalucianaoliveira.com.br\/blog\/wp-content\/uploads\/2020\/02\/image-33.jpeg?fit=600%2C400\" src=\"https:\/\/i0.wp.com\/blogdalucianaoliveira.com.br\/blog\/wp-content\/uploads\/2020\/02\/image-33.jpeg?resize=600%2C400\" alt=\"\" class=\"wp-image-26478\" srcset=\"https:\/\/i0.wp.com\/blogdalucianaoliveira.com.br\/blog\/wp-content\/uploads\/2020\/02\/image-33.jpeg?w=750 750w, https:\/\/i0.wp.com\/blogdalucianaoliveira.com.br\/blog\/wp-content\/uploads\/2020\/02\/image-33.jpeg?resize=300%2C200 300w, https:\/\/i0.wp.com\/blogdalucianaoliveira.com.br\/blog\/wp-content\/uploads\/2020\/02\/image-33.jpeg?resize=450%2C300 450w\" sizes=\"auto, (max-width: 600px) 100vw, 600px\" \/><\/figure>\n\n\n\n<p>Na Jovem Pan &#8211; Os relatos de discrimina\u00e7\u00e3o e viol\u00eancia contra a mulher na internet dispararam em 2019. A conclus\u00e3o \u00e9 do levantamento da Central Nacional de Den\u00fancias de Crimes Cibern\u00e9ticos, divulgado nesta ter\u00e7a-feira (11) \u2014 o Dia Mundial da Internet Segura.<\/p>\n\n\n\n<!--more-->\n\n\n\n<p>As viola\u00e7\u00f5es contra mulheres ficaram em 3\u00ba lugar entre os casos de ataques mais comuns nas redes ano passado, representando 10% do total. Em 2018, esse tipo de crime ocupava a 7\u00aa posi\u00e7\u00e3o no ranking.<\/p>\n\n\n\n<p>Assim como no ano anterior, a pornografia infantil concentra a maior parte dos relatos de abusos na internet \u2014 cerca de 74%.<\/p>\n\n\n\n<p>O presidente da Safernet Brasil e coordenador da Central Nacional de Den\u00fancias de Crimes Cibern\u00e9ticos, Thiago Tavares, afirma que mais de 70 mil reclama\u00e7\u00f5es foram recebidas pelo canal apenas no ano passado.<\/p>\n\n\n\n<p>\u201cN\u00f3s n\u00e3o temos casos reincidentes e persistentes de sites, por exemplo, com imagens de abuso ou explora\u00e7\u00e3o sexual registradas no .br.\u201d<\/p>\n\n\n\n<p>A presidente da Sociedade Brasileira de Pediatria, Luciana Rodrigues Silva, que estava no evento, ressaltou a import\u00e2ncia de manter os jovens bem informados sobre os riscos da internet.<\/p>\n\n\n\n<p>\u201cTodos esses riscos precisam ser mostrados aos adolescentes antes de acontecerem. Esse \u00e9 o papel do pediatra orientando as fam\u00edlias e os jovens orientando do que pode ou n\u00e3o pode acontecer.\u201d<\/p>\n\n\n\n<p>A apologia ou incita\u00e7\u00e3o \u00e0 viol\u00eancia online foi o 2\u00ba crime mais comum na internet em 2019. A Safernet tamb\u00e9m aponta um crescimento das den\u00fancias sobre intoler\u00e2ncia religiosa, que subiram 30% no ano passado.<\/p>\n\n\n\n<p><em>*Com informa\u00e7\u00f5es da rep\u00f3rter Beatriz Manfredini<\/em><\/p>\n","protected":false},"excerpt":{"rendered":"<p>Na Jovem Pan &#8211; Os relatos de discrimina\u00e7\u00e3o e viol\u00eancia contra a mulher na internet dispararam em 2019. A conclus\u00e3o \u00e9 do levantamento da Central Nacional de Den\u00fancias de Crimes Cibern\u00e9ticos, divulgado nesta ter\u00e7a-feira (11) \u2014 o Dia Mundial da Internet Segura.<\/p>\n","protected":false},"author":1,"featured_media":0,"comment_status":"closed","ping_status":"open","sticky":false,"template":"","format":"standard","meta":{"_exactmetrics_skip_tracking":false,"_exactmetrics_sitenote_active":false,"_exactmetrics_sitenote_note":"","_exactmetrics_sitenote_category":0,"jetpack_post_was_ever_published":false,"_jetpack_newsletter_access":"","_jetpack_dont_email_post_to_subs":false,"_jetpack_newsletter_tier_id":0,"_jetpack_memberships_contains_paywalled_content":false,"_jetpack_memberships_contains_paid_content":false,"footnotes":"","jetpack_publicize_message":"","jetpack_publicize_feature_enabled":true,"jetpack_social_post_already_shared":true,"jetpack_social_options":{"image_generator_settings":{"template":"highway","enabled":false},"version":2}},"categories":[1],"tags":[],"class_list":["post-26477","post","type-post","status-publish","format-standard","hentry","category-notas"],"jetpack_publicize_connections":[],"jetpack_sharing_enabled":true,"jetpack_featured_media_url":"","jetpack_shortlink":"https:\/\/wp.me\/p7wKYW-6T3","jetpack-related-posts":[],"_links":{"self":[{"href":"http:\/\/blogdalucianaoliveira.com.br\/blog\/wp-json\/wp\/v2\/posts\/26477","targetHints":{"allow":["GET"]}}],"collection":[{"href":"http:\/\/blogdalucianaoliveira.com.br\/blog\/wp-json\/wp\/v2\/posts"}],"about":[{"href":"http:\/\/blogdalucianaoliveira.com.br\/blog\/wp-json\/wp\/v2\/types\/post"}],"author":[{"embeddable":true,"href":"http:\/\/blogdalucianaoliveira.com.br\/blog\/wp-json\/wp\/v2\/users\/1"}],"replies":[{"embeddable":true,"href":"http:\/\/blogdalucianaoliveira.com.br\/blog\/wp-json\/wp\/v2\/comments?post=26477"}],"version-history":[{"count":1,"href":"http:\/\/blogdalucianaoliveira.com.br\/blog\/wp-json\/wp\/v2\/posts\/26477\/revisions"}],"predecessor-version":[{"id":26479,"href":"http:\/\/blogdalucianaoliveira.com.br\/blog\/wp-json\/wp\/v2\/posts\/26477\/revisions\/26479"}],"wp:attachment":[{"href":"http:\/\/blogdalucianaoliveira.com.br\/blog\/wp-json\/wp\/v2\/media?parent=26477"}],"wp:term":[{"taxonomy":"category","embeddable":true,"href":"http:\/\/blogdalucianaoliveira.com.br\/blog\/wp-json\/wp\/v2\/categories?post=26477"},{"taxonomy":"post_tag","embeddable":true,"href":"http:\/\/blogdalucianaoliveira.com.br\/blog\/wp-json\/wp\/v2\/tags?post=26477"}],"curies":[{"name":"wp","href":"https:\/\/api.w.org\/{rel}","templated":true}]}}