{"id":26482,"date":"2020-02-12T15:27:40","date_gmt":"2020-02-12T19:27:40","guid":{"rendered":"http:\/\/blogdalucianaoliveira.com.br\/blog\/?p=26482"},"modified":"2020-02-12T15:27:48","modified_gmt":"2020-02-12T19:27:48","slug":"rondonia-perde-70-mil-km%c2%b2-de-floresta-em-quase-30-anos-aponta-mapbiomas","status":"publish","type":"post","link":"http:\/\/blogdalucianaoliveira.com.br\/blog\/2020\/02\/12\/rondonia-perde-70-mil-km%c2%b2-de-floresta-em-quase-30-anos-aponta-mapbiomas\/","title":{"rendered":"Rond\u00f4nia perde 70 mil km\u00b2 de floresta em quase 30 anos, aponta Mapbiomas"},"content":{"rendered":"\n<figure class=\"wp-block-image size-large\"><img data-recalc-dims=\"1\" loading=\"lazy\" decoding=\"async\" width=\"600\" height=\"384\" data-attachment-id=\"26481\" data-permalink=\"http:\/\/blogdalucianaoliveira.com.br\/blog\/654b96f2-7195-42c0-80af-72772520ad57\/\" data-orig-file=\"https:\/\/i0.wp.com\/blogdalucianaoliveira.com.br\/blog\/wp-content\/uploads\/2020\/02\/654B96F2-7195-42C0-80AF-72772520AD57.jpeg?fit=750%2C480\" data-orig-size=\"750,480\" data-comments-opened=\"0\" data-image-meta=\"{&quot;aperture&quot;:&quot;0&quot;,&quot;credit&quot;:&quot;&quot;,&quot;camera&quot;:&quot;&quot;,&quot;caption&quot;:&quot;&quot;,&quot;created_timestamp&quot;:&quot;0&quot;,&quot;copyright&quot;:&quot;&quot;,&quot;focal_length&quot;:&quot;0&quot;,&quot;iso&quot;:&quot;0&quot;,&quot;shutter_speed&quot;:&quot;0&quot;,&quot;title&quot;:&quot;&quot;,&quot;orientation&quot;:&quot;0&quot;}\" data-image-title=\"654B96F2-7195-42C0-80AF-72772520AD57\" data-image-description=\"\" data-image-caption=\"\" data-medium-file=\"https:\/\/i0.wp.com\/blogdalucianaoliveira.com.br\/blog\/wp-content\/uploads\/2020\/02\/654B96F2-7195-42C0-80AF-72772520AD57.jpeg?fit=300%2C192\" data-large-file=\"https:\/\/i0.wp.com\/blogdalucianaoliveira.com.br\/blog\/wp-content\/uploads\/2020\/02\/654B96F2-7195-42C0-80AF-72772520AD57.jpeg?fit=600%2C384\" src=\"https:\/\/i0.wp.com\/blogdalucianaoliveira.com.br\/blog\/wp-content\/uploads\/2020\/02\/654B96F2-7195-42C0-80AF-72772520AD57.jpeg?resize=600%2C384\" alt=\"\" class=\"wp-image-26481\" srcset=\"https:\/\/i0.wp.com\/blogdalucianaoliveira.com.br\/blog\/wp-content\/uploads\/2020\/02\/654B96F2-7195-42C0-80AF-72772520AD57.jpeg?w=750 750w, https:\/\/i0.wp.com\/blogdalucianaoliveira.com.br\/blog\/wp-content\/uploads\/2020\/02\/654B96F2-7195-42C0-80AF-72772520AD57.jpeg?resize=300%2C192 300w, https:\/\/i0.wp.com\/blogdalucianaoliveira.com.br\/blog\/wp-content\/uploads\/2020\/02\/654B96F2-7195-42C0-80AF-72772520AD57.jpeg?resize=469%2C300 469w\" sizes=\"auto, (max-width: 600px) 100vw, 600px\" \/><\/figure>\n\n\n\n<h4 class=\"wp-block-heading\">Extens\u00e3o equivale a quase 10 mil campos de futebol do tamanho do Maracan\u00e3. Engenheiro florestal diz que recupera\u00e7\u00e3o do solo pode levar pelo menos uma d\u00e9cada.&nbsp;<\/h4>\n\n\n\n<!--more-->\n\n\n\n<p>Por Mayara Subtil, G1 RO<\/p>\n\n\n\n<p>Rond\u00f4nia perdeu 69.526 km\u00b2 de florestaentre 1990 e 2017<strong>.&nbsp;<\/strong>A quantidade de floresta perdida equivale a quase 10 mil campos de futebol do tamanho do Maracan\u00e3, no Rio de Janeiro. Os dados s\u00e3o do Mapbiomas (<a href=\"https:\/\/g1.globo.com\/natureza\/desafio-natureza\/noticia\/2019\/05\/21\/projeto-analisa-dados-de-satelite-desde-1985-para-detalhar-situacao-dos-biomas-entenda-como-funciona.ghtml\">entenda como funciona<\/a>) e foram analisados pelo&nbsp;<strong>G1<\/strong>.&nbsp;<\/p>\n\n\n\n<p>O projeto se constitui em uma base colaborativa mantida por empresas de tecnologia, organiza\u00e7\u00f5es n\u00e3o governamentais e universidades. O levantamento estuda a s\u00e9rie hist\u00f3rica de imagens de sat\u00e9lite Landsat, tamb\u00e9m usado para capturar informa\u00e7\u00f5es sobre desmatamento do Instituto Nacional de Pesquisas Espaciais (Inpe).&nbsp;<\/p>\n\n\n\n<p>O c\u00e1lculo de floresta desmatada pelo Mapbiomas exige a an\u00e1lise da s\u00e9rie temporal (o que aconteceu nos anos anteriores e posteriores) e, por isso, o recorte atualizado e verificado pela reportagem \u00e9 do per\u00edodo de quase 30 anos.\u00a0<br><\/p>\n\n\n\n<figure class=\"wp-block-image size-large\"><img loading=\"lazy\" decoding=\"async\" width=\"745\" height=\"1044\" data-attachment-id=\"26483\" data-permalink=\"http:\/\/blogdalucianaoliveira.com.br\/blog\/2020\/02\/12\/rondonia-perde-70-mil-km%c2%b2-de-floresta-em-quase-30-anos-aponta-mapbiomas\/8d79288f-b5c4-4844-b3cf-ddb73ddb83ed\/\" data-orig-file=\"https:\/\/i0.wp.com\/blogdalucianaoliveira.com.br\/blog\/wp-content\/uploads\/2020\/02\/8D79288F-B5C4-4844-B3CF-DDB73DDB83ED.jpeg?fit=745%2C1044\" data-orig-size=\"745,1044\" data-comments-opened=\"0\" data-image-meta=\"{&quot;aperture&quot;:&quot;0&quot;,&quot;credit&quot;:&quot;&quot;,&quot;camera&quot;:&quot;&quot;,&quot;caption&quot;:&quot;&quot;,&quot;created_timestamp&quot;:&quot;0&quot;,&quot;copyright&quot;:&quot;&quot;,&quot;focal_length&quot;:&quot;0&quot;,&quot;iso&quot;:&quot;0&quot;,&quot;shutter_speed&quot;:&quot;0&quot;,&quot;title&quot;:&quot;&quot;,&quot;orientation&quot;:&quot;0&quot;}\" data-image-title=\"8D79288F-B5C4-4844-B3CF-DDB73DDB83ED\" data-image-description=\"\" data-image-caption=\"\" data-medium-file=\"https:\/\/i0.wp.com\/blogdalucianaoliveira.com.br\/blog\/wp-content\/uploads\/2020\/02\/8D79288F-B5C4-4844-B3CF-DDB73DDB83ED.jpeg?fit=214%2C300\" data-large-file=\"https:\/\/i0.wp.com\/blogdalucianaoliveira.com.br\/blog\/wp-content\/uploads\/2020\/02\/8D79288F-B5C4-4844-B3CF-DDB73DDB83ED.jpeg?fit=600%2C840\" src=\"https:\/\/i2.wp.com\/blogdalucianaoliveira.com.br\/blog\/wp-content\/uploads\/2020\/02\/8D79288F-B5C4-4844-B3CF-DDB73DDB83ED.jpeg?fit=600%2C840\" alt=\"\" class=\"wp-image-26483\" srcset=\"https:\/\/i0.wp.com\/blogdalucianaoliveira.com.br\/blog\/wp-content\/uploads\/2020\/02\/8D79288F-B5C4-4844-B3CF-DDB73DDB83ED.jpeg?w=745 745w, https:\/\/i0.wp.com\/blogdalucianaoliveira.com.br\/blog\/wp-content\/uploads\/2020\/02\/8D79288F-B5C4-4844-B3CF-DDB73DDB83ED.jpeg?resize=214%2C300 214w, https:\/\/i0.wp.com\/blogdalucianaoliveira.com.br\/blog\/wp-content\/uploads\/2020\/02\/8D79288F-B5C4-4844-B3CF-DDB73DDB83ED.jpeg?resize=731%2C1024 731w\" sizes=\"auto, (max-width: 600px) 100vw, 600px\" \/><\/figure>\n\n\n\n<p>Os n\u00fameros do Mapbiomas revelam que, em 1990, a forma\u00e7\u00e3o florestal em Rond\u00f4nia era de pouco mais de 20 milh\u00f5es de hectares. J\u00e1 a de abertura de pastagem era de quase 2,7 milh\u00f5es de hectares na \u00e9poca.&nbsp;<\/p>\n\n\n\n<p>Mas a forma\u00e7\u00e3o florestal declinou para cerca de 14 milh\u00f5es de hectares em 2017, enquanto o quantitativo de pasto subiu para quase nove milh\u00f5es, um crescimento de mais de 200% em 27 anos.\u00a0<br><\/p>\n\n\n\n<figure class=\"wp-block-image size-large\"><img loading=\"lazy\" decoding=\"async\" width=\"749\" height=\"1088\" data-attachment-id=\"26485\" data-permalink=\"http:\/\/blogdalucianaoliveira.com.br\/blog\/2020\/02\/12\/rondonia-perde-70-mil-km%c2%b2-de-floresta-em-quase-30-anos-aponta-mapbiomas\/3dec13af-aa3e-4fca-8e7f-f7a8475b1552\/\" data-orig-file=\"https:\/\/i0.wp.com\/blogdalucianaoliveira.com.br\/blog\/wp-content\/uploads\/2020\/02\/3DEC13AF-AA3E-4FCA-8E7F-F7A8475B1552.jpeg?fit=749%2C1088\" data-orig-size=\"749,1088\" data-comments-opened=\"0\" data-image-meta=\"{&quot;aperture&quot;:&quot;0&quot;,&quot;credit&quot;:&quot;&quot;,&quot;camera&quot;:&quot;&quot;,&quot;caption&quot;:&quot;&quot;,&quot;created_timestamp&quot;:&quot;0&quot;,&quot;copyright&quot;:&quot;&quot;,&quot;focal_length&quot;:&quot;0&quot;,&quot;iso&quot;:&quot;0&quot;,&quot;shutter_speed&quot;:&quot;0&quot;,&quot;title&quot;:&quot;&quot;,&quot;orientation&quot;:&quot;0&quot;}\" data-image-title=\"3DEC13AF-AA3E-4FCA-8E7F-F7A8475B1552\" data-image-description=\"\" data-image-caption=\"\" data-medium-file=\"https:\/\/i0.wp.com\/blogdalucianaoliveira.com.br\/blog\/wp-content\/uploads\/2020\/02\/3DEC13AF-AA3E-4FCA-8E7F-F7A8475B1552.jpeg?fit=207%2C300\" data-large-file=\"https:\/\/i0.wp.com\/blogdalucianaoliveira.com.br\/blog\/wp-content\/uploads\/2020\/02\/3DEC13AF-AA3E-4FCA-8E7F-F7A8475B1552.jpeg?fit=600%2C871\" src=\"https:\/\/i0.wp.com\/blogdalucianaoliveira.com.br\/blog\/wp-content\/uploads\/2020\/02\/3DEC13AF-AA3E-4FCA-8E7F-F7A8475B1552.jpeg?fit=600%2C871\" alt=\"\" class=\"wp-image-26485\" srcset=\"https:\/\/i0.wp.com\/blogdalucianaoliveira.com.br\/blog\/wp-content\/uploads\/2020\/02\/3DEC13AF-AA3E-4FCA-8E7F-F7A8475B1552.jpeg?w=749 749w, https:\/\/i0.wp.com\/blogdalucianaoliveira.com.br\/blog\/wp-content\/uploads\/2020\/02\/3DEC13AF-AA3E-4FCA-8E7F-F7A8475B1552.jpeg?resize=207%2C300 207w, https:\/\/i0.wp.com\/blogdalucianaoliveira.com.br\/blog\/wp-content\/uploads\/2020\/02\/3DEC13AF-AA3E-4FCA-8E7F-F7A8475B1552.jpeg?resize=705%2C1024 705w\" sizes=\"auto, (max-width: 600px) 100vw, 600px\" \/><\/figure>\n\n\n\n<p>Recentemente, dados do Projeto de Monitoramento do Desmatamento na Amaz\u00f4nia Legal por Sat\u00e9lite (Prodes) apontaram que o desmatamento em toda a Amaz\u00f4nia&nbsp;<a href=\"https:\/\/g1.globo.com\/natureza\/noticia\/2019\/11\/18\/desmatamento-na-amazonia-cresce-entre-agosto-de-2018-e-julho-de-2019-diz-inpe.ghtml\">avan\u00e7ou quase 30% entre julho de 2018 e agosto de 2019<\/a>.&nbsp;<\/p>\n\n\n\n<p>Trata-se de um aumento de 29,5% em rela\u00e7\u00e3o ao per\u00edodo anterior (agosto de 2017 a julho de 2018), que registrou&nbsp;<strong>7.536 km\u00b2 de \u00e1rea desmatada<\/strong>.&nbsp;<\/p>\n\n\n\n<figure class=\"wp-block-image size-large\"><img data-recalc-dims=\"1\" loading=\"lazy\" decoding=\"async\" width=\"25\" height=\"12\" data-attachment-id=\"26484\" data-permalink=\"http:\/\/blogdalucianaoliveira.com.br\/blog\/2020\/02\/12\/rondonia-perde-70-mil-km%c2%b2-de-floresta-em-quase-30-anos-aponta-mapbiomas\/image-34-4\/\" data-orig-file=\"https:\/\/i0.wp.com\/blogdalucianaoliveira.com.br\/blog\/wp-content\/uploads\/2020\/02\/image-34.jpeg?fit=25%2C12\" data-orig-size=\"25,12\" data-comments-opened=\"0\" data-image-meta=\"{&quot;aperture&quot;:&quot;0&quot;,&quot;credit&quot;:&quot;&quot;,&quot;camera&quot;:&quot;&quot;,&quot;caption&quot;:&quot;&quot;,&quot;created_timestamp&quot;:&quot;0&quot;,&quot;copyright&quot;:&quot;&quot;,&quot;focal_length&quot;:&quot;0&quot;,&quot;iso&quot;:&quot;0&quot;,&quot;shutter_speed&quot;:&quot;0&quot;,&quot;title&quot;:&quot;&quot;,&quot;orientation&quot;:&quot;0&quot;}\" data-image-title=\"image-34\" data-image-description=\"\" data-image-caption=\"\" data-medium-file=\"https:\/\/i0.wp.com\/blogdalucianaoliveira.com.br\/blog\/wp-content\/uploads\/2020\/02\/image-34.jpeg?fit=25%2C12\" data-large-file=\"https:\/\/i0.wp.com\/blogdalucianaoliveira.com.br\/blog\/wp-content\/uploads\/2020\/02\/image-34.jpeg?fit=25%2C12\" src=\"https:\/\/i0.wp.com\/blogdalucianaoliveira.com.br\/blog\/wp-content\/uploads\/2020\/02\/image-34.jpeg?resize=25%2C12\" alt=\"Imagem de sat\u00e9lite mostra avan\u00e7o do pasto em Rond\u00f4nia.  \u2014 Foto: Reprodu\u00e7\u00e3o\/Earth Studio\" class=\"wp-image-26484\"\/><\/figure>\n\n\n\n<figure class=\"wp-block-image\"><img data-recalc-dims=\"1\" decoding=\"async\" src=\"https:\/\/i0.wp.com\/s2.glbimg.com\/amzIWw6UOeg_uwozs65s75MvQZU%3D\/0x0%3A1920x907\/1008x0\/smart\/filters%3Astrip_icc%28%29\/i.s3.glbimg.com\/v1\/AUTH_59edd422c0c84a879bd37670ae4f538a\/internal_photos\/bs\/2020\/y\/p\/6vPWclTAydFsBw5n3rXQ\/desmatamento-snapshot-2-4-20-19-59.jpeg?w=600&#038;ssl=1\" alt=\"Imagem de sat\u00e9lite mostra avan\u00e7o do pasto em Rond\u00f4nia.  \u2014 Foto: Reprodu\u00e7\u00e3o\/Earth Studio\"\/><\/figure>\n\n\n\n<p>Imagem de sat\u00e9lite mostra avan\u00e7o do pasto em Rond\u00f4nia. \u2014 Foto: Reprodu\u00e7\u00e3o\/Earth Studio&nbsp;<\/p>\n\n\n\n<h2 class=\"wp-block-heading\">Quais s\u00e3o os limites e as proibi\u00e7\u00f5es?<\/h2>\n\n\n\n<p>Na Amaz\u00f4nia Legal, as propriedades devem preservar 80% da vegeta\u00e7\u00e3o nativa. Por\u00e9m, mesmo com os 20% livres para uso alternativo do solo, \u00e9 necess\u00e1ria pr\u00e9via autoriza\u00e7\u00e3o do \u00f3rg\u00e3o estadual \u2013 em Rond\u00f4nia, a Secretaria de Estado do Desenvolvimento Ambiental (Sedam).&nbsp;<\/p>\n\n\n\n<p>&#8220;Caso a propriedade possua menos do que 80%, \u00e9 obrigat\u00f3ria recomposi\u00e7\u00e3o da seguinte forma: se o desmatamento ocorreu antes de 22 de julho de 2008 (\u00e1rea consolidada), deve-se recuperar at\u00e9 os limites determinados pela legisla\u00e7\u00e3o estadual. No caso de Rond\u00f4nia, 10%, 20% ou 50%, dependendo do tamanho da propriedade. Se foi depois dessa data, deve-se recuperar os 80%&#8221;, explicou o engenheiro florestal Henrique Nery Cipriani, pesquisador da Empresa Brasileira da Pesquisa Agropecu\u00e1ria (Embrapa) de Rond\u00f4nia.&nbsp;<\/p>\n\n\n\n<p>Se estiver longe das \u00e1reas de preserva\u00e7\u00e3o permanente (APP) e em dia com os limites permitidos, por exemplo, o produtor pode exercer qualquer atividade. J\u00e1 sobre o uso do fogo para manejo de pastagem, \u00e9 fundamental tamb\u00e9m ter o aval da Sedam, por mais que seja permitido. Contudo, n\u00e3o \u00e9 recomendado.<\/p>\n\n\n\n<p>&#8220;Normalmente, faz-se um invent\u00e1rio da \u00e1rea para retirada de madeira de Lei e outras \u00e1rvores com valor comercial e para se verificar a exist\u00eancia de esp\u00e9cies amea\u00e7adas de extin\u00e7\u00e3o. Neste caso, podem ser exigidas autoriza\u00e7\u00f5es especiais e algumas compensa\u00e7\u00f5es. Feito isso, a supress\u00e3o pode ser feita com m\u00e1quinas. O uso do fogo \u00e9 extremamente restrito&#8221;, ressaltou Cipriani.&nbsp;<\/p>\n\n\n\n<p>A supress\u00e3o vegetal n\u00e3o pode ser feita com fogo. A proibi\u00e7\u00e3o consta, inclusive, no&nbsp;<a href=\"http:\/\/www.planalto.gov.br\/ccivil_03\/_ato2011-2014\/2012\/lei\/l12651.htm\" target=\"_blank\" rel=\"noreferrer noopener\">artigo 38 do C\u00f3digo Florestal<\/a>. A lei tamb\u00e9m vale para grandes \u00e1reas de at\u00e9 dois hectares.&nbsp;<\/p>\n\n\n\n<p>Segundo Henrique Cipriani, o fogo pode prejudicar o solo, a \u00e1gua e o ar. A consequ\u00eancia que mais reflete entre os produtores \u00e9 a perda da capacidade produtiva da terra.&nbsp;<\/p>\n\n\n\n<blockquote class=\"wp-block-quote is-layout-flow wp-block-quote-is-layout-flow\"><p>&#8220;Infelizmente, dada a praticidade, o produtor \u00e9 tentado a recorrer ao fogo, mas h\u00e1 diversas t\u00e9cnicas sustent\u00e1veis para o manejo das pastagens e culturas agr\u00edcolas e florestais&#8221;, refor\u00e7ou.<\/p><\/blockquote>\n\n\n\n<figure class=\"wp-block-image size-large\"><img data-recalc-dims=\"1\" loading=\"lazy\" decoding=\"async\" width=\"25\" height=\"17\" data-attachment-id=\"26486\" data-permalink=\"http:\/\/blogdalucianaoliveira.com.br\/blog\/2020\/02\/12\/rondonia-perde-70-mil-km%c2%b2-de-floresta-em-quase-30-anos-aponta-mapbiomas\/image-35-4\/\" data-orig-file=\"https:\/\/i0.wp.com\/blogdalucianaoliveira.com.br\/blog\/wp-content\/uploads\/2020\/02\/image-35.jpeg?fit=25%2C17\" data-orig-size=\"25,17\" data-comments-opened=\"0\" data-image-meta=\"{&quot;aperture&quot;:&quot;0&quot;,&quot;credit&quot;:&quot;&quot;,&quot;camera&quot;:&quot;&quot;,&quot;caption&quot;:&quot;&quot;,&quot;created_timestamp&quot;:&quot;0&quot;,&quot;copyright&quot;:&quot;&quot;,&quot;focal_length&quot;:&quot;0&quot;,&quot;iso&quot;:&quot;0&quot;,&quot;shutter_speed&quot;:&quot;0&quot;,&quot;title&quot;:&quot;&quot;,&quot;orientation&quot;:&quot;0&quot;}\" data-image-title=\"image-35\" data-image-description=\"\" data-image-caption=\"\" data-medium-file=\"https:\/\/i0.wp.com\/blogdalucianaoliveira.com.br\/blog\/wp-content\/uploads\/2020\/02\/image-35.jpeg?fit=25%2C17\" data-large-file=\"https:\/\/i0.wp.com\/blogdalucianaoliveira.com.br\/blog\/wp-content\/uploads\/2020\/02\/image-35.jpeg?fit=25%2C17\" src=\"https:\/\/i0.wp.com\/blogdalucianaoliveira.com.br\/blog\/wp-content\/uploads\/2020\/02\/image-35.jpeg?resize=25%2C17\" alt=\"Uso do fogo para abertura de pasto n\u00e3o \u00e9 recomendado.  \u2014 Foto: F\u00e1bio Tito\/G1\" class=\"wp-image-26486\"\/><\/figure>\n\n\n\n<figure class=\"wp-block-image\"><img data-recalc-dims=\"1\" decoding=\"async\" src=\"https:\/\/i0.wp.com\/s2.glbimg.com\/VizCazFin8e60G-bYsndC2PYVvM%3D\/0x0%3A2000x1333\/1008x0\/smart\/filters%3Astrip_icc%28%29\/i.s3.glbimg.com\/v1\/AUTH_59edd422c0c84a879bd37670ae4f538a\/internal_photos\/bs\/2019\/Z\/2\/XWz1pOTjuNaspZUo1rUw\/karipunas-ro-05476-fabio-tito-g1.jpg?w=600&#038;ssl=1\" alt=\"Uso do fogo para abertura de pasto n\u00e3o \u00e9 recomendado.  \u2014 Foto: F\u00e1bio Tito\/G1\"\/><\/figure>\n\n\n\n<p>Uso do fogo para abertura de pasto n\u00e3o \u00e9 recomendado. \u2014 Foto: F\u00e1bio Tito\/G1&nbsp;<\/p>\n\n\n\n<h2 class=\"wp-block-heading\">A floresta pode voltar a ser floresta?<\/h2>\n\n\n\n<p>Pode, mas o processo \u00e9 lento. Quando acontece o desmatamento e a queimada, ent\u00e3o, o trabalho de recupera\u00e7\u00e3o corre risco de se estender por d\u00e9cadas.&nbsp;<\/p>\n\n\n\n<p>O motivo \u00e9 que h\u00e1 o rompimento da cadeia ecol\u00f3gica que havia no ambiente afetado. Com isso, compromete as &#8220;fun\u00e7\u00f5es da floresta&#8221;, de acordo com o engenheiro florestal Carlos Francisco Rosetti, pesquisador da Universidade de Bras\u00edlia (UnB).&nbsp;<\/p>\n\n\n\n<figure class=\"wp-block-image size-large\"><img data-recalc-dims=\"1\" loading=\"lazy\" decoding=\"async\" width=\"25\" height=\"14\" data-attachment-id=\"26487\" data-permalink=\"http:\/\/blogdalucianaoliveira.com.br\/blog\/2020\/02\/12\/rondonia-perde-70-mil-km%c2%b2-de-floresta-em-quase-30-anos-aponta-mapbiomas\/image-36-4\/\" data-orig-file=\"https:\/\/i0.wp.com\/blogdalucianaoliveira.com.br\/blog\/wp-content\/uploads\/2020\/02\/image-36.jpeg?fit=25%2C14\" data-orig-size=\"25,14\" data-comments-opened=\"0\" data-image-meta=\"{&quot;aperture&quot;:&quot;0&quot;,&quot;credit&quot;:&quot;&quot;,&quot;camera&quot;:&quot;&quot;,&quot;caption&quot;:&quot;&quot;,&quot;created_timestamp&quot;:&quot;0&quot;,&quot;copyright&quot;:&quot;&quot;,&quot;focal_length&quot;:&quot;0&quot;,&quot;iso&quot;:&quot;0&quot;,&quot;shutter_speed&quot;:&quot;0&quot;,&quot;title&quot;:&quot;&quot;,&quot;orientation&quot;:&quot;0&quot;}\" data-image-title=\"image-36\" data-image-description=\"\" data-image-caption=\"\" data-medium-file=\"https:\/\/i0.wp.com\/blogdalucianaoliveira.com.br\/blog\/wp-content\/uploads\/2020\/02\/image-36.jpeg?fit=25%2C14\" data-large-file=\"https:\/\/i0.wp.com\/blogdalucianaoliveira.com.br\/blog\/wp-content\/uploads\/2020\/02\/image-36.jpeg?fit=25%2C14\" src=\"https:\/\/i0.wp.com\/blogdalucianaoliveira.com.br\/blog\/wp-content\/uploads\/2020\/02\/image-36.jpeg?resize=25%2C14\" alt=\"Recupera\u00e7\u00e3o do solo afetado pelo desmatamento pode levar pelo menos uma d\u00e9cada, diz engenheiro florestal.  \u2014 Foto: Reuters\" class=\"wp-image-26487\"\/><\/figure>\n\n\n\n<figure class=\"wp-block-image\"><img data-recalc-dims=\"1\" decoding=\"async\" src=\"https:\/\/i0.wp.com\/s2.glbimg.com\/Q2wMhqBPklJaIikBhqKQMJXfZDI%3D\/0x0%3A660x371\/1008x0\/smart\/filters%3Astrip_icc%28%29\/i.s3.glbimg.com\/v1\/AUTH_59edd422c0c84a879bd37670ae4f538a\/internal_photos\/bs\/2019\/o\/x\/ULJKAuTRiAa1ROwpBAxQ\/amazonia.jpg?w=600&#038;ssl=1\" alt=\"Recupera\u00e7\u00e3o do solo afetado pelo desmatamento pode levar pelo menos uma d\u00e9cada, diz engenheiro florestal.  \u2014 Foto: Reuters\"\/><\/figure>\n\n\n\n<p>Recupera\u00e7\u00e3o do solo afetado pelo desmatamento pode levar pelo menos uma d\u00e9cada, diz engenheiro florestal. \u2014 Foto: Reuters&nbsp;<\/p>\n\n\n\n<p>&#8220;O solo \u00e9 uma delas. As \u00e1reas de garimpo j\u00e1 s\u00e3o bem mais dif\u00edceis e mais caras, muito demoradas. Ent\u00e3o n\u00f3s poder\u00edamos falar em uma d\u00e9cada, pelo menos uma d\u00e9cada. No caso dos solos da Amaz\u00f4nia, de modo geral, eles precisam da biomassa e a biomassa, por mais acelerada que seja, em fun\u00e7\u00e3o da umidade ou da diversidade das esp\u00e9cies, principalmente do sol e da energia do ambiente, necessitam de um tempo relativamente longo&#8221;, explicou.&nbsp;<\/p>\n\n\n\n<p>Conforme Rosetti, o custo para se recuperar uma \u00e1rea afetada pelo desmatamento \u00e9 alto. O ideal, segundo o engenheiro, seria implementar instrumentos e t\u00e9cnicas para que a floresta, enfim, volte a ser floresta.&nbsp;<\/p>\n\n\n\n<p>&#8220;A exemplo da \u00e1rea onde o&nbsp;<a href=\"https:\/\/g1.globo.com\/mg\/minas-gerais\/desastre-ambiental-em-mariana\/\">desastre ambiental de Mariana&nbsp;<\/a>aconteceu, que eu acompanhei. O tempo de recupera\u00e7\u00e3o \u00e9 lento, mesmo que o relevo seja diferente da Amaz\u00f4nia. Sempre s\u00e3o tempos longos, principalmente se considerarmos o modelo de explora\u00e7\u00e3o do solo&#8221;, refor\u00e7ou.&nbsp;<\/p>\n\n\n\n<h2 class=\"wp-block-heading\">Alertas em alta<\/h2>\n\n\n\n<p>O total de \u00e1reas sob alerta de desmatamento na Amaz\u00f4nia&nbsp;<a href=\"https:\/\/g1.globo.com\/natureza\/noticia\/2020\/02\/07\/alertas-de-desmatamento-na-amazonia-batem-recorde-para-janeiro-em-2020-aponta-inpe.ghtml\">bateu recorde no m\u00eas passado<\/a>. De acordo com dados do Sistema de Detec\u00e7\u00e3o em Tempo Real (Deter-B), do Inpe, foram emitidos alertas para&nbsp;<strong>284,27 km\u00b2 de floresta<\/strong>&nbsp;\u2013 maior \u00edndice para janeiro desde que come\u00e7ou a s\u00e9rie hist\u00f3rica, em 2016.&nbsp;<\/p>\n\n\n\n<p>Se comparado com os dados de janeiro de 2019, quando os alertas&nbsp;<strong>somaram 136,21 km\u00b2<\/strong>, houve um&nbsp;<strong>aumento de 108%<\/strong>. O n\u00famero mant\u00e9m a tend\u00eancia j\u00e1 verificada de aumento no desmate: no ano passado,&nbsp;<a href=\"https:\/\/g1.globo.com\/natureza\/noticia\/2020\/01\/14\/area-com-alerta-de-desmatamento-na-amazonia-sobe-85percent-em-2019-ante-2018-segundo-o-inpe.ghtml\">os alertas subiram 85% na compara\u00e7\u00e3o com 2018<\/a>.&nbsp;<\/p>\n\n\n\n<p><\/p>\n","protected":false},"excerpt":{"rendered":"<p>Extens\u00e3o equivale a quase 10 mil campos de futebol do tamanho do Maracan\u00e3. Engenheiro florestal diz que recupera\u00e7\u00e3o do solo pode levar pelo menos uma d\u00e9cada.&nbsp;<\/p>\n","protected":false},"author":1,"featured_media":0,"comment_status":"closed","ping_status":"open","sticky":false,"template":"","format":"standard","meta":{"_exactmetrics_skip_tracking":false,"_exactmetrics_sitenote_active":false,"_exactmetrics_sitenote_note":"","_exactmetrics_sitenote_category":0,"jetpack_post_was_ever_published":false,"_jetpack_newsletter_access":"","_jetpack_dont_email_post_to_subs":false,"_jetpack_newsletter_tier_id":0,"_jetpack_memberships_contains_paywalled_content":false,"_jetpack_memberships_contains_paid_content":false,"footnotes":"","jetpack_publicize_message":"","jetpack_publicize_feature_enabled":true,"jetpack_social_post_already_shared":true,"jetpack_social_options":{"image_generator_settings":{"template":"highway","enabled":false},"version":2}},"categories":[1],"tags":[],"class_list":["post-26482","post","type-post","status-publish","format-standard","hentry","category-notas"],"jetpack_publicize_connections":[],"jetpack_sharing_enabled":true,"jetpack_featured_media_url":"","jetpack_shortlink":"https:\/\/wp.me\/p7wKYW-6T8","jetpack-related-posts":[],"_links":{"self":[{"href":"http:\/\/blogdalucianaoliveira.com.br\/blog\/wp-json\/wp\/v2\/posts\/26482","targetHints":{"allow":["GET"]}}],"collection":[{"href":"http:\/\/blogdalucianaoliveira.com.br\/blog\/wp-json\/wp\/v2\/posts"}],"about":[{"href":"http:\/\/blogdalucianaoliveira.com.br\/blog\/wp-json\/wp\/v2\/types\/post"}],"author":[{"embeddable":true,"href":"http:\/\/blogdalucianaoliveira.com.br\/blog\/wp-json\/wp\/v2\/users\/1"}],"replies":[{"embeddable":true,"href":"http:\/\/blogdalucianaoliveira.com.br\/blog\/wp-json\/wp\/v2\/comments?post=26482"}],"version-history":[{"count":1,"href":"http:\/\/blogdalucianaoliveira.com.br\/blog\/wp-json\/wp\/v2\/posts\/26482\/revisions"}],"predecessor-version":[{"id":26488,"href":"http:\/\/blogdalucianaoliveira.com.br\/blog\/wp-json\/wp\/v2\/posts\/26482\/revisions\/26488"}],"wp:attachment":[{"href":"http:\/\/blogdalucianaoliveira.com.br\/blog\/wp-json\/wp\/v2\/media?parent=26482"}],"wp:term":[{"taxonomy":"category","embeddable":true,"href":"http:\/\/blogdalucianaoliveira.com.br\/blog\/wp-json\/wp\/v2\/categories?post=26482"},{"taxonomy":"post_tag","embeddable":true,"href":"http:\/\/blogdalucianaoliveira.com.br\/blog\/wp-json\/wp\/v2\/tags?post=26482"}],"curies":[{"name":"wp","href":"https:\/\/api.w.org\/{rel}","templated":true}]}}