{"id":26489,"date":"2020-02-13T11:34:05","date_gmt":"2020-02-13T15:34:05","guid":{"rendered":"http:\/\/blogdalucianaoliveira.com.br\/blog\/?p=26489"},"modified":"2020-02-13T11:34:13","modified_gmt":"2020-02-13T15:34:13","slug":"congressistas-repudiam-fala-de-guedes-sobre-empregadas-o-brasil-e-uma-senzala","status":"publish","type":"post","link":"http:\/\/blogdalucianaoliveira.com.br\/blog\/2020\/02\/13\/congressistas-repudiam-fala-de-guedes-sobre-empregadas-o-brasil-e-uma-senzala\/","title":{"rendered":"Congressistas repudiam fala de Guedes sobre empregadas: \u201cO Brasil \u00e9 uma senzala?\u201d"},"content":{"rendered":"\n<figure class=\"wp-block-image\"><img data-recalc-dims=\"1\" decoding=\"async\" src=\"https:\/\/i0.wp.com\/publisher-publish.s3.eu-central-1.amazonaws.com\/pb-brasil247\/swp\/jtjeq9\/media\/20200213060212_dbb8124d-704f-4c91-8b07-9c9c54026309.jpeg?w=600&#038;ssl=1\" alt=\"Ministro da Economia Paulo Guedes\"\/><\/figure>\n\n\n\n<p>Por Nathalia Bignon, para o 247 &#8211; A rea\u00e7\u00e3o \u00e0 afirma\u00e7\u00e3o do ministro da Economia, Paulo Guedes, de que o \u201cd\u00f3lar um pouco mais alto \u00e9 bom para todo mundo\u201d, veio a galope. No mesmo dia em que justificou que havia sido mal interpretado por usar o termo &#8220;parasita&#8221; ao defender a reforma administrativa e que a moeda americana bateu um novo recorde, a declara\u00e7\u00e3o de que a valoriza\u00e7\u00e3o do real havia criado \u201cuma festa danada\u201d, permitindo que at\u00e9 \u2018empregadas dom\u00e9sticas fossem \u00e0 Disney&#8217;, caiu como uma bomba em um Congresso lotado nesta quarta-feira (12).&nbsp;<\/p>\n\n\n\n<!--more-->\n\n\n\n<p>Hoje, parlamentares foram \u00e0s redes sociais para condenar a fala do n\u00famero 1 da pasta. &nbsp;\u201cIncr\u00edvel o n\u00edvel degradado desse governo de Jair Messias Bolsonaro. Um bando que tem avers\u00e3o a pobres, cultua ditadores, mant\u00e9m rela\u00e7\u00f5es perigosas com criminosos, milicianos, detesta e persegue a educa\u00e7\u00e3o e a ci\u00eancia&#8230; E viva todas as empregadas dom\u00e9sticas do Brasil! O m\u00ednimo que o presidente poderia fazer agora seria pedir desculpas em nome do governo e repudiar publicamente a idiotice preconceituosa de seu principal ministro\u201d, declarou o vice-l\u00edder do PCdoB, deputado federal M\u00e1rcio Jerry (MA).&nbsp;<\/p>\n\n\n\n<p>A opini\u00e3o de Jerry foi a mesma defendida pelos tamb\u00e9m deputados do PSB, Gerv\u00e1sio Maia (PB) e Alessandro Molon (RJ). \u201cA cada dia nos convencemos mais que o plano de Paulo Guedes \u00e9 acabar com direitos dos pobres desse pa\u00eds\u201d, afirmou Maia. \u201cGuedes quer um Brasil que sirva apenas aos mais ricos. Depois de chamar os servidores de \u2018parasitas&#8217;, o ministro de Bolsonaro destila novamente seu preconceito. \u00c9 inacredit\u00e1vel que a pol\u00edtica cambial do pa\u00eds seja justificada no preconceito do ministro. Luto todo dia contra as loucuras desse governo, por um Brasil sem desigualdades!\u201d, acrescentou Molon.&nbsp;<\/p>\n\n\n\n<p>Desprezo<\/p>\n\n\n\n<p>Depois de classificar o epis\u00f3dio como um novo \u201cataque\u201d do economista, o l\u00edder da oposi\u00e7\u00e3o no Senado, Randolfe Rodrigues (Rede-AP) afirmou que a fala simboliza o desprezo do atual governo com trabalhadores brasileiros. &nbsp;\u201c\u00c9 &nbsp;uma ofensa \u00e0 capacidade de qualquer trabalhador de realizar o sonho que quiser! Al\u00e9m dos \u2018parasitas&#8217;, pobres e das dom\u00e9sticas, quem mais ser\u00e1 criminalizado pelo buraco econ\u00f4mico do Brasil? Um projeto de poder que despreza os mais pobres. Despreza o direito que todos tem ao bem-estar, \u00e0 felicidade. Cada vez que ele abre a boca ele nos confirma que realmente faz parte do governo Bolsonaro\u201d, sentenciou. Lista de controv\u00e9rsiasL\u00edder do PDT na C\u00e2mara, deputado Andr\u00e9 Figueiredo (CE) n\u00e3o poupou na cr\u00edtica. \u201cEsse Ministro Pateta d\u00e1 mais uma demonstra\u00e7\u00e3o de preconceito inadmiss\u00edvel. Impressionante o festival de absurdos desse lacaio do rentismo fascista\u201d. Pompeo de Mattos, do PDT-RS fez quest\u00e3o de enumerar as controv\u00e9rsias protagonizadas pelo ministro. \u201cGuedes se especializou em dizer bobagem. Falou mal da primeira-dama da Fran\u00e7a. Chamou funcion\u00e1rios p\u00fablicos de parasitas. Pediu novo AI-5. E agora desqualifica dom\u00e9stica, que estava indo a Miami pelo d\u00f3lar baixo. Ao inv\u00e9s de cuidar da economia, fica dizendo besteira\u201d.&nbsp;<\/p>\n\n\n\n<p>Ex-dom\u00e9stica, a deputada federal Benedita da Silva (PT-RJ) atribuiu ao seu partido as conquistas da classe. \u201cRespeite as trabalhadoras dom\u00e9sticas, ministro. E se elas est\u00e3o indo para a Disney e os filhos delas para a universidade foi porque os governos do PT possibilitaram esse acesso que o seu governo racista e preconceituoso vem destruindo\u201d, apontou.&nbsp;<\/p>\n\n\n\n<p>Companheiro de partido, Carlos Veras (PE) reiterou a fala da colega. \u201cA fala do ministro de Bolsonaro explica a persegui\u00e7\u00e3o ao Partido dos Trabalhadores. O crime que o PT cometeu, que incomodou tanto as elites, foi incluir o pobre na economia do pa\u00eds\u201d.SenzalaNo Senado, Paulo Paim (PT-RS) chamou de crueldade a postura . \u201cCrueldade, discrimina\u00e7\u00e3o do governo. N\u00e3o h\u00e1 compaix\u00e3o, humanidade. Desqualificam as dom\u00e9sticas, servidores s\u00e3o &#8216;parasitas&#8217;, atacam trabalhadores. A MP 905 mexe no FGTS, no 13\u00ba, nas f\u00e9rias, acaba com o registro de jornalista, de corretor de seguros, e outros. O Brasil \u00e9 uma senzala?\u201d, questionou.<\/p>\n\n\n\n<p>Outra a mencionar o termo foi a rec\u00e9m-chegada \u00e0 C\u00e2mara, deputada T\u00e1bata Amaral (PDT-SP). \u201cPaulo Guedes revela seu preconceito, racismo e sua vis\u00e3o de senhor da senzala. Governo digno trabalha para que todos possam viajar e ser feliz. Trabalha para garantir oportunidades e direitos iguais a todos os brasileiros\u201d, defendeu. Fundos de pens\u00e3oFazendo men\u00e7\u00e3o aos esc\u00e2ndalos e den\u00fancias de fraudes em fundos de pens\u00e3o atribu\u00eddas a Guedes, Marcelo Freixo (PSOL-RJ) classificou a fala como \u201cinacredit\u00e1vel\u201d. \u201cO \u00f3dio e o desprezo que Paulo Guedes tem pelos brasileiros pobres \u00e9 repugnante. Esse banqueiro parasita que fez fortuna fraudando fundos de pens\u00e3o \u00e9 a cara do governo Bolsonaro.<\/p>\n\n\n\n<p>Tal\u00edria Petrone, do PSOL-RJ, recorreu \u00e0 doutrina pol\u00edtica para explicar o vi\u00e9s liberal defendido por Guedes. \u201cOs liberais querem passar a impress\u00e3o de que representam uma vis\u00e3o econ\u00f4mica neutra e cient\u00edfica. Uma fal\u00e1cia. Quando na verdade t\u00eam uma f\u00f3rmula antiga de profundos v\u00ednculos com a supremacia branca, o patriarcado e os interesses das classes mais ricas\u201d.Leia mais<br><\/p>\n","protected":false},"excerpt":{"rendered":"<p>Por Nathalia Bignon, para o 247 &#8211; A rea\u00e7\u00e3o \u00e0 afirma\u00e7\u00e3o do ministro da Economia, Paulo Guedes, de que o \u201cd\u00f3lar um pouco mais alto \u00e9 bom para todo mundo\u201d, veio a galope. No mesmo dia em que justificou que havia sido mal interpretado por usar o termo &#8220;parasita&#8221; ao defender a reforma administrativa e&#8230;<a class=\"more-link\" href=\"http:\/\/blogdalucianaoliveira.com.br\/blog\/2020\/02\/13\/congressistas-repudiam-fala-de-guedes-sobre-empregadas-o-brasil-e-uma-senzala\/\">Continue a leitura <span class=\"meta-nav\">&raquo;<\/span><\/a><\/p>\n","protected":false},"author":1,"featured_media":0,"comment_status":"closed","ping_status":"open","sticky":false,"template":"","format":"standard","meta":{"_exactmetrics_skip_tracking":false,"_exactmetrics_sitenote_active":false,"_exactmetrics_sitenote_note":"","_exactmetrics_sitenote_category":0,"jetpack_post_was_ever_published":false,"_jetpack_newsletter_access":"","_jetpack_dont_email_post_to_subs":false,"_jetpack_newsletter_tier_id":0,"_jetpack_memberships_contains_paywalled_content":false,"_jetpack_memberships_contains_paid_content":false,"footnotes":"","jetpack_publicize_message":"","jetpack_publicize_feature_enabled":true,"jetpack_social_post_already_shared":true,"jetpack_social_options":{"image_generator_settings":{"template":"highway","enabled":false},"version":2}},"categories":[1],"tags":[],"class_list":["post-26489","post","type-post","status-publish","format-standard","hentry","category-notas"],"jetpack_publicize_connections":[],"jetpack_sharing_enabled":true,"jetpack_featured_media_url":"","jetpack_shortlink":"https:\/\/wp.me\/p7wKYW-6Tf","jetpack-related-posts":[],"_links":{"self":[{"href":"http:\/\/blogdalucianaoliveira.com.br\/blog\/wp-json\/wp\/v2\/posts\/26489","targetHints":{"allow":["GET"]}}],"collection":[{"href":"http:\/\/blogdalucianaoliveira.com.br\/blog\/wp-json\/wp\/v2\/posts"}],"about":[{"href":"http:\/\/blogdalucianaoliveira.com.br\/blog\/wp-json\/wp\/v2\/types\/post"}],"author":[{"embeddable":true,"href":"http:\/\/blogdalucianaoliveira.com.br\/blog\/wp-json\/wp\/v2\/users\/1"}],"replies":[{"embeddable":true,"href":"http:\/\/blogdalucianaoliveira.com.br\/blog\/wp-json\/wp\/v2\/comments?post=26489"}],"version-history":[{"count":1,"href":"http:\/\/blogdalucianaoliveira.com.br\/blog\/wp-json\/wp\/v2\/posts\/26489\/revisions"}],"predecessor-version":[{"id":26490,"href":"http:\/\/blogdalucianaoliveira.com.br\/blog\/wp-json\/wp\/v2\/posts\/26489\/revisions\/26490"}],"wp:attachment":[{"href":"http:\/\/blogdalucianaoliveira.com.br\/blog\/wp-json\/wp\/v2\/media?parent=26489"}],"wp:term":[{"taxonomy":"category","embeddable":true,"href":"http:\/\/blogdalucianaoliveira.com.br\/blog\/wp-json\/wp\/v2\/categories?post=26489"},{"taxonomy":"post_tag","embeddable":true,"href":"http:\/\/blogdalucianaoliveira.com.br\/blog\/wp-json\/wp\/v2\/tags?post=26489"}],"curies":[{"name":"wp","href":"https:\/\/api.w.org\/{rel}","templated":true}]}}