{"id":26492,"date":"2020-02-13T18:13:14","date_gmt":"2020-02-13T22:13:14","guid":{"rendered":"http:\/\/blogdalucianaoliveira.com.br\/blog\/?p=26492"},"modified":"2020-02-13T18:13:20","modified_gmt":"2020-02-13T22:13:20","slug":"gestao-bolsonaro-e-a-mais-terrivel-da-republica-diz-ex-presidente-da-funai","status":"publish","type":"post","link":"http:\/\/blogdalucianaoliveira.com.br\/blog\/2020\/02\/13\/gestao-bolsonaro-e-a-mais-terrivel-da-republica-diz-ex-presidente-da-funai\/","title":{"rendered":"\u201cGest\u00e3o Bolsonaro \u00e9 a mais terr\u00edvel da Rep\u00fablica\u201d, diz ex-presidente da Funai"},"content":{"rendered":"\n<figure class=\"wp-block-image\"><img data-recalc-dims=\"1\" decoding=\"async\" src=\"https:\/\/i0.wp.com\/img.brasildefato.com.br\/media\/49bd30e301e3ec79cab60b8800cac967.jpg?w=600&#038;ssl=1\" alt=\"\"\/><\/figure>\n\n\n\n<h4 class=\"wp-block-heading\">Sydney Possuelo considera desmonte do \u00f3rg\u00e3o como \u201co maior perigo\u201d para as comunidades<\/h4>\n\n\n\n<!--more-->\n\n\n\n<p>Cristiane SampaioBrasil de Fato | Bras\u00edlia (DF) <\/p>\n\n\n\n<p>Considerado um dos maiores indigenistas do Brasil, Sydney Possuelo foi categ\u00f3rico ao afirmar que o governo Bolsonaro seria \u201co momento mais terr\u00edvel e mais dif\u00edcil\u201d j\u00e1 registrado para os povos tradicionais em toda a hist\u00f3ria republicana do pa\u00eds.<\/p>\n\n\n\n<p>\u201cO perigo maior deste momento \u00e9 que, antes, havia incompreens\u00f5es, mas o Estado ainda tinha a Funai \u2013 uma Funai deficiente, como sempre foi, mas tinha a educa\u00e7\u00e3o, a sa\u00fade e se demarcavam as terras. De repente, o Estado brasileiro come\u00e7a a desmontar tudo isso dentro da vis\u00e3o pol\u00edtica do senhor Bolsonaro\u201d&nbsp;disse o sertanista, que atua no tema h\u00e1 mais de 40 anos.&nbsp;<\/p>\n\n\n\n<p>Alvo uma de uma<a href=\"https:\/\/www.brasildefato.com.br\/2020\/02\/11\/mpf-pede-suspensao-de-pastor-na-funai-e-aponta-ameaca-de-genocidio\" target=\"_blank\" rel=\"noreferrer noopener\">&nbsp;a\u00e7\u00e3o do Minist\u00e9rio P\u00fablico Federal (MPF) na ter\u00e7a-feira (11)<\/a>, a&nbsp;nomea\u00e7\u00e3o do pastor&nbsp;<a href=\"https:\/\/www.brasildefato.com.br\/2020\/01\/31\/pastor-confirma-convite-e-funai-deve-ter-evangelizador-em-chefia-de-indios-isolados\/\" target=\"_blank\" rel=\"noreferrer noopener\">Ricardo Lopes Dias para a Coordena\u00e7\u00e3o Geral de \u00cdndios Isolados e de Recente Contato<\/a>&nbsp;(CGIIRC) da Funda\u00e7\u00e3o Nacional do \u00cdndio (Funai) levou o indigenista&nbsp; Sydney Possuelo, ex-presidente da Funai, a buscar interlocu\u00e7\u00e3o no Congresso Nacional, durante conversa com deputados da minoria, ind\u00edgenas e outros especialistas.<\/p>\n\n\n\n<p>Possuelo&nbsp;presidiu a funda\u00e7\u00e3o entre os anos de 1991 e 1993,&nbsp;durante o governo de Fernando Collor. Durante sua trajet\u00f3ria como indigenista&nbsp;teve contato com diferentes grupos em situa\u00e7\u00e3o de isolamento&nbsp;e&nbsp;foi o respons\u00e1vel pela cria\u00e7\u00e3o daCGIIRC,&nbsp;agora sob a coordena\u00e7\u00e3o do l\u00edder evang\u00e9lico, ligado \u00e0 Miss\u00e3o Novas Tribos do Brasil.<\/p>\n\n\n\n<p>O ex-presidente da Funai alertou os deputados para os riscos do contexto de desprote\u00e7\u00e3o \u00e0s comunidades isoladas. Ele explicou que a configura\u00e7\u00e3o pol\u00edtica desses povos difere da situa\u00e7\u00e3o em que est\u00e3o inseridas as popula\u00e7\u00f5es que t\u00eam algum n\u00edvel de urbaniza\u00e7\u00e3o. &nbsp;<\/p>\n\n\n\n<p>\u201cN\u00f3s estamos falando de um punhado de homens que sobraram, que continuaram vivos depois desse processo de conquista do territ\u00f3rio brasileiro, e eles s\u00e3o absolutamente dependentes da prote\u00e7\u00e3o do governo federal. As demais comunidades, que, de alguma forma, est\u00e3o em contato conosco, mesmo estando em situa\u00e7\u00e3o dif\u00edcil, j\u00e1 se representam. Elas v\u00eam \u00e0 Bras\u00edlia, batem no ch\u00e3o e reclamam os seus direitos. Os povos isolados n\u00e3o t\u00eam representantes. \u00c9 o Estado brasileiro que tem a obriga\u00e7\u00e3o hist\u00f3rica, \u00e9tica de proteg\u00ea-los\u201d, alertou .<\/p>\n\n\n\n<p>Riscos<\/p>\n\n\n\n<p>Ind\u00edgenas e especialistas apontam que o avan\u00e7o dos interesses de grupos evang\u00e9licos sobre as comunidades tradicionais fere os direitos culturais desses povos, cuja preserva\u00e7\u00e3o \u00e9 resguardada pela Constitui\u00e7\u00e3o Federal de 1988. O sertanista Antenor Vaz, que atua como consultor para pol\u00edticas de prote\u00e7\u00e3o a ind\u00edgenas isolados, afirma que o n\u00e3o atendimento \u00e0s demandas e aos interesses do segmento tende a prejudicar o pa\u00eds e o mundo em maior escala. &nbsp;<\/p>\n\n\n\n<p>\u201cExiste o perigo iminente de genoc\u00eddio, e, ao perder f\u00edsica ou espiritualmente esses povos, voc\u00ea perde uma compreens\u00e3o de como preservar a natureza.&nbsp; Mesmo com toda a invas\u00e3o colonial, eles conseguiram entregar \u00e0 popula\u00e7\u00e3o brasileira uma floresta em p\u00e9, e ela n\u00e3o \u00e9 importante somente por ter uma \u00e1rvore. Esse conjunto biodiverso \u00e9 respons\u00e1vel por todo um equil\u00edbrio clim\u00e1tico no mundo inteiro. A chuva que cai em S\u00e3o Paulo vem da Amaz\u00f4nia \u201d, exemplifica. &nbsp;<\/p>\n\n\n\n<p>Ao todo, a Funai tem registro de 114 povos ind\u00edgenas isolados \u2013 definidos pela Estado como comunidades que, voluntariamente, decidem n\u00e3o interagir com o mundo externo. C\u00e1lculos do Instituto Socioambiental (ISA) indicam a exist\u00eancia de um n\u00famero maior, que seria de 128 popula\u00e7\u00f5es com essa caracter\u00edstica.<\/p>\n\n\n\n<p>\u201cInfelizmente, a Funai s\u00f3 conseguiu confirmar 28, mas existem quase 90 povos [<em>isolados<\/em>] que est\u00e3o expostos a situa\u00e7\u00f5es de invas\u00e3o territorial, de grilagem, de madeireiros,&nbsp;a queimadas\u201d (2:48), explica Antenor Vaz.<\/p>\n\n\n\n<p>Viol\u00eancia<\/p>\n\n\n\n<p>O assessor pol\u00edtico da Articula\u00e7\u00e3o dos Povos Ind\u00edgenas do Brasil (Apib), Paulino Guajarara, sublinha que a hist\u00f3ria dos povos tradicionais no Brasil e na Am\u00e9rica do Sul esteve sempre marcada por epis\u00f3dios constantes de viol\u00eancia, mas ele destaca que esse cen\u00e1rio estaria se agravando.<\/p>\n\n\n\n<p>A luta das comunidades \u00e9 afetada pelos interesses de grandes grupos econ\u00f4micos que pressionam o jogo pol\u00edtico pela explora\u00e7\u00e3o dos territ\u00f3rios tradicionais, colocando em xeque os direitos ind\u00edgenas.&nbsp; \u201cEstamos ref\u00e9ns de um liberalismo econ\u00f4mico pro qual vale tudo, inclusive atropelar a democracia\u201d, critica Guajarara. &nbsp;&nbsp;<\/p>\n\n\n\n<p>Articula\u00e7\u00e3o no Congresso<\/p>\n\n\n\n<p>O&nbsp;encontro com ind\u00edgenas e profissionais do indigenismo&nbsp;surge de uma tentativa dos parlamentares de oposi\u00e7\u00e3o de se apropriarem do tema para definir um melhor escopo de atua\u00e7\u00e3o diante dele.<\/p>\n\n\n\n<p>\u201cO Congresso n\u00e3o conhece essa tem\u00e1tica, \u00e9 muito distante dela. E \u00e9 uma tem\u00e1tica que hoje revela e expressa o significado e a ess\u00eancia do que \u00e9 o governo. Neste momento, nosso esfor\u00e7o \u00e9 de avan\u00e7ar no sentido de que a Funai tem que ser modificada, que as frentes de prote\u00e7\u00e3o t\u00eam que funcionar&#8221;, afirma a l\u00edder da minoria a C\u00e2mara, Jandira Feghali (PCdoB-RJ), criticando a nomea\u00e7\u00e3o de Dias para o cargo.<\/p>\n\n\n\n<p>Para o deputado Airton Faleiro (PT-PA), o momento pede uma maior aglutina\u00e7\u00e3o dos atores pol\u00edticos e populares em torno do tema. \u201cPrincipalmente para tratar dos direitos dos povos isolados, que n\u00e3o t\u00eam voz e precisam ainda mais do parlamento e da sociedade\u201d.<\/p>\n\n\n\n<p>Edi\u00e7\u00e3o: Leandro Melito<\/p>\n","protected":false},"excerpt":{"rendered":"<p>Sydney Possuelo considera desmonte do \u00f3rg\u00e3o como \u201co maior perigo\u201d para as comunidades<\/p>\n","protected":false},"author":1,"featured_media":0,"comment_status":"closed","ping_status":"open","sticky":false,"template":"","format":"standard","meta":{"_exactmetrics_skip_tracking":false,"_exactmetrics_sitenote_active":false,"_exactmetrics_sitenote_note":"","_exactmetrics_sitenote_category":0,"jetpack_post_was_ever_published":false,"_jetpack_newsletter_access":"","_jetpack_dont_email_post_to_subs":false,"_jetpack_newsletter_tier_id":0,"_jetpack_memberships_contains_paywalled_content":false,"_jetpack_memberships_contains_paid_content":false,"footnotes":"","jetpack_publicize_message":"","jetpack_publicize_feature_enabled":true,"jetpack_social_post_already_shared":true,"jetpack_social_options":{"image_generator_settings":{"template":"highway","enabled":false},"version":2}},"categories":[1],"tags":[],"class_list":["post-26492","post","type-post","status-publish","format-standard","hentry","category-notas"],"jetpack_publicize_connections":[],"jetpack_sharing_enabled":true,"jetpack_featured_media_url":"","jetpack_shortlink":"https:\/\/wp.me\/p7wKYW-6Ti","jetpack-related-posts":[],"_links":{"self":[{"href":"http:\/\/blogdalucianaoliveira.com.br\/blog\/wp-json\/wp\/v2\/posts\/26492","targetHints":{"allow":["GET"]}}],"collection":[{"href":"http:\/\/blogdalucianaoliveira.com.br\/blog\/wp-json\/wp\/v2\/posts"}],"about":[{"href":"http:\/\/blogdalucianaoliveira.com.br\/blog\/wp-json\/wp\/v2\/types\/post"}],"author":[{"embeddable":true,"href":"http:\/\/blogdalucianaoliveira.com.br\/blog\/wp-json\/wp\/v2\/users\/1"}],"replies":[{"embeddable":true,"href":"http:\/\/blogdalucianaoliveira.com.br\/blog\/wp-json\/wp\/v2\/comments?post=26492"}],"version-history":[{"count":1,"href":"http:\/\/blogdalucianaoliveira.com.br\/blog\/wp-json\/wp\/v2\/posts\/26492\/revisions"}],"predecessor-version":[{"id":26493,"href":"http:\/\/blogdalucianaoliveira.com.br\/blog\/wp-json\/wp\/v2\/posts\/26492\/revisions\/26493"}],"wp:attachment":[{"href":"http:\/\/blogdalucianaoliveira.com.br\/blog\/wp-json\/wp\/v2\/media?parent=26492"}],"wp:term":[{"taxonomy":"category","embeddable":true,"href":"http:\/\/blogdalucianaoliveira.com.br\/blog\/wp-json\/wp\/v2\/categories?post=26492"},{"taxonomy":"post_tag","embeddable":true,"href":"http:\/\/blogdalucianaoliveira.com.br\/blog\/wp-json\/wp\/v2\/tags?post=26492"}],"curies":[{"name":"wp","href":"https:\/\/api.w.org\/{rel}","templated":true}]}}