{"id":26494,"date":"2020-02-13T18:23:26","date_gmt":"2020-02-13T22:23:26","guid":{"rendered":"http:\/\/blogdalucianaoliveira.com.br\/blog\/?p=26494"},"modified":"2020-02-13T18:25:04","modified_gmt":"2020-02-13T22:25:04","slug":"investimento-do-governo-federal-em-creches-e-pre-escolas-e-o-mais-baixo-em-10-anos","status":"publish","type":"post","link":"http:\/\/blogdalucianaoliveira.com.br\/blog\/2020\/02\/13\/investimento-do-governo-federal-em-creches-e-pre-escolas-e-o-mais-baixo-em-10-anos\/","title":{"rendered":"Investimento do governo federal em creches e pr\u00e9-escolas \u00e9 o mais baixo em 10 anos"},"content":{"rendered":"\n<figure class=\"wp-block-image\"><img data-recalc-dims=\"1\" decoding=\"async\" src=\"https:\/\/i0.wp.com\/s02.video.glbimg.com\/x720\/8318785.jpg?w=600&#038;ssl=1\" alt=\"Resultado de imagem para Investimento do governo federal em creches e pr\u00e9-escolas \u00e9 o mais baixo em 10 anos\"\/><\/figure>\n\n\n\n<h4 class=\"wp-block-heading\">Em 2019 foram repassados a prefeituras de todo o pa\u00eds R$ 307,8 milh\u00f5es, o que representa 33% de queda comparado ao ano anterior.<\/h4>\n\n\n\n<!--more-->\n\n\n\n<p>Por Leo Arcoverde e Isabela Leite, GloboNews<\/p>\n\n\n\n<p> Dados do Fundo Nacional de Desenvolvimento da Educa\u00e7\u00e3o (FNDE), do Minist\u00e9rio da Educa\u00e7\u00e3o (<a href=\"https:\/\/g1.globo.com\/tudo-sobre\/ministerio-da-educacao\/\">MEC<\/a>), apontam que em 2019 foram repassados a prefeituras de todo o pa\u00eds&nbsp;<strong>R$ 307,8 milh\u00f5es<\/strong>&nbsp;para a constru\u00e7\u00e3o de creches e pr\u00e9-escolas e melhoria da infraestrutura da rede de educa\u00e7\u00e3o infantil, o que representa&nbsp;<strong>33% de queda<\/strong>&nbsp;na compara\u00e7\u00e3o com os R$ 457,9 milh\u00f5es repassados pelo \u00f3rg\u00e3o do MEC aos munic\u00edpios brasileiros em 2018. <br><\/p>\n\n\n\n<p>Os repasses de 2019 foram os mais baixos dos \u00faltimos dez anos, segundo dados do FNDE obtidos com exclusividade pela&nbsp;<strong>GloboNews<\/strong>&nbsp;por meio da Lei de Acesso \u00e0 Informa\u00e7\u00e3o.<\/p>\n\n\n\n<p>Procurados, o MEC e o FNDE n\u00e3o se manifestaram sobre o assunto.<\/p>\n\n\n\n<p>00:00\/02:19<\/p>\n\n\n\n<figure class=\"wp-block-image\"><img data-recalc-dims=\"1\" decoding=\"async\" src=\"https:\/\/i0.wp.com\/s01.video.glbimg.com\/x720\/8319736.jpg?w=600&#038;ssl=1\" alt=\"Investimento do governo federal em creches e pr\u00e9-escolas em 2019 foi o menor em dez anos\"\/><\/figure>\n\n\n\n<p>Investimento do governo federal em creches e pr\u00e9-escolas em 2019 foi o menor em dez anos<br><\/p>\n\n\n\n<p>Os repasses de 2019 foram os mais baixos dos \u00faltimos dez anos, segundo dados do FNDE obtidos com exclusividade pela&nbsp;<strong>GloboNews<\/strong>&nbsp;por meio da Lei de Acesso \u00e0 Informa\u00e7\u00e3o.<\/p>\n\n\n\n<p>Procurados, o MEC e o FNDE n\u00e3o se manifestaram sobre o assunto.<\/p>\n\n\n\n<p>00:00\/02:19<\/p>\n\n\n\n<figure class=\"wp-block-image\"><img data-recalc-dims=\"1\" decoding=\"async\" src=\"https:\/\/i0.wp.com\/s01.video.glbimg.com\/x720\/8319736.jpg?w=600&#038;ssl=1\" alt=\"Investimento do governo federal em creches e pr\u00e9-escolas em 2019 foi o menor em dez anos\"\/><\/figure>\n\n\n\n<p>Investimento do governo federal em creches e pr\u00e9-escolas em 2019 foi o menor em dez anos<\/p>\n\n\n\n<p>Os n\u00fameros refletem uma queda expressiva nos repasses do Proinf\u00e2ncia, Programa Nacional de Reestrutura\u00e7\u00e3o e Aquisi\u00e7\u00e3o de Equipamentos para a Rede Escolar P\u00fablica de Educa\u00e7\u00e3o Infantil, de 2015 para c\u00e1, primeiro ano da recess\u00e3o econ\u00f4mica que durou at\u00e9 o ano seguinte.<\/p>\n\n\n\n<p>O diretor de Pol\u00edticas Educacionais do Todos Pela Educa\u00e7\u00e3o, Olavo Nogueira Filho, disse que quanto mais cedo se investir melhor \u00e9 o retorno nos pr\u00f3ximos anos e na vida futura das crian\u00e7as.<\/p>\n\n\n\n<p>&#8220;Quanto mais cedo esse investimento \u00e9 feito, melhor \u00e9 o retorno nos pr\u00f3ximos anos e na vida futura de crian\u00e7a e jovem. Por isso, \u00e9 um investimento t\u00e3o importante e t\u00e3o central e esse tema precisa estar no topo da agenda governamental do pa\u00eds&#8221;.<\/p>\n\n\n\n<p>Repasses do FNDE a prefeituras e DF<\/p>\n\n\n\n<figure class=\"wp-block-table\"><table class=\"\"><tbody><tr><td>Ano<\/td><td>Repasse<\/td><\/tr><tr><td>2010<\/td><td>R$ 941 milh\u00f5es<\/td><\/tr><tr><td>2011<\/td><td>R$ 1,31 bilh\u00e3o<\/td><\/tr><tr><td>2012<\/td><td>R$ 2,28 bilh\u00f5es<\/td><\/tr><tr><td>2013<\/td><td>R$ 1,02 bilh\u00e3o<\/td><\/tr><tr><td>2014<\/td><td>R$ 1,29 bilh\u00e3o<\/td><\/tr><tr><td>2015<\/td><td>R$ 401 milh\u00f5es<\/td><\/tr><tr><td>2016<\/td><td>R$ 492,4 milh\u00f5es<\/td><\/tr><tr><td>2017<\/td><td>R$ 427,1 milh\u00f5es<\/td><\/tr><tr><td>2018<\/td><td>R$ 457,9 milh\u00f5es<\/td><\/tr><tr><td>2019<\/td><td>R$ 307,8 milh\u00f5es<\/td><\/tr><\/tbody><\/table><\/figure>\n\n\n\n<p>Fonte: FNDE\/Lei de Acesso \u00e0 Informa\u00e7\u00e3o<\/p>\n\n\n\n<h2 class=\"wp-block-heading\">Obras paralisadas<\/h2>\n\n\n\n<p>Em todo o pa\u00eds, 830 obras em creches e pr\u00e9-escolas feitas com repasses do FNDE est\u00e3o paralisadas, de acordo com a \u00faltima atualiza\u00e7\u00e3o do Sistema de Monitoramento, Execu\u00e7\u00e3o e Controle do MEC (Simec), um banco de dados mantido pelo FNDE.<\/p>\n\n\n\n<p>Entre elas, 19 est\u00e3o no estado de SP \u2013 quatro delas s\u00e3o em Guarulhos. Procurada, a prefeitura da cidade na regi\u00e3o metropolitana de S\u00e3o Paulo disse estar em meio a um processo de licita\u00e7\u00e3o para a conclus\u00e3o das obras.<\/p>\n\n\n\n<p>Um dos objetivos da meta 1 do Plano Nacional da Educa\u00e7\u00e3o (PNE) \u00e9 o pa\u00eds atender 50% dos menores de 3 anos e 11 meses na creche at\u00e9 2024.<\/p>\n\n\n\n<p>Em 2018, dado mais atualizado, do Todos Pela Educa\u00e7\u00e3o, 35,7% dos menores de 3 anos e 11 meses frequentavam a creche.<\/p>\n\n\n\n<figure class=\"wp-block-image size-large\"><img data-recalc-dims=\"1\" loading=\"lazy\" decoding=\"async\" width=\"25\" height=\"17\" data-attachment-id=\"26495\" data-permalink=\"http:\/\/blogdalucianaoliveira.com.br\/blog\/2020\/02\/13\/investimento-do-governo-federal-em-creches-e-pre-escolas-e-o-mais-baixo-em-10-anos\/image-37-3\/\" data-orig-file=\"https:\/\/i0.wp.com\/blogdalucianaoliveira.com.br\/blog\/wp-content\/uploads\/2020\/02\/image-37.jpeg?fit=25%2C17\" data-orig-size=\"25,17\" data-comments-opened=\"0\" data-image-meta=\"{&quot;aperture&quot;:&quot;0&quot;,&quot;credit&quot;:&quot;&quot;,&quot;camera&quot;:&quot;&quot;,&quot;caption&quot;:&quot;&quot;,&quot;created_timestamp&quot;:&quot;0&quot;,&quot;copyright&quot;:&quot;&quot;,&quot;focal_length&quot;:&quot;0&quot;,&quot;iso&quot;:&quot;0&quot;,&quot;shutter_speed&quot;:&quot;0&quot;,&quot;title&quot;:&quot;&quot;,&quot;orientation&quot;:&quot;0&quot;}\" data-image-title=\"image-37\" data-image-description=\"\" data-image-caption=\"\" data-medium-file=\"https:\/\/i0.wp.com\/blogdalucianaoliveira.com.br\/blog\/wp-content\/uploads\/2020\/02\/image-37.jpeg?fit=25%2C17\" data-large-file=\"https:\/\/i0.wp.com\/blogdalucianaoliveira.com.br\/blog\/wp-content\/uploads\/2020\/02\/image-37.jpeg?fit=25%2C17\" src=\"https:\/\/i0.wp.com\/blogdalucianaoliveira.com.br\/blog\/wp-content\/uploads\/2020\/02\/image-37.jpeg?resize=25%2C17\" alt=\"Um dos objetivos da meta 1 do Plano Nacional da Educa\u00e7\u00e3o (PNE) \u00e9 o pa\u00eds atender 50% dos menores de 3 anos e 11 meses na creche at\u00e9 2024. \u2014 Foto: Maur\u00edcio Alexandre\/Divulga\u00e7\u00e3o\" class=\"wp-image-26495\"\/><\/figure>\n\n\n\n<figure class=\"wp-block-image\"><img data-recalc-dims=\"1\" decoding=\"async\" src=\"https:\/\/i0.wp.com\/s2.glbimg.com\/TEf11SgOJ5K07XmvUrVAf5dgKK4%3D\/0x0%3A800x534\/984x0\/smart\/filters%3Astrip_icc%28%29\/i.s3.glbimg.com\/v1\/AUTH_59edd422c0c84a879bd37670ae4f538a\/internal_photos\/bs\/2020\/z\/G\/XybHvnRAAZJXjfAAwW5A\/creche.jpg?w=600&#038;ssl=1\" alt=\"Um dos objetivos da meta 1 do Plano Nacional da Educa\u00e7\u00e3o (PNE) \u00e9 o pa\u00eds atender 50% dos menores de 3 anos e 11 meses na creche at\u00e9 2024. \u2014 Foto: Maur\u00edcio Alexandre\/Divulga\u00e7\u00e3o\"\/><\/figure>\n\n\n\n<p>Um dos objetivos da meta 1 do Plano Nacional da Educa\u00e7\u00e3o (PNE) \u00e9 o pa\u00eds atender 50% dos menores de 3 anos e 11 meses na creche at\u00e9 2024. \u2014 Foto: Maur\u00edcio Alexandre\/Divulga\u00e7\u00e3o<br><\/p>\n","protected":false},"excerpt":{"rendered":"<p>Em 2019 foram repassados a prefeituras de todo o pa\u00eds R$ 307,8 milh\u00f5es, o que representa 33% de queda comparado ao ano anterior.<\/p>\n","protected":false},"author":1,"featured_media":0,"comment_status":"closed","ping_status":"open","sticky":false,"template":"","format":"standard","meta":{"_exactmetrics_skip_tracking":false,"_exactmetrics_sitenote_active":false,"_exactmetrics_sitenote_note":"","_exactmetrics_sitenote_category":0,"jetpack_post_was_ever_published":false,"_jetpack_newsletter_access":"","_jetpack_dont_email_post_to_subs":false,"_jetpack_newsletter_tier_id":0,"_jetpack_memberships_contains_paywalled_content":false,"_jetpack_memberships_contains_paid_content":false,"footnotes":"","jetpack_publicize_message":"","jetpack_publicize_feature_enabled":true,"jetpack_social_post_already_shared":true,"jetpack_social_options":{"image_generator_settings":{"template":"highway","enabled":false},"version":2}},"categories":[1],"tags":[],"class_list":["post-26494","post","type-post","status-publish","format-standard","hentry","category-notas"],"jetpack_publicize_connections":[],"jetpack_sharing_enabled":true,"jetpack_featured_media_url":"","jetpack_shortlink":"https:\/\/wp.me\/p7wKYW-6Tk","jetpack-related-posts":[],"_links":{"self":[{"href":"http:\/\/blogdalucianaoliveira.com.br\/blog\/wp-json\/wp\/v2\/posts\/26494","targetHints":{"allow":["GET"]}}],"collection":[{"href":"http:\/\/blogdalucianaoliveira.com.br\/blog\/wp-json\/wp\/v2\/posts"}],"about":[{"href":"http:\/\/blogdalucianaoliveira.com.br\/blog\/wp-json\/wp\/v2\/types\/post"}],"author":[{"embeddable":true,"href":"http:\/\/blogdalucianaoliveira.com.br\/blog\/wp-json\/wp\/v2\/users\/1"}],"replies":[{"embeddable":true,"href":"http:\/\/blogdalucianaoliveira.com.br\/blog\/wp-json\/wp\/v2\/comments?post=26494"}],"version-history":[{"count":3,"href":"http:\/\/blogdalucianaoliveira.com.br\/blog\/wp-json\/wp\/v2\/posts\/26494\/revisions"}],"predecessor-version":[{"id":26498,"href":"http:\/\/blogdalucianaoliveira.com.br\/blog\/wp-json\/wp\/v2\/posts\/26494\/revisions\/26498"}],"wp:attachment":[{"href":"http:\/\/blogdalucianaoliveira.com.br\/blog\/wp-json\/wp\/v2\/media?parent=26494"}],"wp:term":[{"taxonomy":"category","embeddable":true,"href":"http:\/\/blogdalucianaoliveira.com.br\/blog\/wp-json\/wp\/v2\/categories?post=26494"},{"taxonomy":"post_tag","embeddable":true,"href":"http:\/\/blogdalucianaoliveira.com.br\/blog\/wp-json\/wp\/v2\/tags?post=26494"}],"curies":[{"name":"wp","href":"https:\/\/api.w.org\/{rel}","templated":true}]}}