{"id":26499,"date":"2020-02-13T19:39:41","date_gmt":"2020-02-13T23:39:41","guid":{"rendered":"http:\/\/blogdalucianaoliveira.com.br\/blog\/?p=26499"},"modified":"2020-02-13T19:39:47","modified_gmt":"2020-02-13T23:39:47","slug":"pirarucu-do-madeira-vai-receber-a-comenda-bloco-rei-da-selva-do-waldemar-cachorro","status":"publish","type":"post","link":"http:\/\/blogdalucianaoliveira.com.br\/blog\/2020\/02\/13\/pirarucu-do-madeira-vai-receber-a-comenda-bloco-rei-da-selva-do-waldemar-cachorro\/","title":{"rendered":"PIRARUCU DO MADEIRA VAI RECEBER A COMENDA BLOCO REI DA SELVA, DO WALDEMAR CACHORRO!"},"content":{"rendered":"\n<figure class=\"wp-block-image\"><img decoding=\"async\" src=\"https:\/\/scontent-gru2-2.xx.fbcdn.net\/v\/t1.0-9\/12631423_10153798288630605_8634558801625259664_n.jpg?_nc_cat=106&amp;_nc_ohc=zqeYV08SLE8AX9s6cKJ&amp;_nc_ht=scontent-gru2-2.xx&amp;oh=454e576c18d0cb17c9ae1462303d8fa2&amp;oe=5EBB5144\" alt=\"A imagem pode conter: 4 pessoas\"\/><\/figure>\n\n\n\n<p><strong>Por Ant\u00f4nio Serpa do Amaral (Basinho)<\/strong> &#8211; O PIRARUCU n\u00e3o \u00e9 um bloco qualquer, \u00e9 um Estado de Esp\u00edrito em s\u00e3o Devaneio! Nas suas 27 primaveras de muita folia sem p\u00e9 nem cabe\u00e7a, o Pirarucu \u00e9 uma Aquarela Brasileira, exalando os cinquenta tons do arco-\u00edris, com cheiro de Terra e de Povo frevando ao som dos batuques e clarins como uma horda de doces b\u00e1rbaros bailarinos saltitando ao sabor da alegria, vendendo sonhos e paix\u00f5es e levando para as ruas e becos o transl\u00facido esp\u00edrito de Macuna\u00edma!<\/p>\n\n\n\n<!--more-->\n\n\n\n<p>A Pajelan\u00e7a tribal deste ano vai enaltecer os Guapor\u00e9s, Karipunas, Tupiniquins, Tupis, Guaranis, Cinta-Largas, Tupinab\u00e1s e Karitianas e tantas outras na\u00e7\u00f5es de Povos da Floresta que habitam a m\u00e3e-terra desde bem antes da chegada do branco europeu \u00e0 ca\u00e7a de ouro e pedras preciosas! A tese de que fomos descobertos \u00e9 uma Arapuca! Os \u00edndios est\u00e3o aqui nesta Biboca desde sempre! A Catapora quando n\u00e3o mata, deixa o cabra Jururu! O Curumim precisa comer Mani\u00e7oba, que d\u00e1 sustan\u00e7a! Domingo tem Fla-Flu no Maracan\u00e3! Na Cuia \u00e9 que a Abacaba fica boa, maninha! O falar ind\u00edgena entrou em nossa boca e atingiu as veias mais profundas do cora\u00e7\u00e3o brasileiro, despertando a fome de olho maior que a barriga pelos quitutes da aldeia! Da\u00ed nossa tara gastron\u00f4mica pelo Beiju, Tapioca, Pipoca, Moqueca de Peixe, Tapioca, Canjica, Tacac\u00e1 e Mujangu\u00e9! A Maloca do Chic\u00e3o \u00e9 o Tapiri do Imagin\u00e1rio!<\/p>\n\n\n\n<p>Enterrado em alguma curva do rio, o cora\u00e7\u00e3o do saudoso Waldemar Cachorro ressuscita dos mortos e esquecidos para aben\u00e7oar os tribalistas em piruetas, trejeitos, sacudidas e palha\u00e7adas pelas ruas da cidade at\u00f4nita! \u00c9 que a p\u00e2ndega hol\u00edstica do Pirarucu est\u00e1 assentada na l\u00f3gica inusitada de que \u00e9 deixando a vida nos levar que levamos a vida, bebendo na fonte da alegria, amando nossos valores culturais mais caros, compartilhando em desbundes ut\u00f3picos nossa faceta mais aut\u00eantica e vital: a humanidade mais sofrida, profunda e despojada que habita o cora\u00e7\u00e3o de cada brincante em raz\u00e3o de sentido algum e para todos os sentidos poss\u00edveis no horizonte de que, se estamos juntos na folia e na celebra\u00e7\u00e3o, tamb\u00e9m poderemos estar juntos no ato da a\u00e7\u00e3o e da transforma\u00e7\u00e3o da realidade, na empreitada da constru\u00e7\u00e3o de um mundo melhor para todos! Em pura e democr\u00e1tica diversidade!<\/p>\n\n\n\n<p>A Comenda M\u00e9rito Cultural Bloco Rei da Selva, do Waldemar Cachorro, na categoria Selo Prata, ser\u00e1 entregue pela Associa\u00e7\u00e3o Cultural Rio Madeira, em parceria com o Programa Viva Rond\u00f4nia, do Anisinho Gorayeb, ao casal de beradeiros botocudos Ernande Segismundo e Luciana Oliveira, que receber\u00e3o a homenagem em nome de todo o bloco!<br>Waldemar de Holanda Pinto, compadre dos \u00edndios, n\u00e3o esquecemos de voc\u00ea!!!<\/p>\n","protected":false},"excerpt":{"rendered":"<p>Por Ant\u00f4nio Serpa do Amaral (Basinho) &#8211; O PIRARUCU n\u00e3o \u00e9 um bloco qualquer, \u00e9 um Estado de Esp\u00edrito em s\u00e3o Devaneio! Nas suas 27 primaveras de muita folia sem p\u00e9 nem cabe\u00e7a, o Pirarucu \u00e9 uma Aquarela Brasileira, exalando os cinquenta tons do arco-\u00edris, com cheiro de Terra e de Povo frevando ao som&#8230;<a class=\"more-link\" href=\"http:\/\/blogdalucianaoliveira.com.br\/blog\/2020\/02\/13\/pirarucu-do-madeira-vai-receber-a-comenda-bloco-rei-da-selva-do-waldemar-cachorro\/\">Continue a leitura <span class=\"meta-nav\">&raquo;<\/span><\/a><\/p>\n","protected":false},"author":1,"featured_media":0,"comment_status":"closed","ping_status":"open","sticky":false,"template":"","format":"standard","meta":{"_exactmetrics_skip_tracking":false,"_exactmetrics_sitenote_active":false,"_exactmetrics_sitenote_note":"","_exactmetrics_sitenote_category":0,"jetpack_post_was_ever_published":false,"_jetpack_newsletter_access":"","_jetpack_dont_email_post_to_subs":false,"_jetpack_newsletter_tier_id":0,"_jetpack_memberships_contains_paywalled_content":false,"_jetpack_memberships_contains_paid_content":false,"footnotes":"","jetpack_publicize_message":"","jetpack_publicize_feature_enabled":true,"jetpack_social_post_already_shared":true,"jetpack_social_options":{"image_generator_settings":{"template":"highway","enabled":false},"version":2}},"categories":[1],"tags":[],"class_list":["post-26499","post","type-post","status-publish","format-standard","hentry","category-notas"],"jetpack_publicize_connections":[],"jetpack_sharing_enabled":true,"jetpack_featured_media_url":"","jetpack_shortlink":"https:\/\/wp.me\/p7wKYW-6Tp","jetpack-related-posts":[],"_links":{"self":[{"href":"http:\/\/blogdalucianaoliveira.com.br\/blog\/wp-json\/wp\/v2\/posts\/26499","targetHints":{"allow":["GET"]}}],"collection":[{"href":"http:\/\/blogdalucianaoliveira.com.br\/blog\/wp-json\/wp\/v2\/posts"}],"about":[{"href":"http:\/\/blogdalucianaoliveira.com.br\/blog\/wp-json\/wp\/v2\/types\/post"}],"author":[{"embeddable":true,"href":"http:\/\/blogdalucianaoliveira.com.br\/blog\/wp-json\/wp\/v2\/users\/1"}],"replies":[{"embeddable":true,"href":"http:\/\/blogdalucianaoliveira.com.br\/blog\/wp-json\/wp\/v2\/comments?post=26499"}],"version-history":[{"count":1,"href":"http:\/\/blogdalucianaoliveira.com.br\/blog\/wp-json\/wp\/v2\/posts\/26499\/revisions"}],"predecessor-version":[{"id":26500,"href":"http:\/\/blogdalucianaoliveira.com.br\/blog\/wp-json\/wp\/v2\/posts\/26499\/revisions\/26500"}],"wp:attachment":[{"href":"http:\/\/blogdalucianaoliveira.com.br\/blog\/wp-json\/wp\/v2\/media?parent=26499"}],"wp:term":[{"taxonomy":"category","embeddable":true,"href":"http:\/\/blogdalucianaoliveira.com.br\/blog\/wp-json\/wp\/v2\/categories?post=26499"},{"taxonomy":"post_tag","embeddable":true,"href":"http:\/\/blogdalucianaoliveira.com.br\/blog\/wp-json\/wp\/v2\/tags?post=26499"}],"curies":[{"name":"wp","href":"https:\/\/api.w.org\/{rel}","templated":true}]}}