{"id":26501,"date":"2020-02-13T20:19:30","date_gmt":"2020-02-14T00:19:30","guid":{"rendered":"http:\/\/blogdalucianaoliveira.com.br\/blog\/?p=26501"},"modified":"2020-02-13T20:22:11","modified_gmt":"2020-02-14T00:22:11","slug":"bloco-pirarucu-do-madeira-tera-asfaltao-quilomboclada-e-banda-puraque","status":"publish","type":"post","link":"http:\/\/blogdalucianaoliveira.com.br\/blog\/2020\/02\/13\/bloco-pirarucu-do-madeira-tera-asfaltao-quilomboclada-e-banda-puraque\/","title":{"rendered":"Bloco Pirarucu do Madeira ter\u00e1 Asfalt\u00e3o, Quilomboclada e Banda Puraqu\u00e9"},"content":{"rendered":"\n<figure class=\"wp-block-image\"><img decoding=\"async\" src=\"https:\/\/scontent-gru1-1.xx.fbcdn.net\/v\/t1.0-9\/s960x960\/83494692_2476701419106099_2556607294720704512_o.jpg?_nc_cat=103&amp;_nc_ohc=hvSdD71NALEAX_N4Rb7&amp;_nc_ht=scontent-gru1-1.xx&amp;_nc_tp=7&amp;oh=6f1c779f71943c8f81dbe50af0f3ddaa&amp;oe=5ECDD28F\" alt=\"Nenhuma descri\u00e7\u00e3o de foto dispon\u00edvel.\"\/><\/figure>\n\n\n\n<p><\/p>\n\n\n\n<p>Uma pororoca cultural \u00e9 o que\npromete o bloco mais democr\u00e1tico do carnaval de Porto Velho.<\/p>\n\n\n\n<p>O Pirarucu do Madeira desfila no pr\u00f3ximo domingo com diversidade de ritmos e forte tradi\u00e7\u00e3o cultural regional.<\/p>\n\n\n\n<!--more-->\n\n\n\n<p>A concentra\u00e7\u00e3o para o desfile\ncome\u00e7a a partir das 14 horas com a bateria Pura Ra\u00e7a da Escola de Samba Asfalt\u00e3o,\ntricampe\u00e3 do carnaval.<\/p>\n\n\n\n<p>Em seguida entra a banda Quilomboclada com a MPB\u00c9RA, m\u00fasica que exalta a identidade beradeira e afro-ind\u00edgena.<\/p>\n\n\n\n<p>A banda Puraqu\u00e9 libera o desfile com frevos, marchinhas e sambas e este anos conta com a participa\u00e7\u00e3o especial do grupo As Pastoras.<\/p>\n\n\n\n<p>V\u00e3o junto outros tr\u00eas bloquinhos: Os Bocudos, Eu Te Avisei e Tambaqui \u00c9 Melhor Que Salm\u00e3o.<\/p>\n\n\n\n<p>A Comenda M\u00e9rito Cultural Bloco Rei da Selva, do Waldemar Cachorro, na categoria Selo Prata, ser\u00e1 entregue pela Associa\u00e7\u00e3o Cultural Rio Madeira, em parceria com o Programa Viva Rond\u00f4nia, do Anisinho Gorayeb, ao casal de beradeiros botocudos Ernande Segismundo e Luciana Oliveira, que receber\u00e3o a homenagem em nome de todo o bloco.<\/p>\n\n\n\n<p>&#8220;O PIRARUCU n\u00e3o \u00e9 um bloco qualquer, \u00e9 um Estado de Esp\u00edrito em s\u00e3o Devaneio! Nas suas 27 primaveras de muita folia sem p\u00e9 nem cabe\u00e7a, o Pirarucu \u00e9 uma Aquarela Brasileira, exalando os cinquenta tons do arco-\u00edris, com cheiro de Terra e de Povo frevando ao som dos batuques e clarins como uma horda de doces b\u00e1rbaros bailarinos saltitando ao sabor da alegria, vendendo sonhos e paix\u00f5es e levando para as ruas e becos o transl\u00facido esp\u00edrito de Macuna\u00edma!&#8221;, escreveu Ant\u00f4nio Serpa do Amaral.<br> <\/p>\n\n\n\n<p>A tradi\u00e7\u00e3o do bloco em\nhomenagear um elemento ou ritmo da cultura popular brasileira se cumprir\u00e1 com\nfoco nos povos ind\u00edgenas.<\/p>\n\n\n\n<p>O objetivo \u00e9 defender os\nterrit\u00f3rios e exaltar o valioso patrim\u00f4nio \u00e9tnico e cultural de mais de 30\npovos que vivem em aldeias espalhadas por todo o estado.<\/p>\n\n\n\n<p>O bloco vai levar ao circuito carnavalesco da Pinheiro Machado os dois primeiros frevos ind\u00edgenas do estado.<\/p>\n\n\n\n<p>Em frente \u00e0 Taba do Cacique,\nestabelecimento hist\u00f3rico onde o bloco foi fundado h\u00e1 27 anos, haver\u00e1 parada\ncom homenagem a Carm\u00eanio Barroso.<\/p>\n\n\n\n<p>O artista pl\u00e1stico Ismael Barreto \u00e9 o respons\u00e1vel pela alegoria de um pirarucu de 10 metros de comprimento e dois novos bonecos gigantes.<\/p>\n\n\n\n<figure class=\"wp-block-image size-large\"><img loading=\"lazy\" decoding=\"async\" width=\"2560\" height=\"1923\" data-attachment-id=\"26504\" data-permalink=\"http:\/\/blogdalucianaoliveira.com.br\/blog\/2020\/02\/13\/bloco-pirarucu-do-madeira-tera-asfaltao-quilomboclada-e-banda-puraque\/a7db2188-5617-4459-bf67-729d27282c89\/\" data-orig-file=\"https:\/\/i0.wp.com\/blogdalucianaoliveira.com.br\/blog\/wp-content\/uploads\/2020\/02\/A7DB2188-5617-4459-BF67-729D27282C89-scaled.jpeg?fit=2560%2C1923\" data-orig-size=\"2560,1923\" data-comments-opened=\"0\" data-image-meta=\"{&quot;aperture&quot;:&quot;0&quot;,&quot;credit&quot;:&quot;&quot;,&quot;camera&quot;:&quot;&quot;,&quot;caption&quot;:&quot;&quot;,&quot;created_timestamp&quot;:&quot;0&quot;,&quot;copyright&quot;:&quot;&quot;,&quot;focal_length&quot;:&quot;0&quot;,&quot;iso&quot;:&quot;0&quot;,&quot;shutter_speed&quot;:&quot;0&quot;,&quot;title&quot;:&quot;&quot;,&quot;orientation&quot;:&quot;1&quot;}\" data-image-title=\"A7DB2188-5617-4459-BF67-729D27282C89\" data-image-description=\"\" data-image-caption=\"\" data-medium-file=\"https:\/\/i0.wp.com\/blogdalucianaoliveira.com.br\/blog\/wp-content\/uploads\/2020\/02\/A7DB2188-5617-4459-BF67-729D27282C89-scaled.jpeg?fit=300%2C225\" data-large-file=\"https:\/\/i0.wp.com\/blogdalucianaoliveira.com.br\/blog\/wp-content\/uploads\/2020\/02\/A7DB2188-5617-4459-BF67-729D27282C89-scaled.jpeg?fit=600%2C451\" src=\"https:\/\/i1.wp.com\/blogdalucianaoliveira.com.br\/blog\/wp-content\/uploads\/2020\/02\/A7DB2188-5617-4459-BF67-729D27282C89-scaled.jpeg?fit=600%2C451\" alt=\"\" class=\"wp-image-26504\" srcset=\"https:\/\/i0.wp.com\/blogdalucianaoliveira.com.br\/blog\/wp-content\/uploads\/2020\/02\/A7DB2188-5617-4459-BF67-729D27282C89-scaled.jpeg?w=2560 2560w, https:\/\/i0.wp.com\/blogdalucianaoliveira.com.br\/blog\/wp-content\/uploads\/2020\/02\/A7DB2188-5617-4459-BF67-729D27282C89-scaled.jpeg?resize=300%2C225 300w, https:\/\/i0.wp.com\/blogdalucianaoliveira.com.br\/blog\/wp-content\/uploads\/2020\/02\/A7DB2188-5617-4459-BF67-729D27282C89-scaled.jpeg?resize=1024%2C769 1024w, https:\/\/i0.wp.com\/blogdalucianaoliveira.com.br\/blog\/wp-content\/uploads\/2020\/02\/A7DB2188-5617-4459-BF67-729D27282C89-scaled.jpeg?resize=768%2C577 768w, https:\/\/i0.wp.com\/blogdalucianaoliveira.com.br\/blog\/wp-content\/uploads\/2020\/02\/A7DB2188-5617-4459-BF67-729D27282C89-scaled.jpeg?resize=1536%2C1154 1536w, https:\/\/i0.wp.com\/blogdalucianaoliveira.com.br\/blog\/wp-content\/uploads\/2020\/02\/A7DB2188-5617-4459-BF67-729D27282C89-scaled.jpeg?resize=2048%2C1539 2048w, https:\/\/i0.wp.com\/blogdalucianaoliveira.com.br\/blog\/wp-content\/uploads\/2020\/02\/A7DB2188-5617-4459-BF67-729D27282C89-scaled.jpeg?resize=399%2C300 399w, https:\/\/i0.wp.com\/blogdalucianaoliveira.com.br\/blog\/wp-content\/uploads\/2020\/02\/A7DB2188-5617-4459-BF67-729D27282C89-scaled.jpeg?w=1200 1200w, https:\/\/i0.wp.com\/blogdalucianaoliveira.com.br\/blog\/wp-content\/uploads\/2020\/02\/A7DB2188-5617-4459-BF67-729D27282C89-scaled.jpeg?w=1800 1800w\" sizes=\"auto, (max-width: 600px) 100vw, 600px\" \/><\/figure>\n\n\n\n<p>\u201cEsse Pirarucu t\u00e1 esfomeado de\nalegria. O povo precisa de momentos m\u00e1gicos, seguros e alegres como tentamos\noferecer com o bloco. A vida sem confraterniza\u00e7\u00e3o popular ningu\u00e9m aguenta\u201d,\ndisse o presidente Ernande Segismundo.<\/p>\n\n\n\n<p>O desfile est\u00e1 previsto para\nas 16 horas, na avenida Pinheiro Machado, ao lado do gin\u00e1sio Cl\u00e1udio Coutinho. &nbsp;<\/p>\n","protected":false},"excerpt":{"rendered":"<p>Uma pororoca cultural \u00e9 o que promete o bloco mais democr\u00e1tico do carnaval de Porto Velho. O Pirarucu do Madeira desfila no pr\u00f3ximo domingo com diversidade de ritmos e forte tradi\u00e7\u00e3o cultural regional.<\/p>\n","protected":false},"author":1,"featured_media":0,"comment_status":"closed","ping_status":"open","sticky":false,"template":"","format":"standard","meta":{"_exactmetrics_skip_tracking":false,"_exactmetrics_sitenote_active":false,"_exactmetrics_sitenote_note":"","_exactmetrics_sitenote_category":0,"jetpack_post_was_ever_published":false,"_jetpack_newsletter_access":"","_jetpack_dont_email_post_to_subs":false,"_jetpack_newsletter_tier_id":0,"_jetpack_memberships_contains_paywalled_content":false,"_jetpack_memberships_contains_paid_content":false,"footnotes":"","jetpack_publicize_message":"","jetpack_publicize_feature_enabled":true,"jetpack_social_post_already_shared":true,"jetpack_social_options":{"image_generator_settings":{"template":"highway","enabled":false},"version":2}},"categories":[1],"tags":[],"class_list":["post-26501","post","type-post","status-publish","format-standard","hentry","category-notas"],"jetpack_publicize_connections":[],"jetpack_sharing_enabled":true,"jetpack_featured_media_url":"","jetpack_shortlink":"https:\/\/wp.me\/p7wKYW-6Tr","jetpack-related-posts":[],"_links":{"self":[{"href":"http:\/\/blogdalucianaoliveira.com.br\/blog\/wp-json\/wp\/v2\/posts\/26501","targetHints":{"allow":["GET"]}}],"collection":[{"href":"http:\/\/blogdalucianaoliveira.com.br\/blog\/wp-json\/wp\/v2\/posts"}],"about":[{"href":"http:\/\/blogdalucianaoliveira.com.br\/blog\/wp-json\/wp\/v2\/types\/post"}],"author":[{"embeddable":true,"href":"http:\/\/blogdalucianaoliveira.com.br\/blog\/wp-json\/wp\/v2\/users\/1"}],"replies":[{"embeddable":true,"href":"http:\/\/blogdalucianaoliveira.com.br\/blog\/wp-json\/wp\/v2\/comments?post=26501"}],"version-history":[{"count":2,"href":"http:\/\/blogdalucianaoliveira.com.br\/blog\/wp-json\/wp\/v2\/posts\/26501\/revisions"}],"predecessor-version":[{"id":26505,"href":"http:\/\/blogdalucianaoliveira.com.br\/blog\/wp-json\/wp\/v2\/posts\/26501\/revisions\/26505"}],"wp:attachment":[{"href":"http:\/\/blogdalucianaoliveira.com.br\/blog\/wp-json\/wp\/v2\/media?parent=26501"}],"wp:term":[{"taxonomy":"category","embeddable":true,"href":"http:\/\/blogdalucianaoliveira.com.br\/blog\/wp-json\/wp\/v2\/categories?post=26501"},{"taxonomy":"post_tag","embeddable":true,"href":"http:\/\/blogdalucianaoliveira.com.br\/blog\/wp-json\/wp\/v2\/tags?post=26501"}],"curies":[{"name":"wp","href":"https:\/\/api.w.org\/{rel}","templated":true}]}}