{"id":26510,"date":"2020-02-14T10:41:20","date_gmt":"2020-02-14T14:41:20","guid":{"rendered":"http:\/\/blogdalucianaoliveira.com.br\/blog\/?p=26510"},"modified":"2020-02-14T10:48:32","modified_gmt":"2020-02-14T14:48:32","slug":"informalidade-recorde-rondonia-no-topo","status":"publish","type":"post","link":"http:\/\/blogdalucianaoliveira.com.br\/blog\/2020\/02\/14\/informalidade-recorde-rondonia-no-topo\/","title":{"rendered":"Informalidade recorde; Rond\u00f4nia no topo"},"content":{"rendered":"\n<figure class=\"wp-block-image size-large\"><img data-recalc-dims=\"1\" loading=\"lazy\" decoding=\"async\" width=\"600\" height=\"750\" data-attachment-id=\"26511\" data-permalink=\"http:\/\/blogdalucianaoliveira.com.br\/blog\/2020\/02\/14\/informalidade-recorde-rondonia-no-topo\/a699b413-0bb6-4d15-90f4-4e5d5be0b032\/\" data-orig-file=\"https:\/\/i0.wp.com\/blogdalucianaoliveira.com.br\/blog\/wp-content\/uploads\/2020\/02\/A699B413-0BB6-4D15-90F4-4E5D5BE0B032.jpeg?fit=720%2C900\" data-orig-size=\"720,900\" data-comments-opened=\"0\" data-image-meta=\"{&quot;aperture&quot;:&quot;0&quot;,&quot;credit&quot;:&quot;&quot;,&quot;camera&quot;:&quot;&quot;,&quot;caption&quot;:&quot;&quot;,&quot;created_timestamp&quot;:&quot;0&quot;,&quot;copyright&quot;:&quot;&quot;,&quot;focal_length&quot;:&quot;0&quot;,&quot;iso&quot;:&quot;0&quot;,&quot;shutter_speed&quot;:&quot;0&quot;,&quot;title&quot;:&quot;&quot;,&quot;orientation&quot;:&quot;1&quot;}\" data-image-title=\"A699B413-0BB6-4D15-90F4-4E5D5BE0B032\" data-image-description=\"\" data-image-caption=\"\" data-medium-file=\"https:\/\/i0.wp.com\/blogdalucianaoliveira.com.br\/blog\/wp-content\/uploads\/2020\/02\/A699B413-0BB6-4D15-90F4-4E5D5BE0B032.jpeg?fit=240%2C300\" data-large-file=\"https:\/\/i0.wp.com\/blogdalucianaoliveira.com.br\/blog\/wp-content\/uploads\/2020\/02\/A699B413-0BB6-4D15-90F4-4E5D5BE0B032.jpeg?fit=600%2C750\" src=\"https:\/\/i0.wp.com\/blogdalucianaoliveira.com.br\/blog\/wp-content\/uploads\/2020\/02\/A699B413-0BB6-4D15-90F4-4E5D5BE0B032.jpeg?resize=600%2C750\" alt=\"\" class=\"wp-image-26511\" srcset=\"https:\/\/i0.wp.com\/blogdalucianaoliveira.com.br\/blog\/wp-content\/uploads\/2020\/02\/A699B413-0BB6-4D15-90F4-4E5D5BE0B032.jpeg?w=720 720w, https:\/\/i0.wp.com\/blogdalucianaoliveira.com.br\/blog\/wp-content\/uploads\/2020\/02\/A699B413-0BB6-4D15-90F4-4E5D5BE0B032.jpeg?resize=240%2C300 240w\" sizes=\"auto, (max-width: 600px) 100vw, 600px\" \/><\/figure>\n\n\n\n<h4 class=\"wp-block-heading\">Desemprego cai em 16 estados em 2019, mas 20 t\u00eam informalidade recorde<\/h4>\n\n\n\n<!--more-->\n\n\n\n<p>Maiores taxas de desemprego foram registradas no Amap\u00e1 (17,4%) e na Bahia (17,2%), enquanto que a menor foi a de Santa Catarina (6,1%). Em 11 estados, taxa de informalidade ultrapassou 50%.&nbsp;<\/p>\n\n\n\n<p><br>Por Darlan Alvarenga e Daniel Silveira, G1<\/p>\n\n\n\n<p>A taxa m\u00e9dia de desemprego em 2019 caiu em 16 estados do pa\u00eds, acompanhando a m\u00e9dia nacional, que caiu de 12,3% em 2018 para 11,9% no ano passado, segundo divulgou nesta sexta-feira (14) o Instituto Brasileiro de Geografia e Estat\u00edstica (IBGE).<\/p>\n\n\n\n<p>As maiores taxas ficaram no Amap\u00e1 (17,4%) e na Bahia (17,2%), enquanto as menores foram registradas em Santa Catarina (6,1%) e nos estados de Rond\u00f4nia, Rio Grande do Sul, Mato Grosso do Sul e Mato Grosso, todos os 4 com 8% na m\u00e9dia anual.<\/p>\n\n\n\n<p>Apesar da queda no desemprego no ano passado, a&nbsp;<strong>taxa m\u00e9dia anual de informalidade em 2019 ficou em 41,1% da popula\u00e7\u00e3o ocupada<\/strong>, maior n\u00edvel desde 2016, e tamb\u00e9m foi recorde em 20 estados. O indicador refere-se a soma dos trabalhadores sem carteira, trabalhadores dom\u00e9sticos sem carteira, empregador sem CNPJ, conta pr\u00f3pria sem CNPJ e trabalhador familiar auxiliar.<\/p>\n\n\n\n<p>Entre as unidades da federa\u00e7\u00e3o, as&nbsp;<strong>maiores taxas de informalidade em 2019 foram registradas no Par\u00e1 (62,4%) e Maranh\u00e3o (60,5%)&nbsp;<\/strong>e as menores em Santa Catarina (27,3%) e Distrito Federal (29,6%).<\/p>\n\n\n\n<p>Das 27 unidades da federa\u00e7\u00e3o, 18 registraram taxa de informalidade acima da m\u00e9dia nacional em 2019.\u00a0<strong>Em 11 estados, a taxa de informalidade ultrapassou 50%.\u00a0<\/strong>Apenas Distrito Federal e Santa Catarina tiveram taxas de informalidade abaixo de 30%.<\/p>\n\n\n\n<figure class=\"wp-block-image size-large\"><img data-recalc-dims=\"1\" loading=\"lazy\" decoding=\"async\" width=\"600\" height=\"803\" data-attachment-id=\"26515\" data-permalink=\"http:\/\/blogdalucianaoliveira.com.br\/blog\/2020\/02\/14\/informalidade-recorde-rondonia-no-topo\/5266bb1b-8039-4f43-adba-71a809ae81b3\/\" data-orig-file=\"https:\/\/i0.wp.com\/blogdalucianaoliveira.com.br\/blog\/wp-content\/uploads\/2020\/02\/5266BB1B-8039-4F43-ADBA-71A809AE81B3.jpeg?fit=750%2C1004\" data-orig-size=\"750,1004\" data-comments-opened=\"0\" data-image-meta=\"{&quot;aperture&quot;:&quot;0&quot;,&quot;credit&quot;:&quot;&quot;,&quot;camera&quot;:&quot;&quot;,&quot;caption&quot;:&quot;&quot;,&quot;created_timestamp&quot;:&quot;0&quot;,&quot;copyright&quot;:&quot;&quot;,&quot;focal_length&quot;:&quot;0&quot;,&quot;iso&quot;:&quot;0&quot;,&quot;shutter_speed&quot;:&quot;0&quot;,&quot;title&quot;:&quot;&quot;,&quot;orientation&quot;:&quot;0&quot;}\" data-image-title=\"5266BB1B-8039-4F43-ADBA-71A809AE81B3\" data-image-description=\"\" data-image-caption=\"\" data-medium-file=\"https:\/\/i0.wp.com\/blogdalucianaoliveira.com.br\/blog\/wp-content\/uploads\/2020\/02\/5266BB1B-8039-4F43-ADBA-71A809AE81B3.jpeg?fit=224%2C300\" data-large-file=\"https:\/\/i0.wp.com\/blogdalucianaoliveira.com.br\/blog\/wp-content\/uploads\/2020\/02\/5266BB1B-8039-4F43-ADBA-71A809AE81B3.jpeg?fit=600%2C803\" src=\"https:\/\/i0.wp.com\/blogdalucianaoliveira.com.br\/blog\/wp-content\/uploads\/2020\/02\/5266BB1B-8039-4F43-ADBA-71A809AE81B3.jpeg?resize=600%2C803\" alt=\"\" class=\"wp-image-26515\" srcset=\"https:\/\/i0.wp.com\/blogdalucianaoliveira.com.br\/blog\/wp-content\/uploads\/2020\/02\/5266BB1B-8039-4F43-ADBA-71A809AE81B3.jpeg?w=750 750w, https:\/\/i0.wp.com\/blogdalucianaoliveira.com.br\/blog\/wp-content\/uploads\/2020\/02\/5266BB1B-8039-4F43-ADBA-71A809AE81B3.jpeg?resize=224%2C300 224w\" sizes=\"auto, (max-width: 600px) 100vw, 600px\" \/><\/figure>\n\n\n\n<p>A<a href=\"https:\/\/g1.globo.com\/economia\/noticia\/2020\/01\/31\/desemprego-fica-em-11percent-em-dezembro-diz-ibge.ghtml\">&nbsp;taxa m\u00e9dia de desemprego no Brasil ficou em 11,9% em 2019<\/a>, conforme j\u00e1 tinha sido divulgado anteriormente pelo IBGE. No trimestre encerrado em dezembro, a taxa de desocupa\u00e7\u00e3o ficou em 11%, atingindo 11,6 milh\u00f5es de pessoas. As maiores taxas foram observadas na Bahia (16,4%), Amap\u00e1 (15,6%), Sergipe e Roraima (14,8%) e as menores em Santa Catarina (5,3%), Mato Grosso (6,4%) e Mato Grosso do Sul (6,5%).&nbsp;<\/p>\n\n\n\n<p>J\u00e1 a popula\u00e7\u00e3o ocupada somou 93,3 milh\u00f5es de brasileiros em 2019, contra 91,5 milh\u00f5es em 2018.<\/p>\n\n\n\n<blockquote class=\"wp-block-quote is-layout-flow wp-block-quote-is-layout-flow\"><p>\u201cMesmo com a queda no desemprego, em v\u00e1rios estados a gente observa que a taxa de informalidade \u00e9 superior ao crescimento da popula\u00e7\u00e3o ocupada. No Brasil, do acr\u00e9scimo de 1,819 milh\u00e3o de pessoas ocupadas, um milh\u00e3o \u00e9 de pessoas na condi\u00e7\u00e3o de trabalhador informal&#8230; Em praticamente todo o pa\u00eds, quem tem sustentado o crescimento da ocupa\u00e7\u00e3o \u00e9 a informalidade\u201d, observou a analista da pesquisa, Adriana Beringuy.<\/p><\/blockquote>\n\n\n\n<p>O&nbsp;<strong>n\u00famero de desalentados (pessoas que desistiram de procurar emprego) ficou est\u00e1vel em 4,6 milh\u00f5es&nbsp;<\/strong>de pessoas no 4\u00ba trimestre. O maior contingente estava na Bahia (774 mil), que respondia por 16,8% do contingente nacional.<\/p>\n\n\n\n<p>J\u00e1 a taxa m\u00e9dia anual de subutiliza\u00e7\u00e3o (pessoas desocupadas, subocupadas por insufici\u00eancia de horas trabalhadas ou subaproveitadas pelo mercado) ficou em 24,2% em 2019, pouco menor que a de 2018 (24,3%).<\/p>\n\n\n\n<p>Segundo Adriana, a pesquisa trouxe indicadores que apontam para uma melhora quantitativa do mercado de trabalho, como o aumento da popula\u00e7\u00e3o ocupada e a redu\u00e7\u00e3o do tempo de espera para sair do desemprego.&nbsp;<\/p>\n\n\n\n<p>&#8220;Em termos estruturais do mercado de trabalho, 2019 \u00e9 um ano importante porque \u00e9 o terceiro ano em que se observa uma melhora quantitativa, mas mesmo assim ainda observamos que indicadores ligados \u00e0 qualidade do trabalho que precisam melhorar&#8221;, avaliou.<\/p>\n\n\n\n<h2 class=\"wp-block-heading\">S\u00f3 SP e MT tiveram alta no emprego com carteira assinada<\/h2>\n\n\n\n<p>Na compara\u00e7\u00e3o com 2018, apenas Mato Grosso e S\u00e3o Paulo tiveram aumento no n\u00famero de trabalhadores com carteira assinada &#8211; respetivamente 44 mil e 472 mil a mais, segundo o IBGE.<\/p>\n\n\n\n<p>Questionada sobre o que influenciou esse aumento do trabalho formal sobretudo em S\u00e3o Paulo, a gerente da pesquisa, Adriana Beringuy, disse n\u00e3o ser poss\u00edvel afirmar com precis\u00e3o. &#8220;Tudo indica que foi uma soma de pequenas rea\u00e7\u00f5es em alguns setores [econ\u00f4micos]&#8221;, disse.<\/p>\n\n\n\n<p>O aumento do emprego formal no estado de S\u00e3o Paulo correspondeu a 51,5% do saldo l\u00edquido positivo do emprego com carteira assinada no pa\u00eds. &#8220;Isso mostra a import\u00e2ncia desse estado na gera\u00e7\u00e3o de emprego formal no pa\u00eds.<\/p>\n\n\n\n<p>Os maiores percentuais de trabalhadores com carteira de trabalho assinada no setor privado foi registrado em Santa Catarina (87,7%), Paran\u00e1 (81,2%) e Rio Grande do Sul (80,7%) e os menores, no Maranh\u00e3o (47,6%), Piau\u00ed (52,5%) e Par\u00e1 (52,6%).&nbsp;<\/p>\n\n\n\n<p>J\u00e1 o maior percentual de trabalhadores sem carteira assinada foi o do Maranh\u00e3o (52,4%), \u00fanico estado em que esse percentual foi superior \u00e0 metade do total dos empregados no setor privado.<\/p>\n\n\n\n<figure class=\"wp-block-image size-large\"><img data-recalc-dims=\"1\" loading=\"lazy\" decoding=\"async\" width=\"600\" height=\"435\" data-attachment-id=\"26516\" data-permalink=\"http:\/\/blogdalucianaoliveira.com.br\/blog\/2020\/02\/14\/informalidade-recorde-rondonia-no-topo\/380d05c1-8130-475c-8d54-382414453469\/\" data-orig-file=\"https:\/\/i0.wp.com\/blogdalucianaoliveira.com.br\/blog\/wp-content\/uploads\/2020\/02\/380D05C1-8130-475C-8D54-382414453469.jpeg?fit=750%2C544\" data-orig-size=\"750,544\" data-comments-opened=\"0\" data-image-meta=\"{&quot;aperture&quot;:&quot;0&quot;,&quot;credit&quot;:&quot;&quot;,&quot;camera&quot;:&quot;&quot;,&quot;caption&quot;:&quot;&quot;,&quot;created_timestamp&quot;:&quot;0&quot;,&quot;copyright&quot;:&quot;&quot;,&quot;focal_length&quot;:&quot;0&quot;,&quot;iso&quot;:&quot;0&quot;,&quot;shutter_speed&quot;:&quot;0&quot;,&quot;title&quot;:&quot;&quot;,&quot;orientation&quot;:&quot;0&quot;}\" data-image-title=\"380D05C1-8130-475C-8D54-382414453469\" data-image-description=\"\" data-image-caption=\"\" data-medium-file=\"https:\/\/i0.wp.com\/blogdalucianaoliveira.com.br\/blog\/wp-content\/uploads\/2020\/02\/380D05C1-8130-475C-8D54-382414453469.jpeg?fit=300%2C218\" data-large-file=\"https:\/\/i0.wp.com\/blogdalucianaoliveira.com.br\/blog\/wp-content\/uploads\/2020\/02\/380D05C1-8130-475C-8D54-382414453469.jpeg?fit=600%2C435\" src=\"https:\/\/i0.wp.com\/blogdalucianaoliveira.com.br\/blog\/wp-content\/uploads\/2020\/02\/380D05C1-8130-475C-8D54-382414453469.jpeg?resize=600%2C435\" alt=\"\" class=\"wp-image-26516\" srcset=\"https:\/\/i0.wp.com\/blogdalucianaoliveira.com.br\/blog\/wp-content\/uploads\/2020\/02\/380D05C1-8130-475C-8D54-382414453469.jpeg?w=750 750w, https:\/\/i0.wp.com\/blogdalucianaoliveira.com.br\/blog\/wp-content\/uploads\/2020\/02\/380D05C1-8130-475C-8D54-382414453469.jpeg?resize=300%2C218 300w, https:\/\/i0.wp.com\/blogdalucianaoliveira.com.br\/blog\/wp-content\/uploads\/2020\/02\/380D05C1-8130-475C-8D54-382414453469.jpeg?resize=414%2C300 414w\" sizes=\"auto, (max-width: 600px) 100vw, 600px\" \/><\/figure>\n\n\n\n<h2 class=\"wp-block-heading\">Renda estagnada<\/h2>\n\n\n\n<p>No 4\u00ba trimestre de 2019, o rendimento m\u00e9dio real dos brasileiros ocupados foi estimado em R$ 2.340, ficando est\u00e1vel em rela\u00e7\u00e3o ao trimestre anterior e ao \u00faltimo trimestre de 2018.<\/p>\n\n\n\n<p>O rendimento m\u00e9dio dos trabalhadores com carteira ficou em R$ 2.197 contra R$ 1.442 dos empregados sem carteira e de R$ 1.711 dos trabalhadores por conta pr\u00f3pria.<\/p>\n\n\n\n<p>Na an\u00e1lise por estados, Alagoas (R$ 1.501) teve redu\u00e7\u00e3o de 8,8% na compara\u00e7\u00e3o anual e Rio de Janeiro (R$ 2.816) teve aumento de 5,1%. Nos demais, houve estabilidade.<\/p>\n\n\n\n<p><\/p>\n","protected":false},"excerpt":{"rendered":"<p>Desemprego cai em 16 estados em 2019, mas 20 t\u00eam informalidade recorde<\/p>\n","protected":false},"author":1,"featured_media":0,"comment_status":"closed","ping_status":"open","sticky":false,"template":"","format":"standard","meta":{"_exactmetrics_skip_tracking":false,"_exactmetrics_sitenote_active":false,"_exactmetrics_sitenote_note":"","_exactmetrics_sitenote_category":0,"jetpack_post_was_ever_published":false,"_jetpack_newsletter_access":"","_jetpack_dont_email_post_to_subs":false,"_jetpack_newsletter_tier_id":0,"_jetpack_memberships_contains_paywalled_content":false,"_jetpack_memberships_contains_paid_content":false,"footnotes":"","jetpack_publicize_message":"","jetpack_publicize_feature_enabled":true,"jetpack_social_post_already_shared":true,"jetpack_social_options":{"image_generator_settings":{"template":"highway","enabled":false},"version":2}},"categories":[1],"tags":[],"class_list":["post-26510","post","type-post","status-publish","format-standard","hentry","category-notas"],"jetpack_publicize_connections":[],"jetpack_sharing_enabled":true,"jetpack_featured_media_url":"","jetpack_shortlink":"https:\/\/wp.me\/p7wKYW-6TA","jetpack-related-posts":[],"_links":{"self":[{"href":"http:\/\/blogdalucianaoliveira.com.br\/blog\/wp-json\/wp\/v2\/posts\/26510","targetHints":{"allow":["GET"]}}],"collection":[{"href":"http:\/\/blogdalucianaoliveira.com.br\/blog\/wp-json\/wp\/v2\/posts"}],"about":[{"href":"http:\/\/blogdalucianaoliveira.com.br\/blog\/wp-json\/wp\/v2\/types\/post"}],"author":[{"embeddable":true,"href":"http:\/\/blogdalucianaoliveira.com.br\/blog\/wp-json\/wp\/v2\/users\/1"}],"replies":[{"embeddable":true,"href":"http:\/\/blogdalucianaoliveira.com.br\/blog\/wp-json\/wp\/v2\/comments?post=26510"}],"version-history":[{"count":2,"href":"http:\/\/blogdalucianaoliveira.com.br\/blog\/wp-json\/wp\/v2\/posts\/26510\/revisions"}],"predecessor-version":[{"id":26517,"href":"http:\/\/blogdalucianaoliveira.com.br\/blog\/wp-json\/wp\/v2\/posts\/26510\/revisions\/26517"}],"wp:attachment":[{"href":"http:\/\/blogdalucianaoliveira.com.br\/blog\/wp-json\/wp\/v2\/media?parent=26510"}],"wp:term":[{"taxonomy":"category","embeddable":true,"href":"http:\/\/blogdalucianaoliveira.com.br\/blog\/wp-json\/wp\/v2\/categories?post=26510"},{"taxonomy":"post_tag","embeddable":true,"href":"http:\/\/blogdalucianaoliveira.com.br\/blog\/wp-json\/wp\/v2\/tags?post=26510"}],"curies":[{"name":"wp","href":"https:\/\/api.w.org\/{rel}","templated":true}]}}