{"id":26518,"date":"2020-02-14T15:08:11","date_gmt":"2020-02-14T19:08:11","guid":{"rendered":"http:\/\/blogdalucianaoliveira.com.br\/blog\/?p=26518"},"modified":"2020-02-14T15:08:24","modified_gmt":"2020-02-14T19:08:24","slug":"jornalistas-que-investigavam-morte-de-adriano-da-nobrega-sao-presos-pela-pm-da-bahia","status":"publish","type":"post","link":"http:\/\/blogdalucianaoliveira.com.br\/blog\/2020\/02\/14\/jornalistas-que-investigavam-morte-de-adriano-da-nobrega-sao-presos-pela-pm-da-bahia\/","title":{"rendered":"Jornalistas que investigavam morte de Adriano da N\u00f3brega s\u00e3o presos pela PM da Bahia"},"content":{"rendered":"\n<figure class=\"wp-block-image size-large\"><img data-recalc-dims=\"1\" loading=\"lazy\" decoding=\"async\" width=\"500\" height=\"240\" data-attachment-id=\"26519\" data-permalink=\"http:\/\/blogdalucianaoliveira.com.br\/blog\/2020\/02\/14\/jornalistas-que-investigavam-morte-de-adriano-da-nobrega-sao-presos-pela-pm-da-bahia\/image-38-3\/\" data-orig-file=\"https:\/\/i0.wp.com\/blogdalucianaoliveira.com.br\/blog\/wp-content\/uploads\/2020\/02\/image-38.jpeg?fit=500%2C240\" data-orig-size=\"500,240\" data-comments-opened=\"0\" data-image-meta=\"{&quot;aperture&quot;:&quot;0&quot;,&quot;credit&quot;:&quot;&quot;,&quot;camera&quot;:&quot;&quot;,&quot;caption&quot;:&quot;&quot;,&quot;created_timestamp&quot;:&quot;0&quot;,&quot;copyright&quot;:&quot;&quot;,&quot;focal_length&quot;:&quot;0&quot;,&quot;iso&quot;:&quot;0&quot;,&quot;shutter_speed&quot;:&quot;0&quot;,&quot;title&quot;:&quot;&quot;,&quot;orientation&quot;:&quot;0&quot;}\" data-image-title=\"image-38\" data-image-description=\"\" data-image-caption=\"\" data-medium-file=\"https:\/\/i0.wp.com\/blogdalucianaoliveira.com.br\/blog\/wp-content\/uploads\/2020\/02\/image-38.jpeg?fit=300%2C144\" data-large-file=\"https:\/\/i0.wp.com\/blogdalucianaoliveira.com.br\/blog\/wp-content\/uploads\/2020\/02\/image-38.jpeg?fit=500%2C240\" src=\"https:\/\/i0.wp.com\/blogdalucianaoliveira.com.br\/blog\/wp-content\/uploads\/2020\/02\/image-38.jpeg?resize=500%2C240\" alt=\"\" class=\"wp-image-26519\" srcset=\"https:\/\/i0.wp.com\/blogdalucianaoliveira.com.br\/blog\/wp-content\/uploads\/2020\/02\/image-38.jpeg?w=500 500w, https:\/\/i0.wp.com\/blogdalucianaoliveira.com.br\/blog\/wp-content\/uploads\/2020\/02\/image-38.jpeg?resize=300%2C144 300w\" sizes=\"auto, (max-width: 500px) 100vw, 500px\" \/><\/figure>\n\n\n\n<p><strong>247<\/strong>&nbsp;&#8211; Dias depois de assassinar o ex-capit\u00e3o da Pol\u00edcia Militar Adriano da N\u00f3brega, a PM da Bahia prendeu nesta sexta-feira 14 dois rep\u00f3rteres que investigavam a morte do miliciano ligado \u00e0 fam\u00edlia de Jair Bolsonaro.<\/p>\n\n\n\n<!--more-->\n\n\n\n<p>Mesmo identificados como jornalistas, os rep\u00f3rteres Hugo Marques e Cristiano Mariz, da Veja, foram detidos enquanto tentavam entrevistar o fazendeiro Leandro Abreu Guimar\u00e3es, suspeito no caso do assassinato.<\/p>\n\n\n\n<p>Segundo a Veja, mesmo depois de apresentarem suas credenciais de jornalistas, os policiais, de armas em punho, determinaram que os dois sa\u00edssem do carro, levantassem as m\u00e3os, abrissem as pernas para serem revistados. \u201cComo \u00e9 que voc\u00eas descobriram esse endere\u00e7o?\u201d, indagou v\u00e1rias vezes um dos soldados.<\/p>\n\n\n\n<p>O rep\u00f3rter e o fot\u00f3grafo foram revistados e depois conduzidos \u00e0 delegacia. Os policiais apreenderam o gravador de Marques com diversas entrevistas realizadas ao longo da semana. Os dois foram liberados ap\u00f3s 20 minutos. Um agente que se identificou como S\u00e9rgio Pinheiro informou ao ve\u00edculo que a deten\u00e7\u00e3o foi uma medida de seguran\u00e7a.&nbsp;<\/p>\n\n\n\n<p><a target=\"_blank\" href=\"https:\/\/www.brasil247.com\/regionais\/sudeste\/veja-tem-acesso-a-fotos-de-miliciano-morto-que-reforcam-tese-de-queima-de-arquivo\" rel=\"noreferrer noopener\">A revista publicou na noite desta quinta fotos do corpo de Adriano<\/a>, que refor\u00e7am a tese de que ele foi executado &#8211; e n\u00e3o morto em meio a um tiroteio, como foi alegado pelas pol\u00edcias do Rio e da Bahia, que realizaram a opera\u00e7\u00e3o.<\/p>\n\n\n\n<p>O laudo sobre a morte registrou ainda que dois tiros foram disparados contra Adriano a uma dist\u00e2ncia curta. &#8220;Al\u00e9m disso, as imagens revelam um ferimento na cabe\u00e7a do ex-capit\u00e3o, logo abaixo do queixo, queimaduras do lado esquerdo do peito e um corte na testa&#8221;, diz a reportagem.<\/p>\n","protected":false},"excerpt":{"rendered":"<p>247&nbsp;&#8211; Dias depois de assassinar o ex-capit\u00e3o da Pol\u00edcia Militar Adriano da N\u00f3brega, a PM da Bahia prendeu nesta sexta-feira 14 dois rep\u00f3rteres que investigavam a morte do miliciano ligado \u00e0 fam\u00edlia de Jair Bolsonaro.<\/p>\n","protected":false},"author":1,"featured_media":0,"comment_status":"closed","ping_status":"open","sticky":false,"template":"","format":"standard","meta":{"_exactmetrics_skip_tracking":false,"_exactmetrics_sitenote_active":false,"_exactmetrics_sitenote_note":"","_exactmetrics_sitenote_category":0,"jetpack_post_was_ever_published":false,"_jetpack_newsletter_access":"","_jetpack_dont_email_post_to_subs":false,"_jetpack_newsletter_tier_id":0,"_jetpack_memberships_contains_paywalled_content":false,"_jetpack_memberships_contains_paid_content":false,"footnotes":"","jetpack_publicize_message":"","jetpack_publicize_feature_enabled":true,"jetpack_social_post_already_shared":true,"jetpack_social_options":{"image_generator_settings":{"template":"highway","enabled":false},"version":2}},"categories":[1],"tags":[],"class_list":["post-26518","post","type-post","status-publish","format-standard","hentry","category-notas"],"jetpack_publicize_connections":[],"jetpack_sharing_enabled":true,"jetpack_featured_media_url":"","jetpack_shortlink":"https:\/\/wp.me\/p7wKYW-6TI","jetpack-related-posts":[],"_links":{"self":[{"href":"http:\/\/blogdalucianaoliveira.com.br\/blog\/wp-json\/wp\/v2\/posts\/26518","targetHints":{"allow":["GET"]}}],"collection":[{"href":"http:\/\/blogdalucianaoliveira.com.br\/blog\/wp-json\/wp\/v2\/posts"}],"about":[{"href":"http:\/\/blogdalucianaoliveira.com.br\/blog\/wp-json\/wp\/v2\/types\/post"}],"author":[{"embeddable":true,"href":"http:\/\/blogdalucianaoliveira.com.br\/blog\/wp-json\/wp\/v2\/users\/1"}],"replies":[{"embeddable":true,"href":"http:\/\/blogdalucianaoliveira.com.br\/blog\/wp-json\/wp\/v2\/comments?post=26518"}],"version-history":[{"count":1,"href":"http:\/\/blogdalucianaoliveira.com.br\/blog\/wp-json\/wp\/v2\/posts\/26518\/revisions"}],"predecessor-version":[{"id":26520,"href":"http:\/\/blogdalucianaoliveira.com.br\/blog\/wp-json\/wp\/v2\/posts\/26518\/revisions\/26520"}],"wp:attachment":[{"href":"http:\/\/blogdalucianaoliveira.com.br\/blog\/wp-json\/wp\/v2\/media?parent=26518"}],"wp:term":[{"taxonomy":"category","embeddable":true,"href":"http:\/\/blogdalucianaoliveira.com.br\/blog\/wp-json\/wp\/v2\/categories?post=26518"},{"taxonomy":"post_tag","embeddable":true,"href":"http:\/\/blogdalucianaoliveira.com.br\/blog\/wp-json\/wp\/v2\/tags?post=26518"}],"curies":[{"name":"wp","href":"https:\/\/api.w.org\/{rel}","templated":true}]}}