{"id":26521,"date":"2020-02-14T15:16:09","date_gmt":"2020-02-14T19:16:09","guid":{"rendered":"http:\/\/blogdalucianaoliveira.com.br\/blog\/?p=26521"},"modified":"2020-02-14T15:16:20","modified_gmt":"2020-02-14T19:16:20","slug":"com-planalto-militarizado-bolsonaro-fecha-se-ao-congresso","status":"publish","type":"post","link":"http:\/\/blogdalucianaoliveira.com.br\/blog\/2020\/02\/14\/com-planalto-militarizado-bolsonaro-fecha-se-ao-congresso\/","title":{"rendered":"Com Planalto militarizado, Bolsonaro fecha-se ao Congresso"},"content":{"rendered":"\n<figure class=\"wp-block-image size-large\"><img data-recalc-dims=\"1\" loading=\"lazy\" decoding=\"async\" width=\"600\" height=\"360\" data-attachment-id=\"26522\" data-permalink=\"http:\/\/blogdalucianaoliveira.com.br\/blog\/2020\/02\/14\/com-planalto-militarizado-bolsonaro-fecha-se-ao-congresso\/image-39-3\/\" data-orig-file=\"https:\/\/i0.wp.com\/blogdalucianaoliveira.com.br\/blog\/wp-content\/uploads\/2020\/02\/image-39.jpeg?fit=768%2C461\" data-orig-size=\"768,461\" data-comments-opened=\"0\" data-image-meta=\"{&quot;aperture&quot;:&quot;0&quot;,&quot;credit&quot;:&quot;&quot;,&quot;camera&quot;:&quot;&quot;,&quot;caption&quot;:&quot;&quot;,&quot;created_timestamp&quot;:&quot;0&quot;,&quot;copyright&quot;:&quot;&quot;,&quot;focal_length&quot;:&quot;0&quot;,&quot;iso&quot;:&quot;0&quot;,&quot;shutter_speed&quot;:&quot;0&quot;,&quot;title&quot;:&quot;&quot;,&quot;orientation&quot;:&quot;0&quot;}\" data-image-title=\"image-39\" data-image-description=\"\" data-image-caption=\"\" data-medium-file=\"https:\/\/i0.wp.com\/blogdalucianaoliveira.com.br\/blog\/wp-content\/uploads\/2020\/02\/image-39.jpeg?fit=300%2C180\" data-large-file=\"https:\/\/i0.wp.com\/blogdalucianaoliveira.com.br\/blog\/wp-content\/uploads\/2020\/02\/image-39.jpeg?fit=600%2C360\" src=\"https:\/\/i0.wp.com\/blogdalucianaoliveira.com.br\/blog\/wp-content\/uploads\/2020\/02\/image-39.jpeg?resize=600%2C360\" alt=\"\" class=\"wp-image-26522\" srcset=\"https:\/\/i0.wp.com\/blogdalucianaoliveira.com.br\/blog\/wp-content\/uploads\/2020\/02\/image-39.jpeg?w=768 768w, https:\/\/i0.wp.com\/blogdalucianaoliveira.com.br\/blog\/wp-content\/uploads\/2020\/02\/image-39.jpeg?resize=300%2C180 300w, https:\/\/i0.wp.com\/blogdalucianaoliveira.com.br\/blog\/wp-content\/uploads\/2020\/02\/image-39.jpeg?resize=500%2C300 500w\" sizes=\"auto, (max-width: 600px) 100vw, 600px\" \/><\/figure>\n\n\n\n<h4 class=\"wp-block-heading\">Novo arranjo de for\u00e7as no cora\u00e7\u00e3o do governo complica Paulo Guedes e pode influenciar a economia<\/h4>\n\n\n\n<!--more-->\n\n\n\n<p>Na Carta Capital <\/p>\n\n\n\n<p>A\u00a0<a href=\"https:\/\/www.cartacapital.com.br\/politica\/bolsonaro-troca-osmar-terra-por-onyx-na-cidadania-general-assume-casa-civil\/\">troca do deputado Onyx Lorenzoni (DEM-RS) pelo general da ativa Walter Souza Braga Netto na Casa Civil<\/a>\u00a0da Presid\u00eancia militarizou quase todos os cargos principais do Pal\u00e1cio do Planalto. Resta s\u00f3 um n\u00e3o fardado em posto-chave, o publicit\u00e1rio Fabio Wajngarten, chefe da Comunica\u00e7\u00e3o Social. Desse modo, Jair Bolsonaro come\u00e7a 2020 reconciliado com as For\u00e7as Armadas da ativa.<\/p>\n\n\n\n<p>A militariza\u00e7\u00e3o do Planalto sinaliza ainda que Bolsonaro fechou-se aos pol\u00edticos e n\u00e3o pretende pedir nada ao Congresso este ano. Mesmo enfraquecido, Lorenzoni era um canal que os parlamentares podiam procurar. O guich\u00ea oficial do Planalto para eles j\u00e1 tem um general da ativa, Luiz Eduardo Ramos, chefe da Secretaria de Governo. Agora, o alternativo tem outro, Braga Netto.<\/p>\n\n\n\n<p>Com o novo jogo de for\u00e7as no cora\u00e7\u00e3o do governo, as reformas econ\u00f4micas liberais desejadas pelo ministro Paulo Guedes e o presidente da C\u00e2mara, Rodrigo Maia (DEM-RJ) depender\u00e3o do empenho da dupla para andar no Congresso. Dif\u00edcil, em ano eleitoral. E sem mais reformas, o capital estrangeiro e os investimentos continuar\u00e3o a minguar. No \u201cmercado\u201d, h\u00e1 quem diga que a alta do d\u00f3lar decorre de PIB e juro baixos.<\/p>\n\n\n\n<p>\u201c[A nomea\u00e7\u00e3o do general Braga Netto] \u00c9 o aprofundamento da dist\u00e2ncia do governo com o Congresso. E um sinal claro para as For\u00e7as Armadas, a Casa Civil \u00e9 um cargo muito importante\u201d, afirma o deputado carioca Pedro Paulo, do DEM, partido que tem ministros no time de Bolsonaro.<\/p>\n\n\n\n<p>Paulo \u00e9 autor de uma proposta de mudan\u00e7a na Constitui\u00e7\u00e3o que permite ao governo adotar medidas duras, em car\u00e1ter emergencial, para contornar contas no vermelho, como reduzir por 12 meses a jornada e o sal\u00e1rio do funcionalismo federal. \u00c9 uma esp\u00e9cie de reforma administrativa provis\u00f3ria.<\/p>\n\n\n\n<p>Guedes <a href=\"https:\/\/www.cartacapital.com.br\/economia\/guedes-defende-fim-da-estabilidade-dos-servidores-em-reforma-profunda\/\">quer uma reforma administrativa permanente<\/a>, com diminui\u00e7\u00e3o do n\u00famero de servidores, por exemplo, e tem uma proposta para Bolsonaro mandar ao Congresso. Com a indisposi\u00e7\u00e3o do presidente, sinalizada pela militariza\u00e7\u00e3o do Planalto, de ir atr\u00e1s de parlamentares para que aprovem certas medidas, Guedes ter\u00e1 de brigar sozinho pela reforma. Ele e Maia, neoliberal feito o ministro.<\/p>\n\n\n\n<p>P\u00f4, PG, voc\u00ea j\u00e1 me fez mandar a reforma da Previd\u00eancia\u2026\u201d. Essas palavras foram ditas a portas fechadas por Bolsonaro a Guedes, quando o ministro pediu ao presidente o envio ao Congresso de uma reforma administrativa provis\u00f3ria, que tamb\u00e9m permite cortar por um tempo sal\u00e1rio e jornada dos servidores. A proposta, chamada de PEC Emergencial, chegou ao Senado em novembro.<\/p>\n\n\n\n<p>\u201cConcordo: o Paulo Guedes e o Rodrigo Maia v\u00e3o ter que se virar sozinhos, sem o Pal\u00e1cio, para negociar a reforma tribut\u00e1ria e a reforma administrativa\u201d, diz o deputado mineiro J\u00falio Delgado, do PSB, partido de oposi\u00e7\u00e3o. \u201cO Bolsonaro deu um sinal de afastamento em rela\u00e7\u00e3o ao Congresso, agora os dois interlocutores do Pal\u00e1cio com o Congresso s\u00e3o militares.\u201d<\/p>\n\n\n\n<p>O presidente n\u00e3o tem motivos pol\u00edticos para entrar em campo pelas reformas tribut\u00e1ria e administrativa. Ainda mais em um ano eleitoral.<\/p>\n\n\n\n<p>A tribut\u00e1ria \u00e9 um \u201cpepino\u201d antigo, mexe com muitos interesses e deixar\u00e1 insatisfeitos pelo caminho. Al\u00e9m disso, do jeito que est\u00e1 desenhada hoje no Congresso (unifica impostos cobrados no consumo pelo governo federal, estados e munic\u00edpios), n\u00e3o garante um centavo a mais a Paulo Guedes. \u201cAp\u00f3s 28 anos [como deputado] na C\u00e2mara sem aprovar nada, eu digo que a melhor reforma [tribut\u00e1ria] \u00e9 a que ser\u00e1 aprovada\u201d, afirmou Bolsonaro no in\u00edcio de fevereiro, na Fiesp.<\/p>\n\n\n\n<p>A administrativa tem potencial para ser um abacaxi ainda maior para ele, por jogar o funcionalismo p\u00fablico contra o governo. Em novembro, ap\u00f3s o envio da PEC Emergencial ao Congresso, os servidores federais decidiram ir \u00e0s ruas contra o governo. Convocaram uma mobiliza\u00e7\u00e3o para 18 de mar\u00e7o e querem atrair as centrais sindicais para uma greve geral nesse dia.<\/p>\n\n\n\n<p>N\u00e3o \u00e9 \u00e0 toa que, desde janeiro, Bolsonaro tem dito que a reforma administrativa do governo, s\u00f3 para futuros funcion\u00e1rios. Para os atuais, n\u00e3o. \u201cTem que ser dessa maneira\u201d, disse em 3 de janeiro. \u201c\u00c0s vezes a equipe econ\u00f4mica tem algum problema de entendimento conosco porque eles veem n\u00fameros e a gente v\u00ea n\u00famero e pessoas.\u201d<\/p>\n","protected":false},"excerpt":{"rendered":"<p>Novo arranjo de for\u00e7as no cora\u00e7\u00e3o do governo complica Paulo Guedes e pode influenciar a economia<\/p>\n","protected":false},"author":1,"featured_media":0,"comment_status":"closed","ping_status":"open","sticky":false,"template":"","format":"standard","meta":{"_exactmetrics_skip_tracking":false,"_exactmetrics_sitenote_active":false,"_exactmetrics_sitenote_note":"","_exactmetrics_sitenote_category":0,"jetpack_post_was_ever_published":false,"_jetpack_newsletter_access":"","_jetpack_dont_email_post_to_subs":false,"_jetpack_newsletter_tier_id":0,"_jetpack_memberships_contains_paywalled_content":false,"_jetpack_memberships_contains_paid_content":false,"footnotes":"","jetpack_publicize_message":"","jetpack_publicize_feature_enabled":true,"jetpack_social_post_already_shared":true,"jetpack_social_options":{"image_generator_settings":{"template":"highway","enabled":false},"version":2}},"categories":[1],"tags":[],"class_list":["post-26521","post","type-post","status-publish","format-standard","hentry","category-notas"],"jetpack_publicize_connections":[],"jetpack_sharing_enabled":true,"jetpack_featured_media_url":"","jetpack_shortlink":"https:\/\/wp.me\/p7wKYW-6TL","jetpack-related-posts":[],"_links":{"self":[{"href":"http:\/\/blogdalucianaoliveira.com.br\/blog\/wp-json\/wp\/v2\/posts\/26521","targetHints":{"allow":["GET"]}}],"collection":[{"href":"http:\/\/blogdalucianaoliveira.com.br\/blog\/wp-json\/wp\/v2\/posts"}],"about":[{"href":"http:\/\/blogdalucianaoliveira.com.br\/blog\/wp-json\/wp\/v2\/types\/post"}],"author":[{"embeddable":true,"href":"http:\/\/blogdalucianaoliveira.com.br\/blog\/wp-json\/wp\/v2\/users\/1"}],"replies":[{"embeddable":true,"href":"http:\/\/blogdalucianaoliveira.com.br\/blog\/wp-json\/wp\/v2\/comments?post=26521"}],"version-history":[{"count":1,"href":"http:\/\/blogdalucianaoliveira.com.br\/blog\/wp-json\/wp\/v2\/posts\/26521\/revisions"}],"predecessor-version":[{"id":26523,"href":"http:\/\/blogdalucianaoliveira.com.br\/blog\/wp-json\/wp\/v2\/posts\/26521\/revisions\/26523"}],"wp:attachment":[{"href":"http:\/\/blogdalucianaoliveira.com.br\/blog\/wp-json\/wp\/v2\/media?parent=26521"}],"wp:term":[{"taxonomy":"category","embeddable":true,"href":"http:\/\/blogdalucianaoliveira.com.br\/blog\/wp-json\/wp\/v2\/categories?post=26521"},{"taxonomy":"post_tag","embeddable":true,"href":"http:\/\/blogdalucianaoliveira.com.br\/blog\/wp-json\/wp\/v2\/tags?post=26521"}],"curies":[{"name":"wp","href":"https:\/\/api.w.org\/{rel}","templated":true}]}}