{"id":26550,"date":"2020-02-18T07:16:48","date_gmt":"2020-02-18T11:16:48","guid":{"rendered":"http:\/\/blogdalucianaoliveira.com.br\/blog\/?p=26550"},"modified":"2020-02-18T07:16:58","modified_gmt":"2020-02-18T11:16:58","slug":"liderancas-indigenas-defendem-alessandra-negrini-por-uso-de-fantasia","status":"publish","type":"post","link":"http:\/\/blogdalucianaoliveira.com.br\/blog\/2020\/02\/18\/liderancas-indigenas-defendem-alessandra-negrini-por-uso-de-fantasia\/","title":{"rendered":"Lideran\u00e7as ind\u00edgenas defendem Alessandra Negrini por uso de fantasia"},"content":{"rendered":"\n<figure class=\"wp-block-image size-large\"><img data-recalc-dims=\"1\" loading=\"lazy\" decoding=\"async\" width=\"600\" height=\"360\" data-attachment-id=\"26551\" data-permalink=\"http:\/\/blogdalucianaoliveira.com.br\/blog\/2020\/02\/18\/liderancas-indigenas-defendem-alessandra-negrini-por-uso-de-fantasia\/image-41-3\/\" data-orig-file=\"https:\/\/i0.wp.com\/blogdalucianaoliveira.com.br\/blog\/wp-content\/uploads\/2020\/02\/image-41.jpeg?fit=768%2C461\" data-orig-size=\"768,461\" data-comments-opened=\"0\" data-image-meta=\"{&quot;aperture&quot;:&quot;0&quot;,&quot;credit&quot;:&quot;&quot;,&quot;camera&quot;:&quot;&quot;,&quot;caption&quot;:&quot;&quot;,&quot;created_timestamp&quot;:&quot;0&quot;,&quot;copyright&quot;:&quot;&quot;,&quot;focal_length&quot;:&quot;0&quot;,&quot;iso&quot;:&quot;0&quot;,&quot;shutter_speed&quot;:&quot;0&quot;,&quot;title&quot;:&quot;&quot;,&quot;orientation&quot;:&quot;0&quot;}\" data-image-title=\"image-41\" data-image-description=\"\" data-image-caption=\"\" data-medium-file=\"https:\/\/i0.wp.com\/blogdalucianaoliveira.com.br\/blog\/wp-content\/uploads\/2020\/02\/image-41.jpeg?fit=300%2C180\" data-large-file=\"https:\/\/i0.wp.com\/blogdalucianaoliveira.com.br\/blog\/wp-content\/uploads\/2020\/02\/image-41.jpeg?fit=600%2C360\" src=\"https:\/\/i0.wp.com\/blogdalucianaoliveira.com.br\/blog\/wp-content\/uploads\/2020\/02\/image-41.jpeg?resize=600%2C360\" alt=\"\" class=\"wp-image-26551\" srcset=\"https:\/\/i0.wp.com\/blogdalucianaoliveira.com.br\/blog\/wp-content\/uploads\/2020\/02\/image-41.jpeg?w=768 768w, https:\/\/i0.wp.com\/blogdalucianaoliveira.com.br\/blog\/wp-content\/uploads\/2020\/02\/image-41.jpeg?resize=300%2C180 300w, https:\/\/i0.wp.com\/blogdalucianaoliveira.com.br\/blog\/wp-content\/uploads\/2020\/02\/image-41.jpeg?resize=500%2C300 500w\" sizes=\"auto, (max-width: 600px) 100vw, 600px\" \/><\/figure>\n\n\n\n<p>Carta Capital &#8211; A Articula\u00e7\u00e3o dos Povos Ind\u00edgenas do Brasil (APIB) se pronunciou sobre a pol\u00eamica envolvendo a atriz Alessandra Negrini, que no \u00faltimo domingo 16 desfilou no bloco Acad\u00eamicos do Baixo Augusta, em S\u00e3o Paulo, vestida de \u00edndia. Ap\u00f3s o desfile, diversas pessoas acusaram a artista de apropria\u00e7\u00e3o cultural.<\/p>\n\n\n\n<!--more-->\n\n\n\n<p>\u201cCausa-nos indigna\u00e7\u00e3o que uma aliada seja atacada por se juntar a n\u00f3s em um protesto. Alessandra Negrini colocou seu corpo e sua voz a servi\u00e7o de uma das causas mais urgentes\u201d, diz a nota.<\/p>\n\n\n\n<p>A APIB \u00e9 uma organiza\u00e7\u00e3o que re\u00fane lideran\u00e7as ind\u00edgenas de v\u00e1rios estados, incluindo a ativista S\u00f4nia Guajajara, que tamb\u00e9m participou do bloco ao lado de Alessandra e outras lideran\u00e7as ind\u00edgenas.<\/p>\n\n\n\n<p>A nota explica que Alessandra \u00e9 uma aliada do movimento e que as pinturas do corpo da atriz foram feitas por um artista ind\u00edgena, com o intuito de dar visibilidade ao movimento.<\/p>\n\n\n\n<p>\u201c\u00c9 preciso que fa\u00e7amos a discuss\u00e3o sobre apropria\u00e7\u00e3o cultural com responsabilidade, diferenciando quem quer se apropriar de fato das nossas culturas, ou ridiculariza-las, daqueles que colocam seu legado art\u00edstico e pol\u00edtico \u00e0 disposi\u00e7\u00e3o da luta\u201d, argumentam.<\/p>\n\n\n\n<h3 class=\"wp-block-heading\">Leia a nota completa:<\/h3>\n\n\n\n<p><em>Estamos vivendo a maior ofensiva em s\u00e9culos de nossa hist\u00f3ria. Essa semana est\u00e1 tramitando no Congresso uma MP que tenta regularizar a grilagem, o PL da Devasta\u00e7\u00e3o quer impor a minera\u00e7\u00e3o e a explora\u00e7\u00e3o das terras ind\u00edgenas, um evang\u00e9lico mission\u00e1rio est\u00e1 em um posto estrat\u00e9gico da FUNAI e pode provocar a extin\u00e7\u00e3o de povos n\u00e3o contactados. S\u00e3o muitos os ataques. N\u00e3o nos esque\u00e7amos, o momento \u00e9 grave e dram\u00e1tico, querem nos dizimar!<\/em><\/p>\n\n\n\n<p><em>Por isso, causa-nos indigna\u00e7\u00e3o que uma aliada seja atacada por se juntar a n\u00f3s em um protesto. Alessandra Negrini colocou seu corpo e sua voz a servi\u00e7o de uma das causas mais urgentes. Fez uso de uma pintura feita por um artista ind\u00edgena para visibilizar o nosso movimento. Sua constru\u00e7\u00e3o foi cuidadosa e permanentemente dial\u00f3gica, compreendendo que a luta ind\u00edgena \u00e9 coletiva. \u2028<\/em><br><em>\u00c9 preciso que fa\u00e7amos a discuss\u00e3o sobre apropria\u00e7\u00e3o cultural com responsabilidade, diferenciando quem quer se apropriar de fato das nossas culturas, ou ridiculariza-las, daqueles que colocam seu legado art\u00edstico e pol\u00edtico \u00e0 disposi\u00e7\u00e3o da luta. Alessandra Negrini \u00e9 ativista, al\u00e9m de artista, e faz parte do Movimento 342 Artes, que muito vem contribuindo com o movimento ind\u00edgena. Esteve conosco em momentos fundamentais. Portanto, ela conta com o nosso respeito e agradecimento. E assim ser\u00e1, sempre quem estiver ao nosso lado.<\/em><\/p>\n\n\n\n<p><em>APIB \u2013 Articula\u00e7\u00e3o dos Povos Ind\u00edgenas do Brasil<\/em><\/p>\n","protected":false},"excerpt":{"rendered":"<p>Carta Capital &#8211; A Articula\u00e7\u00e3o dos Povos Ind\u00edgenas do Brasil (APIB) se pronunciou sobre a pol\u00eamica envolvendo a atriz Alessandra Negrini, que no \u00faltimo domingo 16 desfilou no bloco Acad\u00eamicos do Baixo Augusta, em S\u00e3o Paulo, vestida de \u00edndia. Ap\u00f3s o desfile, diversas pessoas acusaram a artista de apropria\u00e7\u00e3o cultural.<\/p>\n","protected":false},"author":1,"featured_media":0,"comment_status":"closed","ping_status":"open","sticky":false,"template":"","format":"standard","meta":{"_exactmetrics_skip_tracking":false,"_exactmetrics_sitenote_active":false,"_exactmetrics_sitenote_note":"","_exactmetrics_sitenote_category":0,"jetpack_post_was_ever_published":false,"_jetpack_newsletter_access":"","_jetpack_dont_email_post_to_subs":false,"_jetpack_newsletter_tier_id":0,"_jetpack_memberships_contains_paywalled_content":false,"_jetpack_memberships_contains_paid_content":false,"footnotes":"","jetpack_publicize_message":"","jetpack_publicize_feature_enabled":true,"jetpack_social_post_already_shared":true,"jetpack_social_options":{"image_generator_settings":{"template":"highway","enabled":false},"version":2}},"categories":[1],"tags":[],"class_list":["post-26550","post","type-post","status-publish","format-standard","hentry","category-notas"],"jetpack_publicize_connections":[],"jetpack_sharing_enabled":true,"jetpack_featured_media_url":"","jetpack_shortlink":"https:\/\/wp.me\/p7wKYW-6Ue","jetpack-related-posts":[],"_links":{"self":[{"href":"http:\/\/blogdalucianaoliveira.com.br\/blog\/wp-json\/wp\/v2\/posts\/26550","targetHints":{"allow":["GET"]}}],"collection":[{"href":"http:\/\/blogdalucianaoliveira.com.br\/blog\/wp-json\/wp\/v2\/posts"}],"about":[{"href":"http:\/\/blogdalucianaoliveira.com.br\/blog\/wp-json\/wp\/v2\/types\/post"}],"author":[{"embeddable":true,"href":"http:\/\/blogdalucianaoliveira.com.br\/blog\/wp-json\/wp\/v2\/users\/1"}],"replies":[{"embeddable":true,"href":"http:\/\/blogdalucianaoliveira.com.br\/blog\/wp-json\/wp\/v2\/comments?post=26550"}],"version-history":[{"count":1,"href":"http:\/\/blogdalucianaoliveira.com.br\/blog\/wp-json\/wp\/v2\/posts\/26550\/revisions"}],"predecessor-version":[{"id":26552,"href":"http:\/\/blogdalucianaoliveira.com.br\/blog\/wp-json\/wp\/v2\/posts\/26550\/revisions\/26552"}],"wp:attachment":[{"href":"http:\/\/blogdalucianaoliveira.com.br\/blog\/wp-json\/wp\/v2\/media?parent=26550"}],"wp:term":[{"taxonomy":"category","embeddable":true,"href":"http:\/\/blogdalucianaoliveira.com.br\/blog\/wp-json\/wp\/v2\/categories?post=26550"},{"taxonomy":"post_tag","embeddable":true,"href":"http:\/\/blogdalucianaoliveira.com.br\/blog\/wp-json\/wp\/v2\/tags?post=26550"}],"curies":[{"name":"wp","href":"https:\/\/api.w.org\/{rel}","templated":true}]}}