{"id":26553,"date":"2020-02-18T07:32:09","date_gmt":"2020-02-18T11:32:09","guid":{"rendered":"http:\/\/blogdalucianaoliveira.com.br\/blog\/?p=26553"},"modified":"2020-02-18T07:32:23","modified_gmt":"2020-02-18T11:32:23","slug":"perderam-a-vergonha-de-vez-diz-pimenta-sobre-possivel-arquivamento-do-caso-wajngarten","status":"publish","type":"post","link":"http:\/\/blogdalucianaoliveira.com.br\/blog\/2020\/02\/18\/perderam-a-vergonha-de-vez-diz-pimenta-sobre-possivel-arquivamento-do-caso-wajngarten\/","title":{"rendered":"&#8220;Perderam a vergonha de vez&#8221;, diz Pimenta, sobre poss\u00edvel arquivamento do caso Wajngarten"},"content":{"rendered":"\n<figure class=\"wp-block-image size-large\"><img data-recalc-dims=\"1\" loading=\"lazy\" decoding=\"async\" width=\"500\" height=\"240\" data-attachment-id=\"26554\" data-permalink=\"http:\/\/blogdalucianaoliveira.com.br\/blog\/2020\/02\/18\/perderam-a-vergonha-de-vez-diz-pimenta-sobre-possivel-arquivamento-do-caso-wajngarten\/image-42-3\/\" data-orig-file=\"https:\/\/i0.wp.com\/blogdalucianaoliveira.com.br\/blog\/wp-content\/uploads\/2020\/02\/image-42.jpeg?fit=500%2C240\" data-orig-size=\"500,240\" data-comments-opened=\"0\" data-image-meta=\"{&quot;aperture&quot;:&quot;0&quot;,&quot;credit&quot;:&quot;&quot;,&quot;camera&quot;:&quot;&quot;,&quot;caption&quot;:&quot;&quot;,&quot;created_timestamp&quot;:&quot;0&quot;,&quot;copyright&quot;:&quot;&quot;,&quot;focal_length&quot;:&quot;0&quot;,&quot;iso&quot;:&quot;0&quot;,&quot;shutter_speed&quot;:&quot;0&quot;,&quot;title&quot;:&quot;&quot;,&quot;orientation&quot;:&quot;0&quot;}\" data-image-title=\"image-42\" data-image-description=\"\" data-image-caption=\"\" data-medium-file=\"https:\/\/i0.wp.com\/blogdalucianaoliveira.com.br\/blog\/wp-content\/uploads\/2020\/02\/image-42.jpeg?fit=300%2C144\" data-large-file=\"https:\/\/i0.wp.com\/blogdalucianaoliveira.com.br\/blog\/wp-content\/uploads\/2020\/02\/image-42.jpeg?fit=500%2C240\" src=\"https:\/\/i0.wp.com\/blogdalucianaoliveira.com.br\/blog\/wp-content\/uploads\/2020\/02\/image-42.jpeg?resize=500%2C240\" alt=\"\" class=\"wp-image-26554\" srcset=\"https:\/\/i0.wp.com\/blogdalucianaoliveira.com.br\/blog\/wp-content\/uploads\/2020\/02\/image-42.jpeg?w=500 500w, https:\/\/i0.wp.com\/blogdalucianaoliveira.com.br\/blog\/wp-content\/uploads\/2020\/02\/image-42.jpeg?resize=300%2C144 300w\" sizes=\"auto, (max-width: 500px) 100vw, 500px\" \/><\/figure>\n\n\n\n<p><strong>247\u00a0\u2013<\/strong>\u00a0A possibilidade de arquivamento do caso de F\u00e1bio Wajngarten, que paga ve\u00edculos de comunica\u00e7\u00e3o e \u00e9 pago por eles, numa decis\u00e3o que ser\u00e1 tomada nesta ter\u00e7a-feira 18, indignou o deputado Paulo Pimenta (PT-RS). Confira:<\/p>\n\n\n\n<!--more-->\n\n\n\n<figure class=\"wp-block-embed-twitter wp-block-embed is-type-rich is-provider-twitter\"><div class=\"wp-block-embed__wrapper\">\n<blockquote class=\"twitter-tweet\" data-width=\"550\" data-dnt=\"true\"><p lang=\"pt\" dir=\"ltr\">PERDERAM A VERGONHA DE VEZ!<br><br>Comiss\u00e3o de \u00c9tica da Presid\u00eancia avalia arquivar caso Wajngarten sem investiga\u00e7\u00e3o<br><br>Chefe da Secom recebe por meio de empresa da qual \u00e9 s\u00f3cio dinheiro de TVs e de ag\u00eancias contratadas pelo governo<a href=\"https:\/\/t.co\/zUv0E63Tsj\">https:\/\/t.co\/zUv0E63Tsj<\/a><\/p>&mdash; Paulo Pimenta (@Pimenta13Br) <a href=\"https:\/\/twitter.com\/Pimenta13Br\/status\/1229578779690962944?ref_src=twsrc%5Etfw\">February 18, 2020<\/a><\/blockquote><script async src=\"https:\/\/platform.twitter.com\/widgets.js\" charset=\"utf-8\"><\/script>\n<\/div><\/figure>\n","protected":false},"excerpt":{"rendered":"<p>247\u00a0\u2013\u00a0A possibilidade de arquivamento do caso de F\u00e1bio Wajngarten, que paga ve\u00edculos de comunica\u00e7\u00e3o e \u00e9 pago por eles, numa decis\u00e3o que ser\u00e1 tomada nesta ter\u00e7a-feira 18, indignou o deputado Paulo Pimenta (PT-RS). Confira:<\/p>\n","protected":false},"author":1,"featured_media":0,"comment_status":"closed","ping_status":"open","sticky":false,"template":"","format":"standard","meta":{"_exactmetrics_skip_tracking":false,"_exactmetrics_sitenote_active":false,"_exactmetrics_sitenote_note":"","_exactmetrics_sitenote_category":0,"jetpack_post_was_ever_published":false,"_jetpack_newsletter_access":"","_jetpack_dont_email_post_to_subs":false,"_jetpack_newsletter_tier_id":0,"_jetpack_memberships_contains_paywalled_content":false,"_jetpack_memberships_contains_paid_content":false,"footnotes":"","jetpack_publicize_message":"","jetpack_publicize_feature_enabled":true,"jetpack_social_post_already_shared":true,"jetpack_social_options":{"image_generator_settings":{"template":"highway","enabled":false},"version":2}},"categories":[1],"tags":[],"class_list":["post-26553","post","type-post","status-publish","format-standard","hentry","category-notas"],"jetpack_publicize_connections":[],"jetpack_sharing_enabled":true,"jetpack_featured_media_url":"","jetpack_shortlink":"https:\/\/wp.me\/p7wKYW-6Uh","jetpack-related-posts":[],"_links":{"self":[{"href":"http:\/\/blogdalucianaoliveira.com.br\/blog\/wp-json\/wp\/v2\/posts\/26553","targetHints":{"allow":["GET"]}}],"collection":[{"href":"http:\/\/blogdalucianaoliveira.com.br\/blog\/wp-json\/wp\/v2\/posts"}],"about":[{"href":"http:\/\/blogdalucianaoliveira.com.br\/blog\/wp-json\/wp\/v2\/types\/post"}],"author":[{"embeddable":true,"href":"http:\/\/blogdalucianaoliveira.com.br\/blog\/wp-json\/wp\/v2\/users\/1"}],"replies":[{"embeddable":true,"href":"http:\/\/blogdalucianaoliveira.com.br\/blog\/wp-json\/wp\/v2\/comments?post=26553"}],"version-history":[{"count":1,"href":"http:\/\/blogdalucianaoliveira.com.br\/blog\/wp-json\/wp\/v2\/posts\/26553\/revisions"}],"predecessor-version":[{"id":26555,"href":"http:\/\/blogdalucianaoliveira.com.br\/blog\/wp-json\/wp\/v2\/posts\/26553\/revisions\/26555"}],"wp:attachment":[{"href":"http:\/\/blogdalucianaoliveira.com.br\/blog\/wp-json\/wp\/v2\/media?parent=26553"}],"wp:term":[{"taxonomy":"category","embeddable":true,"href":"http:\/\/blogdalucianaoliveira.com.br\/blog\/wp-json\/wp\/v2\/categories?post=26553"},{"taxonomy":"post_tag","embeddable":true,"href":"http:\/\/blogdalucianaoliveira.com.br\/blog\/wp-json\/wp\/v2\/tags?post=26553"}],"curies":[{"name":"wp","href":"https:\/\/api.w.org\/{rel}","templated":true}]}}