{"id":26556,"date":"2020-02-18T07:36:45","date_gmt":"2020-02-18T11:36:45","guid":{"rendered":"http:\/\/blogdalucianaoliveira.com.br\/blog\/?p=26556"},"modified":"2020-02-18T07:38:05","modified_gmt":"2020-02-18T11:38:05","slug":"aquecimento-global-homem-mais-rico-do-mundo-dono-da-amazon-doa-us-10-bi-contra-mudancas-climaticas","status":"publish","type":"post","link":"http:\/\/blogdalucianaoliveira.com.br\/blog\/2020\/02\/18\/aquecimento-global-homem-mais-rico-do-mundo-dono-da-amazon-doa-us-10-bi-contra-mudancas-climaticas\/","title":{"rendered":"Aquecimento global: homem mais rico do mundo, dono da Amazon doa US$ 10 bi contra mudan\u00e7as clim\u00e1ticas"},"content":{"rendered":"\n<figure class=\"wp-block-image size-large\"><img data-recalc-dims=\"1\" loading=\"lazy\" decoding=\"async\" width=\"375\" height=\"210\" data-attachment-id=\"26557\" data-permalink=\"http:\/\/blogdalucianaoliveira.com.br\/blog\/2020\/02\/18\/aquecimento-global-homem-mais-rico-do-mundo-dono-da-amazon-doa-us-10-bi-contra-mudancas-climaticas\/image-43-3\/\" data-orig-file=\"https:\/\/i0.wp.com\/blogdalucianaoliveira.com.br\/blog\/wp-content\/uploads\/2020\/02\/image-43.jpeg?fit=375%2C210\" data-orig-size=\"375,210\" data-comments-opened=\"0\" data-image-meta=\"{&quot;aperture&quot;:&quot;0&quot;,&quot;credit&quot;:&quot;&quot;,&quot;camera&quot;:&quot;&quot;,&quot;caption&quot;:&quot;&quot;,&quot;created_timestamp&quot;:&quot;0&quot;,&quot;copyright&quot;:&quot;&quot;,&quot;focal_length&quot;:&quot;0&quot;,&quot;iso&quot;:&quot;0&quot;,&quot;shutter_speed&quot;:&quot;0&quot;,&quot;title&quot;:&quot;&quot;,&quot;orientation&quot;:&quot;0&quot;}\" data-image-title=\"image-43\" data-image-description=\"\" data-image-caption=\"\" data-medium-file=\"https:\/\/i0.wp.com\/blogdalucianaoliveira.com.br\/blog\/wp-content\/uploads\/2020\/02\/image-43.jpeg?fit=300%2C168\" data-large-file=\"https:\/\/i0.wp.com\/blogdalucianaoliveira.com.br\/blog\/wp-content\/uploads\/2020\/02\/image-43.jpeg?fit=375%2C210\" src=\"https:\/\/i0.wp.com\/blogdalucianaoliveira.com.br\/blog\/wp-content\/uploads\/2020\/02\/image-43.jpeg?resize=375%2C210\" alt=\"\" class=\"wp-image-26557\" srcset=\"https:\/\/i0.wp.com\/blogdalucianaoliveira.com.br\/blog\/wp-content\/uploads\/2020\/02\/image-43.jpeg?w=375 375w, https:\/\/i0.wp.com\/blogdalucianaoliveira.com.br\/blog\/wp-content\/uploads\/2020\/02\/image-43.jpeg?resize=300%2C168 300w\" sizes=\"auto, (max-width: 375px) 100vw, 375px\" \/><\/figure>\n\n\n\n<p>Na BBC &#8211; O dono da Amazon e homem mais rico do mundo, Jeff Bezos, anunciou a doa\u00e7\u00e3o de US$ 10 bilh\u00f5es (cerca de R$ 43,3 bilh\u00f5es) para ajudar o combate ao aquecimento global.&nbsp;<\/p>\n\n\n\n<!--more-->\n\n\n\n<p>Ele afirmou que o montante vai financiar o trabalho de cientistas, ativistas, ONGs e outros envolvidos no tema.&nbsp;<\/p>\n\n\n\n<p>&#8220;Eu quero trabalhar ao lado de outras pessoas tanto para ampliar os caminhos j\u00e1 conhecidos quanto para explorar novos caminhos da luta contra o impacto devastador das mudan\u00e7as clim\u00e1ticas.&#8221;<\/p>\n\n\n\n<p>Em seu perfil na rede social Instagram, ele afirmou que o fundo criado come\u00e7ar\u00e1 a distribuir dinheiro em meados deste ano.<\/p>\n\n\n\n<p>&#8220;Podemos salvar a Terra. Isso demandar\u00e1 a\u00e7\u00f5es conjuntas de grandes empresas, pequenas empresas, na\u00e7\u00f5es, organiza\u00e7\u00f5es globais e indiv\u00edduos.&#8221; <\/p>\n\n\n\n<p>Segundo a revista Forbes, Bezos tem cerca de US$ 129,9 bilh\u00f5es (o equivalente a R$ 562,6 bilh\u00f5es). Ele ainda \u00e9 o CEO da Amazon, empresa fundada por ele em 1994 que hoje vale mais de US$ 1 trilh\u00e3o (cerca de R$ 4,3 trilh\u00f5es).&nbsp;<\/p>\n\n\n\n<p>Ele tamb\u00e9m \u00e9 dono do jornal The Washington Post e da Blue Origin, empresa que desenvolve foguetes de uso comercial.<\/p>\n\n\n\n<p>O montante doado para o combate ao aquecimento global equivale a 8% de sua fortuna estimada. Bezos vinha sendo cobrado a ser mais atuante por funcion\u00e1rios da Amazon, ativistas e especialistas.<\/p>\n\n\n\n<p>A quantia que Bezos doou para ajudar o combate a inc\u00eandios recentes na Austr\u00e1lia tamb\u00e9m foi alvo de cr\u00edticas. A doa\u00e7\u00e3o de US$ 690 mil equivalia ao que Bezos ganhou a cada cinco minutos em 2018, segundo c\u00e1lculo da Business Insider.<\/p>\n\n\n\n<figure class=\"wp-block-image\"><img data-recalc-dims=\"1\" decoding=\"async\" src=\"https:\/\/i0.wp.com\/ichef.bbci.co.uk\/news\/375\/cpsprodpb\/D6C7\/production\/_110938945_bezos.png?w=600&#038;ssl=1\" alt=\"Still of Bezos Instagram post\"\/><figcaption>Image captionBezos anunciou lan\u00e7amento do fundo nas redes sociais<\/figcaption><\/figure>\n\n\n\n<p>Em compara\u00e7\u00e3o a outros multibilion\u00e1rios, Bezos pratica uma filantropia limitada. Sua maior doa\u00e7\u00e3o at\u00e9 ent\u00e3o havia sido em setembro de 2018, quando doou US$ 2 bilh\u00f5es (R$ 8,7 bilh\u00f5es) para ajudar escolas e fam\u00edlias sem teto.<\/p>\n\n\n\n<p>Essa doa\u00e7\u00e3o tamb\u00e9m gerou cr\u00edticas ao multibilion\u00e1rio por causa de acusa\u00e7\u00f5es envolvendo as condi\u00e7\u00f5es de trabalho na Amazon. O escritor James Bloodworth, autor de uma investiga\u00e7\u00e3o sobre isso nos centros de distribui\u00e7\u00e3o da companhia de Bezos, afirmou: &#8220;H\u00e1 relatos cr\u00edveis de funcion\u00e1rios de galp\u00f5es da Amazon que moram em tendas porque n\u00e3o conseguem bancar um aluguel com seus sal\u00e1rios&#8221;.<\/p>\n\n\n\n<p>O super-rico tamb\u00e9m recebe cr\u00edticas por n\u00e3o ter aderido \u00e0 campanha Giving Pledge (Promessa de Doa\u00e7\u00e3o, em tradu\u00e7\u00e3o livre), na qual super-ricos se compomete a doar metade de suas fortunas enquanto ainda est\u00e3o vivos.<\/p>\n\n\n\n<p>A Amazon, baseada na cidade americana de Seattle, \u00e9 vizinha da Microsoft, que em janeiro divulgou sua meta de ter pegada de carbono negativa at\u00e9 2030. E at\u00e9 2050, pretende remover do ambiente &#8220;todo o carbono que a empresa emitiu diretamente ou por consumo el\u00e9trico desde que foi fundada em 1975&#8221;.<\/p>\n\n\n\n<p>A empresa de Bezos, por sua vez, tem a meta de zerar sua pegada de carbono at\u00e9 2040, incluindo, por exemplo, o frete feito pela Amazon e terceirizadas, o uso de energia el\u00e9trica e viagens corporativas.<\/p>\n","protected":false},"excerpt":{"rendered":"<p>Na BBC &#8211; O dono da Amazon e homem mais rico do mundo, Jeff Bezos, anunciou a doa\u00e7\u00e3o de US$ 10 bilh\u00f5es (cerca de R$ 43,3 bilh\u00f5es) para ajudar o combate ao aquecimento global.&nbsp;<\/p>\n","protected":false},"author":1,"featured_media":0,"comment_status":"closed","ping_status":"open","sticky":false,"template":"","format":"standard","meta":{"_exactmetrics_skip_tracking":false,"_exactmetrics_sitenote_active":false,"_exactmetrics_sitenote_note":"","_exactmetrics_sitenote_category":0,"jetpack_post_was_ever_published":false,"_jetpack_newsletter_access":"","_jetpack_dont_email_post_to_subs":false,"_jetpack_newsletter_tier_id":0,"_jetpack_memberships_contains_paywalled_content":false,"_jetpack_memberships_contains_paid_content":false,"footnotes":"","jetpack_publicize_message":"","jetpack_publicize_feature_enabled":true,"jetpack_social_post_already_shared":true,"jetpack_social_options":{"image_generator_settings":{"template":"highway","enabled":false},"version":2}},"categories":[1],"tags":[],"class_list":["post-26556","post","type-post","status-publish","format-standard","hentry","category-notas"],"jetpack_publicize_connections":[],"jetpack_sharing_enabled":true,"jetpack_featured_media_url":"","jetpack_shortlink":"https:\/\/wp.me\/p7wKYW-6Uk","jetpack-related-posts":[],"_links":{"self":[{"href":"http:\/\/blogdalucianaoliveira.com.br\/blog\/wp-json\/wp\/v2\/posts\/26556","targetHints":{"allow":["GET"]}}],"collection":[{"href":"http:\/\/blogdalucianaoliveira.com.br\/blog\/wp-json\/wp\/v2\/posts"}],"about":[{"href":"http:\/\/blogdalucianaoliveira.com.br\/blog\/wp-json\/wp\/v2\/types\/post"}],"author":[{"embeddable":true,"href":"http:\/\/blogdalucianaoliveira.com.br\/blog\/wp-json\/wp\/v2\/users\/1"}],"replies":[{"embeddable":true,"href":"http:\/\/blogdalucianaoliveira.com.br\/blog\/wp-json\/wp\/v2\/comments?post=26556"}],"version-history":[{"count":2,"href":"http:\/\/blogdalucianaoliveira.com.br\/blog\/wp-json\/wp\/v2\/posts\/26556\/revisions"}],"predecessor-version":[{"id":26559,"href":"http:\/\/blogdalucianaoliveira.com.br\/blog\/wp-json\/wp\/v2\/posts\/26556\/revisions\/26559"}],"wp:attachment":[{"href":"http:\/\/blogdalucianaoliveira.com.br\/blog\/wp-json\/wp\/v2\/media?parent=26556"}],"wp:term":[{"taxonomy":"category","embeddable":true,"href":"http:\/\/blogdalucianaoliveira.com.br\/blog\/wp-json\/wp\/v2\/categories?post=26556"},{"taxonomy":"post_tag","embeddable":true,"href":"http:\/\/blogdalucianaoliveira.com.br\/blog\/wp-json\/wp\/v2\/tags?post=26556"}],"curies":[{"name":"wp","href":"https:\/\/api.w.org\/{rel}","templated":true}]}}