{"id":2656,"date":"2016-07-29T10:19:11","date_gmt":"2016-07-29T14:19:11","guid":{"rendered":"http:\/\/blogdalucianaoliveira.com.br\/blog\/?p=2656"},"modified":"2016-07-29T10:40:02","modified_gmt":"2016-07-29T14:40:02","slug":"amb-teme-que-comite-de-direitos-humanos-da-onu-declare-que-nao-so-moro-mas-varios-magistrados-nao-zelaram-pela-legalidade","status":"publish","type":"post","link":"http:\/\/blogdalucianaoliveira.com.br\/blog\/2016\/07\/29\/amb-teme-que-comite-de-direitos-humanos-da-onu-declare-que-nao-so-moro-mas-varios-magistrados-nao-zelaram-pela-legalidade\/","title":{"rendered":"AMB teme que Comit\u00ea de Direitos Humanos da ONU declare que n\u00e3o s\u00f3 Moro, mas v\u00e1rios magistrados n\u00e3o zelaram pela legalidade"},"content":{"rendered":"<p><img data-recalc-dims=\"1\" loading=\"lazy\" decoding=\"async\" data-attachment-id=\"2657\" data-permalink=\"http:\/\/blogdalucianaoliveira.com.br\/blog\/2016\/07\/29\/amb-teme-que-comite-de-direitos-humanos-da-onu-declare-que-nao-so-moro-mas-varios-magistrados-nao-zelaram-pela-legalidade\/lula\/\" data-orig-file=\"https:\/\/i0.wp.com\/blogdalucianaoliveira.com.br\/blog\/wp-content\/uploads\/2016\/07\/lula.jpg?fit=848%2C635\" data-orig-size=\"848,635\" data-comments-opened=\"0\" data-image-meta=\"{&quot;aperture&quot;:&quot;0&quot;,&quot;credit&quot;:&quot;&quot;,&quot;camera&quot;:&quot;&quot;,&quot;caption&quot;:&quot;&quot;,&quot;created_timestamp&quot;:&quot;0&quot;,&quot;copyright&quot;:&quot;&quot;,&quot;focal_length&quot;:&quot;0&quot;,&quot;iso&quot;:&quot;0&quot;,&quot;shutter_speed&quot;:&quot;0&quot;,&quot;title&quot;:&quot;&quot;,&quot;orientation&quot;:&quot;0&quot;}\" data-image-title=\"lula\" data-image-description=\"\" data-image-caption=\"\" data-medium-file=\"https:\/\/i0.wp.com\/blogdalucianaoliveira.com.br\/blog\/wp-content\/uploads\/2016\/07\/lula.jpg?fit=300%2C225\" data-large-file=\"https:\/\/i0.wp.com\/blogdalucianaoliveira.com.br\/blog\/wp-content\/uploads\/2016\/07\/lula.jpg?fit=600%2C449\" src=\"https:\/\/i0.wp.com\/blogdalucianaoliveira.com.br\/blog\/wp-content\/uploads\/2016\/07\/lula.jpg?resize=600%2C449\" alt=\"lula\" width=\"600\" height=\"449\" class=\"alignnone size-full wp-image-2657\" srcset=\"https:\/\/i0.wp.com\/blogdalucianaoliveira.com.br\/blog\/wp-content\/uploads\/2016\/07\/lula.jpg?w=848 848w, https:\/\/i0.wp.com\/blogdalucianaoliveira.com.br\/blog\/wp-content\/uploads\/2016\/07\/lula.jpg?resize=300%2C225 300w, https:\/\/i0.wp.com\/blogdalucianaoliveira.com.br\/blog\/wp-content\/uploads\/2016\/07\/lula.jpg?resize=401%2C300 401w\" sizes=\"auto, (max-width: 600px) 100vw, 600px\" \/><\/p>\n<p>Era s\u00f3 o que faltava pra evidenciar ainda mais a posi\u00e7\u00e3o imparcial que o judici\u00e1rio ocupa neste epis\u00f3dio dram\u00e1tico de ruptura democr\u00e1tica. <!--more--><\/p>\n<p>A Associa\u00e7\u00e3o dos Magistrados Brasileiros (AMB) emitiu repudiou a atitude do ex-presidente da Rep\u00fablica, Lu\u00eds In\u00e1cio Lula da Silva, em buscar socorro junto ao Comit\u00ea de Direitos Humanos da Organiza\u00e7\u00e3o das Na\u00e7\u00f5es Unidas (ONU) contra a imparcialidade e o abuso de poder do juiz S\u00e9rgio Moro.<\/p>\n<p>A AMB, diz a nota \u201cv\u00ea com perplexidade as diversas tentativas de paralisar o trabalho da Justi\u00e7a brasileira.\u201d<br \/>\nO que causa realmente espanto \u00e9 que a entidade ignora que o ministro Teori Zavascki, do  Supremo Tribunal Federal, reconheceu que o juiz exorbitou de sua compet\u00eancia anulando parte dos grampos feitos contra o ex-presidente Luiz In\u00e1cio Lula da Silva que envolveram a presidente afastada Dilma Rousseff. <\/p>\n<p>\u201cA viola\u00e7\u00e3o da compet\u00eancia do Supremo Tribunal se deu no mesmo momento em que o ju\u00edzo reclamado [Sergio Moro], ao se deparar com poss\u00edvel envolvimento de autoridade detentora de foro na pr\u00e1tica de crime, deixou de encaminhar a este Supremo Tribunal Federal o procedimento investigat\u00f3rio para an\u00e1lise do conte\u00fado interceptado. E, o que \u00e9 ainda mais grave, procedeu a ju\u00edzo de valor sobre refer\u00eancias e condutas de ocupantes de cargos [com foro privilegiado]. Mais ainda: determinou, incontinenti, o levantamento do sigilo das conversas interceptadas, sem adotar as cautelas previstas no ordenamento normativo de reg\u00eancia, assumindo, com isso, o risco de comprometer seriamente o resultado v\u00e1lido da investiga\u00e7\u00e3o\u201d, atacou Teori.<\/p>\n<p>A AMB ignora que o pr\u00f3prio Juiz Moro pediu desculpas pelo que fez para flagrantemente atrair apoio popular sem a m\u00ednima preocupa\u00e7\u00e3o em tumultuar o processo e corromper o direito do investigado.<br \/>\n&#8220;Diante da controv\u00e9rsia decorrente do levantamento do sigilo e da r. decis\u00e3o de V.Ex.\u00aa, compreendo que o entendimento ent\u00e3o adotado possa ser considerado incorreto, ou mesmo sendo correto, possa ter trazido pol\u00eamicas e constrangimentos desnecess\u00e1rios\u201d, disse.<\/p>\n<p>O que a AMB tem \u00e9 medo de cair no descr\u00e9dito, caso o Comit\u00ea de Direitos Humanos da Organiza\u00e7\u00e3o das Na\u00e7\u00f5es Unidas (ONU) ateste que S\u00e9rgio Moro agiu com imparcialidade e o abuso de poder. No auge dos protestos, em v\u00e1rias capitais, magistrados se transformaram em militantes pr\u00f3-impeachment, pois participaram de atos em conjunto com movimentos partid\u00e1rios.<\/p>\n<p>Em algumas cidades, at\u00e9 outdoor patrocinaram em apoio \u00e0 conduta do juiz, reconhecida no STF como inadequada e prejudicial.<\/p>\n<p><img data-recalc-dims=\"1\" loading=\"lazy\" decoding=\"async\" data-attachment-id=\"2658\" data-permalink=\"http:\/\/blogdalucianaoliveira.com.br\/blog\/2016\/07\/29\/amb-teme-que-comite-de-direitos-humanos-da-onu-declare-que-nao-so-moro-mas-varios-magistrados-nao-zelaram-pela-legalidade\/img_2497-2\/\" data-orig-file=\"https:\/\/i0.wp.com\/blogdalucianaoliveira.com.br\/blog\/wp-content\/uploads\/2016\/07\/IMG_2497.jpg?fit=1280%2C960\" data-orig-size=\"1280,960\" data-comments-opened=\"0\" data-image-meta=\"{&quot;aperture&quot;:&quot;0&quot;,&quot;credit&quot;:&quot;&quot;,&quot;camera&quot;:&quot;&quot;,&quot;caption&quot;:&quot;&quot;,&quot;created_timestamp&quot;:&quot;0&quot;,&quot;copyright&quot;:&quot;&quot;,&quot;focal_length&quot;:&quot;0&quot;,&quot;iso&quot;:&quot;0&quot;,&quot;shutter_speed&quot;:&quot;0&quot;,&quot;title&quot;:&quot;&quot;,&quot;orientation&quot;:&quot;1&quot;}\" data-image-title=\"IMG_2497\" data-image-description=\"\" data-image-caption=\"\" data-medium-file=\"https:\/\/i0.wp.com\/blogdalucianaoliveira.com.br\/blog\/wp-content\/uploads\/2016\/07\/IMG_2497.jpg?fit=300%2C225\" data-large-file=\"https:\/\/i0.wp.com\/blogdalucianaoliveira.com.br\/blog\/wp-content\/uploads\/2016\/07\/IMG_2497.jpg?fit=600%2C450\" src=\"https:\/\/i0.wp.com\/blogdalucianaoliveira.com.br\/blog\/wp-content\/uploads\/2016\/07\/IMG_2497.jpg?resize=600%2C450\" alt=\"IMG_2497\" width=\"600\" height=\"450\" class=\"alignnone size-full wp-image-2658\" srcset=\"https:\/\/i0.wp.com\/blogdalucianaoliveira.com.br\/blog\/wp-content\/uploads\/2016\/07\/IMG_2497.jpg?w=1280 1280w, https:\/\/i0.wp.com\/blogdalucianaoliveira.com.br\/blog\/wp-content\/uploads\/2016\/07\/IMG_2497.jpg?resize=300%2C225 300w, https:\/\/i0.wp.com\/blogdalucianaoliveira.com.br\/blog\/wp-content\/uploads\/2016\/07\/IMG_2497.jpg?resize=400%2C300 400w, https:\/\/i0.wp.com\/blogdalucianaoliveira.com.br\/blog\/wp-content\/uploads\/2016\/07\/IMG_2497.jpg?w=1200 1200w\" sizes=\"auto, (max-width: 600px) 100vw, 600px\" \/><br \/>\nS\u00f3 que apesar de reconhecer que o juiz usurpou a compet\u00eancia do Supremo ao quebrar o sigilo das conversas e que \u201cFoi tamb\u00e9m precoce e, pelo menos parcialmente equivocada, a decis\u00e3o que adiantou ju\u00edzo de validade das intercepta\u00e7\u00f5es, colhidas, em parte importante, sem abrigo judicial, quando j\u00e1 havia determina\u00e7\u00e3o de interrup\u00e7\u00e3o das escutas\u201d, Teori remeteu os processos contra Lula para 13\u00aa Vara federal de Curitiba.<\/p>\n<p>Na nota de rep\u00fadio, a AMB sustenta  que \u201cO Brasil possui \u00f3rg\u00e3os constitu\u00eddos de controle interno e externo para acompanhar o trabalho desempenhado pela magistratura. \u00c9 inadmiss\u00edvel a utiliza\u00e7\u00e3o de quaisquer outros meios, que n\u00e3o os legais e constitucionalmente estabelecidos, para tentar inibir o trabalho de agentes p\u00fablicos no desempenho de suas fun\u00e7\u00f5es.\u201d<\/p>\n<p>S\u00e9rio? <\/p>\n<p>A AMB que recorreu ao Supremo Tribunal Federal (STF), A\u00e7\u00e3o Direta de Inconstitucionalidade (ADI) contra a Resolu\u00e7\u00e3o 135\/2011, do Conselho Nacional de Justi\u00e7a (CNJ), pra questionar a normatiza\u00e7\u00e3o dos procedimentos de investiga\u00e7\u00e3o contra Magistrados, que inclui advert\u00eancia, censura, remo\u00e7\u00e3o compuls\u00f3ria, disponibilidade, aposentadoria compuls\u00f3ria e demiss\u00e3o est\u00e3o entre as penas previstas aos Ju\u00edzes?<\/p>\n<p>Hum&#8230;Que quis limitar o poder do CNJ para investigar, processar e condenar ju\u00edzes que tenham pratiquem desvios de conduta? <\/p>\n<p>D\u00e1 pra entender o que a AMB defende e, talvez por isso n\u00e3o tenha manifestado perplexidade quando o CNJ arquivou todas das 14 reclama\u00e7\u00f5es disciplinares movidas contra o juiz S\u00e9rgio Moro, inclusive as que  questionaram a legalidade da divulga\u00e7\u00e3o de escutas telef\u00f4nicas, a condu\u00e7\u00e3o coercitiva de Lula, a suposta usurpa\u00e7\u00e3o da compet\u00eancia do Supremo Tribunal Federal (STF) e o tratamento desigual de investigados.<\/p>\n<p>A AMB n\u00e3o manifestou perplexidade por nada disso e teme que uma decis\u00e3o do Comit\u00ea de Direitos Humanos da Organiza\u00e7\u00e3o das Na\u00e7\u00f5es Unidas (ONU) desmoralize a postura omissa do CNJ e de todos os magistrados que apoiaram o modus operandi de S\u00e9rgio Moro.<\/p>\n<p>Lula agiu corretamente na defesa de seus direitos e causa perplexidade que a AMB tamb\u00e9m ignore a validade desse socorro.<\/p>\n<p>E que seja com ju\u00edzes que atuam sem qualquer outra motiva\u00e7\u00e3o que n\u00e3o seja a defesa da legalidade.<\/p>\n<div class=\"jetpack-video-wrapper\"><iframe loading=\"lazy\" title=\"Advogado explica motivo de Lula denunciar Moro na ONU\" width=\"600\" height=\"338\" src=\"https:\/\/www.youtube.com\/embed\/AO3mQ3K3Vog?feature=oembed\" frameborder=\"0\" allow=\"accelerometer; autoplay; clipboard-write; encrypted-media; gyroscope; picture-in-picture; web-share\" referrerpolicy=\"strict-origin-when-cross-origin\" allowfullscreen><\/iframe><\/div>\n","protected":false},"excerpt":{"rendered":"<p>Era s\u00f3 o que faltava pra evidenciar ainda mais a posi\u00e7\u00e3o imparcial que o judici\u00e1rio ocupa neste epis\u00f3dio dram\u00e1tico de ruptura democr\u00e1tica.<\/p>\n","protected":false},"author":1,"featured_media":0,"comment_status":"closed","ping_status":"open","sticky":false,"template":"","format":"standard","meta":{"_exactmetrics_skip_tracking":false,"_exactmetrics_sitenote_active":false,"_exactmetrics_sitenote_note":"","_exactmetrics_sitenote_category":0,"jetpack_post_was_ever_published":false,"_jetpack_newsletter_access":"","_jetpack_dont_email_post_to_subs":false,"_jetpack_newsletter_tier_id":0,"_jetpack_memberships_contains_paywalled_content":false,"_jetpack_memberships_contains_paid_content":false,"footnotes":"","jetpack_publicize_message":"","jetpack_publicize_feature_enabled":true,"jetpack_social_post_already_shared":true,"jetpack_social_options":{"image_generator_settings":{"template":"highway","enabled":false},"version":2}},"categories":[1],"tags":[78,115,173],"class_list":["post-2656","post","type-post","status-publish","format-standard","hentry","category-notas","tag-lula","tag-moro","tag-onu"],"jetpack_publicize_connections":[],"jetpack_sharing_enabled":true,"jetpack_featured_media_url":"","jetpack_shortlink":"https:\/\/wp.me\/p7wKYW-GQ","jetpack-related-posts":[],"_links":{"self":[{"href":"http:\/\/blogdalucianaoliveira.com.br\/blog\/wp-json\/wp\/v2\/posts\/2656","targetHints":{"allow":["GET"]}}],"collection":[{"href":"http:\/\/blogdalucianaoliveira.com.br\/blog\/wp-json\/wp\/v2\/posts"}],"about":[{"href":"http:\/\/blogdalucianaoliveira.com.br\/blog\/wp-json\/wp\/v2\/types\/post"}],"author":[{"embeddable":true,"href":"http:\/\/blogdalucianaoliveira.com.br\/blog\/wp-json\/wp\/v2\/users\/1"}],"replies":[{"embeddable":true,"href":"http:\/\/blogdalucianaoliveira.com.br\/blog\/wp-json\/wp\/v2\/comments?post=2656"}],"version-history":[{"count":4,"href":"http:\/\/blogdalucianaoliveira.com.br\/blog\/wp-json\/wp\/v2\/posts\/2656\/revisions"}],"predecessor-version":[{"id":2662,"href":"http:\/\/blogdalucianaoliveira.com.br\/blog\/wp-json\/wp\/v2\/posts\/2656\/revisions\/2662"}],"wp:attachment":[{"href":"http:\/\/blogdalucianaoliveira.com.br\/blog\/wp-json\/wp\/v2\/media?parent=2656"}],"wp:term":[{"taxonomy":"category","embeddable":true,"href":"http:\/\/blogdalucianaoliveira.com.br\/blog\/wp-json\/wp\/v2\/categories?post=2656"},{"taxonomy":"post_tag","embeddable":true,"href":"http:\/\/blogdalucianaoliveira.com.br\/blog\/wp-json\/wp\/v2\/tags?post=2656"}],"curies":[{"name":"wp","href":"https:\/\/api.w.org\/{rel}","templated":true}]}}