{"id":26566,"date":"2020-02-18T11:33:21","date_gmt":"2020-02-18T15:33:21","guid":{"rendered":"http:\/\/blogdalucianaoliveira.com.br\/blog\/?p=26566"},"modified":"2020-02-18T11:33:32","modified_gmt":"2020-02-18T15:33:32","slug":"as-instituicoes-assistem-passivas-ao-show-de-horrores-de-bolsonaro","status":"publish","type":"post","link":"http:\/\/blogdalucianaoliveira.com.br\/blog\/2020\/02\/18\/as-instituicoes-assistem-passivas-ao-show-de-horrores-de-bolsonaro\/","title":{"rendered":"As institui\u00e7\u00f5es assistem passivas ao show de horrores de Bolsonaro"},"content":{"rendered":"\n<figure class=\"wp-block-image size-large\"><img data-recalc-dims=\"1\" loading=\"lazy\" decoding=\"async\" width=\"600\" height=\"293\" data-attachment-id=\"26567\" data-permalink=\"http:\/\/blogdalucianaoliveira.com.br\/blog\/2020\/02\/18\/as-instituicoes-assistem-passivas-ao-show-de-horrores-de-bolsonaro\/image-2-6\/\" data-orig-file=\"https:\/\/i0.wp.com\/blogdalucianaoliveira.com.br\/blog\/wp-content\/uploads\/2020\/02\/image-2.png?fit=615%2C300\" data-orig-size=\"615,300\" data-comments-opened=\"0\" data-image-meta=\"{&quot;aperture&quot;:&quot;0&quot;,&quot;credit&quot;:&quot;&quot;,&quot;camera&quot;:&quot;&quot;,&quot;caption&quot;:&quot;&quot;,&quot;created_timestamp&quot;:&quot;0&quot;,&quot;copyright&quot;:&quot;&quot;,&quot;focal_length&quot;:&quot;0&quot;,&quot;iso&quot;:&quot;0&quot;,&quot;shutter_speed&quot;:&quot;0&quot;,&quot;title&quot;:&quot;&quot;,&quot;orientation&quot;:&quot;0&quot;}\" data-image-title=\"image-2\" data-image-description=\"\" data-image-caption=\"\" data-medium-file=\"https:\/\/i0.wp.com\/blogdalucianaoliveira.com.br\/blog\/wp-content\/uploads\/2020\/02\/image-2.png?fit=300%2C146\" data-large-file=\"https:\/\/i0.wp.com\/blogdalucianaoliveira.com.br\/blog\/wp-content\/uploads\/2020\/02\/image-2.png?fit=600%2C293\" src=\"https:\/\/i0.wp.com\/blogdalucianaoliveira.com.br\/blog\/wp-content\/uploads\/2020\/02\/image-2.png?resize=600%2C293\" alt=\"\" class=\"wp-image-26567\" srcset=\"https:\/\/i0.wp.com\/blogdalucianaoliveira.com.br\/blog\/wp-content\/uploads\/2020\/02\/image-2.png?w=615 615w, https:\/\/i0.wp.com\/blogdalucianaoliveira.com.br\/blog\/wp-content\/uploads\/2020\/02\/image-2.png?resize=300%2C146 300w\" sizes=\"auto, (max-width: 600px) 100vw, 600px\" \/><\/figure>\n\n\n\n<p>No UOL, Chico Alves &#8211; Na falta da compet\u00eancia para gerir a economia, a educa\u00e7\u00e3o ou a pol\u00edtica ambiental de um pa\u00eds, compostura \u00e9 o m\u00ednimo que se pode exigir de qualquer presidente. Ningu\u00e9m nasce sabendo governar, com o tempo \u00e9 poss\u00edvel aprender. J\u00e1 urbanidade, polidez e equil\u00edbrio muitas vezes n\u00e3o se pode assimilar. O presidente Jair Bolsonaro provou isso mais uma vez hoje, ao fazer coment\u00e1rio insultuoso contra a jornalista Patr\u00edcia Campos Mello.<\/p>\n\n\n\n<!--more-->\n\n\n\n<p>Um presidente pode muito, mas n\u00e3o pode tudo. N\u00e3o pode ser desrespeitoso, machista, mis\u00f3gino, vulgar. H\u00e1 nos coment\u00e1rios absurdos de Bolsonaro um conte\u00fado que passa da irresponsabilidade e deve ser examinado sob a possibilidade da responsabiliza\u00e7\u00e3o penal. Afinal, n\u00e3o se diz que as institui\u00e7\u00f5es democr\u00e1ticas est\u00e3o funcionando? Onde est\u00e3o elas, essas tais institui\u00e7\u00f5es, que assistem ao show de horrores no cercadinho do Pal\u00e1cio da Alvorada passivamente?<\/p>\n\n\n\n<p>Assim como o f\u00e3 clube, que solta urros de apoio a cada ofensa que Bolsonaro dirige a seus desafetos, as redes sociais devem estar a essa altura entupidas de apoiadores de carne e osso e tamb\u00e9m rob\u00f4s que aplaudem as baixarias presidenciais. Tudo o que o capit\u00e3o fizer ter\u00e1 o incentivo desses fan\u00e1ticos. Contra a horda de zumbis, \u00e9 preciso que a democracia brasileira prove que est\u00e1 viva.<\/p>\n\n\n\n<p>A mat\u00e9ria feita pela competente jornalista, sobre os disparos em massa de mensagens de WhatsApp pelo grupo da campanha eleitoral de Bolsonaro, foi t\u00e3o bem fundamentada que deixou transtornado o presidente e sua turma. Nada, por\u00e9m, justifica comportamento t\u00e3o baixo. Seus antecessores, Fernando Henrique Cardoso, Lula, Dilma e Temer, apanharam muito mais da imprensa e tiveram comportamento digno. O atual mandat\u00e1rio do pa\u00eds poderia mirar-se neles.<\/p>\n\n\n\n<p>Mais constrangedor \u00e9 assistir a essa escalada de cenas de baixo cal\u00e3o sabendo que ao lado do presidente est\u00e3o militares de alta patente. Por defini\u00e7\u00e3o, a carreira militar pede educa\u00e7\u00e3o, pondera\u00e7\u00e3o, discri\u00e7\u00e3o, equil\u00edbrio. Nada mais distante do atual ocupante do Pal\u00e1cio do Planalto.<\/p>\n\n\n\n<p>Com a economia revendo suas metas para baixo, o desemprego teimando em triturar ainda mais de 11 milh\u00f5es de pessoas, a educa\u00e7\u00e3o sob gest\u00e3o catastr\u00f3fica e a destrui\u00e7\u00e3o ambiental avan\u00e7ando tragicamente, o Brasil precisa de um presidente s\u00e9rio, que trabalhe duro e fa\u00e7a mais que se orgulhar de dar &#8220;bananas&#8221; aos jornalistas e ati\u00e7ar abutres nas redes sociais, como um adolescente malcriado.<\/p>\n\n\n\n<p>O epis\u00f3dio de hoje certamente ser\u00e1 noticiado em todo o mundo. O Brasil, assim, descer\u00e1 mais alguns degraus na escala de respeitabilidade. Os gringos dever\u00e3o estranhar como, em meio a um cen\u00e1rio econ\u00f4mico desolador, a principal autoridade nacional n\u00e3o se preocupa em destacar algum plano de desenvolvimento ou medidas animadoras. Prefere mostrar-se machista, mis\u00f3gino e desrespeitoso, ao estilo de um frequentador de boteco de vinte anos atr\u00e1s.<\/p>\n\n\n\n<p>J\u00e1 que n\u00e3o se pode exigir muito mais desse governo, \u00e9 preciso cobrar ao menos respeito, n\u00e3o s\u00f3 a Patr\u00edcia Campos Mello, mas a todos os brasileiros.<\/p>\n","protected":false},"excerpt":{"rendered":"<p>No UOL, Chico Alves &#8211; Na falta da compet\u00eancia para gerir a economia, a educa\u00e7\u00e3o ou a pol\u00edtica ambiental de um pa\u00eds, compostura \u00e9 o m\u00ednimo que se pode exigir de qualquer presidente. Ningu\u00e9m nasce sabendo governar, com o tempo \u00e9 poss\u00edvel aprender. J\u00e1 urbanidade, polidez e equil\u00edbrio muitas vezes n\u00e3o se pode assimilar. O&#8230;<a class=\"more-link\" href=\"http:\/\/blogdalucianaoliveira.com.br\/blog\/2020\/02\/18\/as-instituicoes-assistem-passivas-ao-show-de-horrores-de-bolsonaro\/\">Continue a leitura <span class=\"meta-nav\">&raquo;<\/span><\/a><\/p>\n","protected":false},"author":1,"featured_media":0,"comment_status":"closed","ping_status":"open","sticky":false,"template":"","format":"standard","meta":{"_exactmetrics_skip_tracking":false,"_exactmetrics_sitenote_active":false,"_exactmetrics_sitenote_note":"","_exactmetrics_sitenote_category":0,"jetpack_post_was_ever_published":false,"_jetpack_newsletter_access":"","_jetpack_dont_email_post_to_subs":false,"_jetpack_newsletter_tier_id":0,"_jetpack_memberships_contains_paywalled_content":false,"_jetpack_memberships_contains_paid_content":false,"footnotes":"","jetpack_publicize_message":"","jetpack_publicize_feature_enabled":true,"jetpack_social_post_already_shared":true,"jetpack_social_options":{"image_generator_settings":{"template":"highway","enabled":false},"version":2}},"categories":[1],"tags":[],"class_list":["post-26566","post","type-post","status-publish","format-standard","hentry","category-notas"],"jetpack_publicize_connections":[],"jetpack_sharing_enabled":true,"jetpack_featured_media_url":"","jetpack_shortlink":"https:\/\/wp.me\/p7wKYW-6Uu","jetpack-related-posts":[],"_links":{"self":[{"href":"http:\/\/blogdalucianaoliveira.com.br\/blog\/wp-json\/wp\/v2\/posts\/26566","targetHints":{"allow":["GET"]}}],"collection":[{"href":"http:\/\/blogdalucianaoliveira.com.br\/blog\/wp-json\/wp\/v2\/posts"}],"about":[{"href":"http:\/\/blogdalucianaoliveira.com.br\/blog\/wp-json\/wp\/v2\/types\/post"}],"author":[{"embeddable":true,"href":"http:\/\/blogdalucianaoliveira.com.br\/blog\/wp-json\/wp\/v2\/users\/1"}],"replies":[{"embeddable":true,"href":"http:\/\/blogdalucianaoliveira.com.br\/blog\/wp-json\/wp\/v2\/comments?post=26566"}],"version-history":[{"count":1,"href":"http:\/\/blogdalucianaoliveira.com.br\/blog\/wp-json\/wp\/v2\/posts\/26566\/revisions"}],"predecessor-version":[{"id":26568,"href":"http:\/\/blogdalucianaoliveira.com.br\/blog\/wp-json\/wp\/v2\/posts\/26566\/revisions\/26568"}],"wp:attachment":[{"href":"http:\/\/blogdalucianaoliveira.com.br\/blog\/wp-json\/wp\/v2\/media?parent=26566"}],"wp:term":[{"taxonomy":"category","embeddable":true,"href":"http:\/\/blogdalucianaoliveira.com.br\/blog\/wp-json\/wp\/v2\/categories?post=26566"},{"taxonomy":"post_tag","embeddable":true,"href":"http:\/\/blogdalucianaoliveira.com.br\/blog\/wp-json\/wp\/v2\/tags?post=26566"}],"curies":[{"name":"wp","href":"https:\/\/api.w.org\/{rel}","templated":true}]}}