{"id":26569,"date":"2020-02-18T11:54:44","date_gmt":"2020-02-18T15:54:44","guid":{"rendered":"http:\/\/blogdalucianaoliveira.com.br\/blog\/?p=26569"},"modified":"2020-02-18T11:54:44","modified_gmt":"2020-02-18T15:54:44","slug":"se-voce-pensa-que-cancelamento-e-agua","status":"publish","type":"post","link":"http:\/\/blogdalucianaoliveira.com.br\/blog\/2020\/02\/18\/se-voce-pensa-que-cancelamento-e-agua\/","title":{"rendered":"Se voc\u00ea pensa que cancelamento \u00e9 \u00e1gua"},"content":{"rendered":"\n<figure class=\"wp-block-image size-large\"><img data-recalc-dims=\"1\" loading=\"lazy\" decoding=\"async\" width=\"600\" height=\"400\" data-attachment-id=\"26570\" data-permalink=\"http:\/\/blogdalucianaoliveira.com.br\/blog\/2020\/02\/18\/se-voce-pensa-que-cancelamento-e-agua\/image-46-3\/\" data-orig-file=\"https:\/\/i0.wp.com\/blogdalucianaoliveira.com.br\/blog\/wp-content\/uploads\/2020\/02\/image-46.jpeg?fit=768%2C512\" data-orig-size=\"768,512\" data-comments-opened=\"0\" data-image-meta=\"{&quot;aperture&quot;:&quot;0&quot;,&quot;credit&quot;:&quot;&quot;,&quot;camera&quot;:&quot;&quot;,&quot;caption&quot;:&quot;&quot;,&quot;created_timestamp&quot;:&quot;0&quot;,&quot;copyright&quot;:&quot;&quot;,&quot;focal_length&quot;:&quot;0&quot;,&quot;iso&quot;:&quot;0&quot;,&quot;shutter_speed&quot;:&quot;0&quot;,&quot;title&quot;:&quot;&quot;,&quot;orientation&quot;:&quot;0&quot;}\" data-image-title=\"image-46\" data-image-description=\"\" data-image-caption=\"\" data-medium-file=\"https:\/\/i0.wp.com\/blogdalucianaoliveira.com.br\/blog\/wp-content\/uploads\/2020\/02\/image-46.jpeg?fit=300%2C200\" data-large-file=\"https:\/\/i0.wp.com\/blogdalucianaoliveira.com.br\/blog\/wp-content\/uploads\/2020\/02\/image-46.jpeg?fit=600%2C400\" src=\"https:\/\/i0.wp.com\/blogdalucianaoliveira.com.br\/blog\/wp-content\/uploads\/2020\/02\/image-46.jpeg?resize=600%2C400\" alt=\"\" class=\"wp-image-26570\" srcset=\"https:\/\/i0.wp.com\/blogdalucianaoliveira.com.br\/blog\/wp-content\/uploads\/2020\/02\/image-46.jpeg?w=768 768w, https:\/\/i0.wp.com\/blogdalucianaoliveira.com.br\/blog\/wp-content\/uploads\/2020\/02\/image-46.jpeg?resize=300%2C200 300w, https:\/\/i0.wp.com\/blogdalucianaoliveira.com.br\/blog\/wp-content\/uploads\/2020\/02\/image-46.jpeg?resize=450%2C300 450w\" sizes=\"auto, (max-width: 600px) 100vw, 600px\" \/><\/figure>\n\n\n\n<p>Costumo dizer que o lado progressista da for\u00e7a n\u00e3o precisa de Bolsonaro dando tiro na gente, a gente se mata sozinho<\/p>\n\n\n\n<!--more-->\n\n\n\n<p>Alessandra Negrini.<\/p>\n\n\n\n<p>Sendo sincero, n\u00e3o acompanho. Sei que ela&nbsp;<a href=\"https:\/\/f5.folha.uol.com.br\/colunistas\/tonygoes\/2020\/02\/quem-critica-fantasia-de-indio-nao-entende-o-que-e-o-carnaval.shtml\">foi a um bloco de carnaval&nbsp;<\/a>e usou sua imagem e influ\u00eancia para jogar luz nas quest\u00f5es ind\u00edgenas neste fim de semana. Tu sabe que tem \u00edndio entrando na Justi\u00e7a pra reaver terra, tem mission\u00e1rio sendo enviado pra converter \u00edndio, tem a\u00e7\u00f5es de governo que violam reservas ind\u00edgenas, e ela, atriz, mulher branca, classe m\u00e9dia, usou toda influ\u00eancia que tem pra endossar uma luta.<\/p>\n\n\n\n<p>E foi a car\u00e1ter, que \u00e9 o que atores fazem.<\/p>\n\n\n\n<p>Vestem a persona.<\/p>\n\n\n\n<p>O que a internet fez?<\/p>\n\n\n\n<p>Outro protesto, maior, politicamente correto, com foco em bater no governo e ajudar os ind\u00edgenas.<br>&nbsp;<br>N\u00e3o.<\/p>\n\n\n\n<p>Bateram na Negrini. Que estava com a\u00a0<a href=\"https:\/\/f5.folha.uol.com.br\/celebridades\/2020\/01\/petra-costa-e-sonia-guajajara-posam-com-brad-pitt-e-leonardo-di-caprio-no-jantar-do-oscar.shtml\">S\u00f4nia Guajajara<\/a>, do PSOL, ao lado. S\u00f4nia, que pintou Negrini. Se fosse\u00a0<a href=\"https:\/\/www1.folha.uol.com.br\/ilustrada\/2020\/02\/felipe-neto-diz-que-vai-processar-deputado-do-psl.shtml\">Felipe Neto<\/a>vestindo Negrini de \u00edndio, ningu\u00e9m ia ser cancelado. Felipe pode tudo.<\/p>\n\n\n\n<p>Mas o pr\u00f3prio Felipe, Deus da Internet, disse, do alto do monte, que esse neg\u00f3cio de cancelamento n\u00e3o t\u00e1 bom n\u00e3o.<\/p>\n\n\n\n<p>T\u00e1 todo mundo&nbsp;<a href=\"https:\/\/www1.folha.uol.com.br\/colunas\/pablo-ortellado\/2020\/02\/cancelamentos-indicam-aumento-da-cultura-da-vitimizacao.shtml\">cancelando<\/a>&nbsp;todo mundo. Pergunto: todo mundo, quem?<\/p>\n\n\n\n<p>O IBGElcio, instituto de pesquisas do Elcio, que tamb\u00e9m trabalha no ramo de salgados pra festas, em Engenho de Dentro, afirma que 99% dos canceladores nasceram de 2000 pra c\u00e1. E o outro 1% est\u00e1 vivendo o fen\u00f4meno da adolesc\u00eancia estendida. Ou seja, tem gente at\u00e9 de 1956 a\u00ed nesse meio.<\/p>\n\n\n\n<p>As redes sociais se tornaram grandes SACs. E os canceladores v\u00e3o nesse caminho.<\/p>\n\n\n\n<p>As pessoas n\u00e3o s\u00e3o mais agentes ou espectadoras da realidade, s\u00e3o CLIENTES. Num tempo em que likes, e n\u00e3o a reflex\u00e3o, definem a qualidade de um conte\u00fado, quem produz conte\u00fado faz o que d\u00e1 pra agradar o consumidor, que paga com clique e share.<\/p>\n\n\n\n<p>Virou um mercado, estrategicamente montado. Antes, uma pessoa precisava ter experi\u00eancia para se pronunciar. Hoje, basta um&nbsp;<a href=\"https:\/\/www1.folha.uol.com.br\/ilustrada\/2020\/01\/app-chines-tiktok-ameaca-dominio-de-plataformas-sociais-dos-estados-unidos.shtml\">TikTok<\/a>, vrau: temos um novo especialista.<\/p>\n\n\n\n<p>Ontem, portanto, foi o dia de cancelar Negrini. Os clientes, em seus sof\u00e1s, confort\u00e1veis em seus moletons, com mil abas abertas no computador, militando em uma, e vendo nova cole\u00e7\u00e3o da Farm nas outras, acharam ruim a atriz que, segundo diz a certid\u00e3o, tem 49 anos, encenar esse papel rid\u00edculo e racista.<\/p>\n\n\n\n<p>Povo delira. Negrini n\u00e3o vale o copo de caldo de cana debaixo de uma passarela em Duque de Caxias que tu toma, mas tu t\u00e1 fazendo o qu\u00ea?<\/p>\n\n\n\n<p>A gente \u00e9 o que faz, n\u00e3o o que tuita.<\/p>\n\n\n\n<p>Fora que cancelamento s\u00f3 favorece o cancelado.<\/p>\n\n\n\n<p>Ta\u00ed Anitta, primog\u00eanita das canceladas, mais rica e residente nos ist\u00eaites que nunca.<\/p>\n\n\n\n<p>O cancelar \u00e9 uma evolu\u00e7\u00e3o do lacrar. A gera\u00e7\u00e3o lacra\u00e7\u00e3o \u00e9 m\u00e3e da gera\u00e7\u00e3o tombamento, av\u00f3 da gera\u00e7\u00e3o cancelamento.<\/p>\n\n\n\n<p>A lacra\u00e7\u00e3o tem salto no ar e um sopro de glitter. O tombamento \u00e9 n\u00f3s tudo lacrando no ar juntos. Um clipe do Vittar. No cancelamento n\u00e3o futebol arte. Tamo cuspindo um na cara do outro, apenas. Quem cospe mais, ganha.<\/p>\n\n\n\n<p>No cancel\u00f4metro, s\u00f3 neste ano, Yuri Mar\u00e7al, o BBB&nbsp;quase todo, menos o&nbsp;<a href=\"https:\/\/f5.folha.uol.com.br\/televisao\/bbb20\/2020\/02\/bbb-20-babu-comeca-a-defender-lucas-perde-amizade-com-pyong-e-publico-quer-cancela-lo.shtml\">Babu&nbsp;<\/a>(acho, se n\u00e3o deu merda at\u00e9 a publica\u00e7\u00e3o dessa coluna), Roberto Alvim (merecidamente), as meninas do &#8220;Mamilos&#8221;, a Negrini e, se voc\u00ea for ao Twitter agora, vai achar uns cem.<\/p>\n\n\n\n<p>Cancelam por mimo. Nem \u00e9 pela utopia semi\u00f3tica ideal da esquerda ciranda, que acreditava que um dia todos os seres humanos seriam mini Fridas. Porque a esquerda quer que todo mundo seja puro, seja santo, enquanto a direita n\u00e3o se importa com ningu\u00e9m, s\u00f3 me d\u00e1 esse voto a\u00ed, e t\u00e1 tudo certo.<\/p>\n\n\n\n<p>Mas os canceladores o fazem por mimo mesmo. Pra ter uns likes tamb\u00e9m, surfar. N\u00e3o apontam pra corrigir e fortalecer luta. Bagulho \u00e9 fuder o emocional e a hist\u00f3ria do outro, sob o manto da justi\u00e7a.<\/p>\n\n\n\n<p>Movimentos constru\u00eddos nos morros, nas favelas, com gente boa, de luta, pensante, est\u00e3o sendo quase que criminalmente apropriados pelos que passam a porra do dia num Twitter fazendo zero nadas.<\/p>\n\n\n\n<p>Por tr\u00e1s das ondas coletivas de cancelamento est\u00e3o apenas uns adolescentes que n\u00e3o se sentem respons\u00e1veis pelo que dizem, tampouco obrigados a fazer algo para mudar o mundo.<\/p>\n\n\n\n<p>\u00c9 o grau m\u00e1ximo do homo-digitalis: o in\u00fatil com voz.<\/p>\n\n\n\n<p>Sobrou at\u00e9 pro<a href=\"https:\/\/www1.folha.uol.com.br\/cotidiano\/2019\/01\/ensaio-da-mangueira-e-samba-do-cacique-de-ramos-animam-pre-carnaval-no-rio.shtml\">&nbsp;Cacique de Ramos<\/a>. Na onda de ataques a Negrini, algum muleke piranh\u00edssimo solta uma trolada e disse que o Cacique era racista, porque tem um \u00edndio como s\u00edmbolo. Foi preciso o Luiz Simas vir a p\u00fablico explicar a ORIGEM do Cacique.<\/p>\n\n\n\n<p>A lista feita no Di\u00e1rio Oficial de BH pelo prefeito Kalil&nbsp;me soa mais como conquista de consumidor, como hipocrisia, do que como consci\u00eancia.<\/p>\n\n\n\n<p>Dizer pras pessoas n\u00e3o se \u201cvestirem de mulher\u201d ou levantar diversos pontos at\u00e9 relevantes para reflex\u00e3o, e isso n\u00e3o ser acompanhado de EDUCA\u00c7\u00c3O CONTINUADA SOBRE DIVERSIDADE E MINORIAS no restante do ano, funciona pra quem?<\/p>\n\n\n\n<p>Pros clientes. Pro vendedor. Mas educar, n\u00e3o educa.<\/p>\n\n\n\n<p>Ando cansado de sermos, n\u00f3s mesmos, progressistas, uma gera\u00e7\u00e3o um tanto hip\u00f3crita.<\/p>\n\n\n\n<p>Costumo dizer que o lado progressista da for\u00e7a n\u00e3o precisa de Bolsonaro dando tiro na gente, a gente se mata sozinho. Em todo caso, a turma t\u00e1 conseguindo algo que os evang\u00e9licos n\u00e3o conseguiram: fuder o Carnaval.CONTINUE LENDO \u25beAnderson Fran\u00e7a<\/p>\n\n\n\n<p>\u00c9 escritor e roteirista; carioca do sub\u00farbio do Rio e evang\u00e9lico, \u00e9 autor de &#8220;Rio em Shamas&#8221; (ed. Objetiva) e empreendedor social, fundador da Universidade da Correria, escola de afroempreendedores populares.<\/p>\n","protected":false},"excerpt":{"rendered":"<p>Costumo dizer que o lado progressista da for\u00e7a n\u00e3o precisa de Bolsonaro dando tiro na gente, a gente se mata sozinho<\/p>\n","protected":false},"author":1,"featured_media":0,"comment_status":"closed","ping_status":"open","sticky":false,"template":"","format":"standard","meta":{"_exactmetrics_skip_tracking":false,"_exactmetrics_sitenote_active":false,"_exactmetrics_sitenote_note":"","_exactmetrics_sitenote_category":0,"jetpack_post_was_ever_published":false,"_jetpack_newsletter_access":"","_jetpack_dont_email_post_to_subs":false,"_jetpack_newsletter_tier_id":0,"_jetpack_memberships_contains_paywalled_content":false,"_jetpack_memberships_contains_paid_content":false,"footnotes":"","jetpack_publicize_message":"","jetpack_publicize_feature_enabled":true,"jetpack_social_post_already_shared":true,"jetpack_social_options":{"image_generator_settings":{"template":"highway","enabled":false},"version":2}},"categories":[1],"tags":[],"class_list":["post-26569","post","type-post","status-publish","format-standard","hentry","category-notas"],"jetpack_publicize_connections":[],"jetpack_sharing_enabled":true,"jetpack_featured_media_url":"","jetpack_shortlink":"https:\/\/wp.me\/p7wKYW-6Ux","jetpack-related-posts":[],"_links":{"self":[{"href":"http:\/\/blogdalucianaoliveira.com.br\/blog\/wp-json\/wp\/v2\/posts\/26569","targetHints":{"allow":["GET"]}}],"collection":[{"href":"http:\/\/blogdalucianaoliveira.com.br\/blog\/wp-json\/wp\/v2\/posts"}],"about":[{"href":"http:\/\/blogdalucianaoliveira.com.br\/blog\/wp-json\/wp\/v2\/types\/post"}],"author":[{"embeddable":true,"href":"http:\/\/blogdalucianaoliveira.com.br\/blog\/wp-json\/wp\/v2\/users\/1"}],"replies":[{"embeddable":true,"href":"http:\/\/blogdalucianaoliveira.com.br\/blog\/wp-json\/wp\/v2\/comments?post=26569"}],"version-history":[{"count":1,"href":"http:\/\/blogdalucianaoliveira.com.br\/blog\/wp-json\/wp\/v2\/posts\/26569\/revisions"}],"predecessor-version":[{"id":26571,"href":"http:\/\/blogdalucianaoliveira.com.br\/blog\/wp-json\/wp\/v2\/posts\/26569\/revisions\/26571"}],"wp:attachment":[{"href":"http:\/\/blogdalucianaoliveira.com.br\/blog\/wp-json\/wp\/v2\/media?parent=26569"}],"wp:term":[{"taxonomy":"category","embeddable":true,"href":"http:\/\/blogdalucianaoliveira.com.br\/blog\/wp-json\/wp\/v2\/categories?post=26569"},{"taxonomy":"post_tag","embeddable":true,"href":"http:\/\/blogdalucianaoliveira.com.br\/blog\/wp-json\/wp\/v2\/tags?post=26569"}],"curies":[{"name":"wp","href":"https:\/\/api.w.org\/{rel}","templated":true}]}}