{"id":26573,"date":"2020-02-18T19:35:51","date_gmt":"2020-02-18T23:35:51","guid":{"rendered":"http:\/\/blogdalucianaoliveira.com.br\/blog\/?p=26573"},"modified":"2020-02-18T19:36:03","modified_gmt":"2020-02-18T23:36:03","slug":"cadaver-nao-e-de-adriano-diz-secretaria-de-seguranca-publica-da-bahia-sobre-video-exibido-por-flavio-bolsonaro","status":"publish","type":"post","link":"http:\/\/blogdalucianaoliveira.com.br\/blog\/2020\/02\/18\/cadaver-nao-e-de-adriano-diz-secretaria-de-seguranca-publica-da-bahia-sobre-video-exibido-por-flavio-bolsonaro\/","title":{"rendered":"&#8216;Cad\u00e1ver n\u00e3o \u00e9 de Adriano&#8217;, diz Secretaria de Seguran\u00e7a P\u00fablica da Bahia sobre v\u00eddeo exibido por Fl\u00e1vio Bolsonaro"},"content":{"rendered":"\n<figure class=\"wp-block-image\"><img data-recalc-dims=\"1\" decoding=\"async\" src=\"https:\/\/i0.wp.com\/publisher-publish.s3.eu-central-1.amazonaws.com\/pb-brasil247\/swp\/jtjeq9\/media\/2020021820028_cc9908f23f2a49cba7f5d8a6347575b2b3ca5d12e3dbcbd6e69ad6e69bfb7c28.png?w=600&#038;ssl=1\" alt=\"Fl\u00e1vio Bolsonaro + cad\u00e1ver\"\/><\/figure>\n\n\n\n<p><strong>247<\/strong>&nbsp;&#8211; O secret\u00e1rio da Seguran\u00e7a P\u00fablica da Bahia, Maur\u00edcio Barbosa, afirmou que o cad\u00e1ver exibido no Twitter na manh\u00e3 desta ter\u00e7a-feira (18) por Fl\u00e1vio Bolsonaro n\u00e3o \u00e9 o do miliciano Adriano da Nobrega. Ele disse: \u201cas imagens n\u00e3o foram feitas nas instala\u00e7\u00f5es oficiais do instituto m\u00e9dico legal.&#8221;<\/p>\n\n\n\n<!--more-->\n\n\n\n<p>Barbosa salientou: &#8220;a Secretaria da Seguran\u00e7a P\u00fablica da Bahia vai continuar com aquilo que n\u00f3s come\u00e7amos a fazer desde antes mesmo do dia do fato, que \u00e9 o aux\u00edlio que n\u00f3s prestamos \u00e0 opera\u00e7\u00e3o do Rio de Janeiro. [Vamos], agir com a m\u00e1xima transpar\u00eancia, com a m\u00e1xima inten\u00e7\u00e3o de ajudar institui\u00e7\u00f5es como o Minist\u00e9rio P\u00fablico e a Justi\u00e7a, e n\u00e3o trazer confus\u00f5es e nem teorias pol\u00edticas a respeito de um trabalho eminentemente policial.&#8221;<\/p>\n\n\n\n<p>O secret\u00e1rio ainda afirmou que &#8220;as imagens n\u00e3o foram feitas nas instala\u00e7\u00f5es oficiais do instituto m\u00e9dico legal. Ent\u00e3o n\u00f3s temos a clara convic\u00e7\u00e3o de que isso \u00e9 para trazer algum tipo de d\u00favida, de questionamento, a um trabalho que ainda n\u00e3o foi conclu\u00eddo. Eu refor\u00e7o aqui o posicionamento das nossas institui\u00e7\u00f5es, a transpar\u00eancia com que estamos agindo e n\u00e3o vamos deixar que, por uma quest\u00e3o pol\u00edtica, ou por qualquer outro motivo, qualquer outro interesse que esteja por tr\u00e1s disso tudo, venham trazer qualquer tipo de questionamento pr\u00e9vio, sem antes termos a conclus\u00e3o da nossa investiga\u00e7\u00e3o, das nossas per\u00edcias, e que o Minist\u00e9rio P\u00fablico e a Justi\u00e7a se posicionem quanto a isso\u201d.<br><\/p>\n\n\n\n<p>Barbosa ainda acrescentou: &#8220;n\u00f3s temos ainda um prazo para concluir a nossa investiga\u00e7\u00e3o. N\u00f3s fomos instados a comentar o resultado da per\u00edcia, e foi claramente indicado pelo perito que n\u00e3o havia sinais de execu\u00e7\u00e3o, nem sinais de tortura no corpo que foi avaliado\u201d. Segundo ele, ainda h\u00e1 outras per\u00edcias a serem realizadas e outras pessoas est\u00e3o sendo ouvidas pela autoridade policial. \u201cO que n\u00f3s queremos \u00e9 dar continuidade ao trabalho s\u00e9rio de investiga\u00e7\u00e3o que a nossa pol\u00edcia j\u00e1 faz, sem nenhum tipo de indaga\u00e7\u00e3o ou questionamento pr\u00e9vio antes da conclus\u00e3o da autoridade policial\u201d<\/p>\n\n\n\n<p>Leia mais aqui, no<a target=\"_blank\" href=\"https:\/\/www.diariodocentrodomundo.com.br\/secretaria-de-seguranca-publica-da-bahia-nega-que-cadaver-exibido-por-flavio-bolsonaro-e-de-adriano\/\" rel=\"noreferrer noopener\">&nbsp;site DCM<\/a>.&nbsp;Leia mais<br><\/p>\n","protected":false},"excerpt":{"rendered":"<p>247&nbsp;&#8211; O secret\u00e1rio da Seguran\u00e7a P\u00fablica da Bahia, Maur\u00edcio Barbosa, afirmou que o cad\u00e1ver exibido no Twitter na manh\u00e3 desta ter\u00e7a-feira (18) por Fl\u00e1vio Bolsonaro n\u00e3o \u00e9 o do miliciano Adriano da Nobrega. Ele disse: \u201cas imagens n\u00e3o foram feitas nas instala\u00e7\u00f5es oficiais do instituto m\u00e9dico legal.&#8221;<\/p>\n","protected":false},"author":1,"featured_media":0,"comment_status":"closed","ping_status":"open","sticky":false,"template":"","format":"standard","meta":{"_exactmetrics_skip_tracking":false,"_exactmetrics_sitenote_active":false,"_exactmetrics_sitenote_note":"","_exactmetrics_sitenote_category":0,"jetpack_post_was_ever_published":false,"_jetpack_newsletter_access":"","_jetpack_dont_email_post_to_subs":false,"_jetpack_newsletter_tier_id":0,"_jetpack_memberships_contains_paywalled_content":false,"_jetpack_memberships_contains_paid_content":false,"footnotes":"","jetpack_publicize_message":"","jetpack_publicize_feature_enabled":true,"jetpack_social_post_already_shared":true,"jetpack_social_options":{"image_generator_settings":{"template":"highway","enabled":false},"version":2}},"categories":[1],"tags":[],"class_list":["post-26573","post","type-post","status-publish","format-standard","hentry","category-notas"],"jetpack_publicize_connections":[],"jetpack_sharing_enabled":true,"jetpack_featured_media_url":"","jetpack_shortlink":"https:\/\/wp.me\/p7wKYW-6UB","jetpack-related-posts":[],"_links":{"self":[{"href":"http:\/\/blogdalucianaoliveira.com.br\/blog\/wp-json\/wp\/v2\/posts\/26573","targetHints":{"allow":["GET"]}}],"collection":[{"href":"http:\/\/blogdalucianaoliveira.com.br\/blog\/wp-json\/wp\/v2\/posts"}],"about":[{"href":"http:\/\/blogdalucianaoliveira.com.br\/blog\/wp-json\/wp\/v2\/types\/post"}],"author":[{"embeddable":true,"href":"http:\/\/blogdalucianaoliveira.com.br\/blog\/wp-json\/wp\/v2\/users\/1"}],"replies":[{"embeddable":true,"href":"http:\/\/blogdalucianaoliveira.com.br\/blog\/wp-json\/wp\/v2\/comments?post=26573"}],"version-history":[{"count":1,"href":"http:\/\/blogdalucianaoliveira.com.br\/blog\/wp-json\/wp\/v2\/posts\/26573\/revisions"}],"predecessor-version":[{"id":26574,"href":"http:\/\/blogdalucianaoliveira.com.br\/blog\/wp-json\/wp\/v2\/posts\/26573\/revisions\/26574"}],"wp:attachment":[{"href":"http:\/\/blogdalucianaoliveira.com.br\/blog\/wp-json\/wp\/v2\/media?parent=26573"}],"wp:term":[{"taxonomy":"category","embeddable":true,"href":"http:\/\/blogdalucianaoliveira.com.br\/blog\/wp-json\/wp\/v2\/categories?post=26573"},{"taxonomy":"post_tag","embeddable":true,"href":"http:\/\/blogdalucianaoliveira.com.br\/blog\/wp-json\/wp\/v2\/tags?post=26573"}],"curies":[{"name":"wp","href":"https:\/\/api.w.org\/{rel}","templated":true}]}}