{"id":26575,"date":"2020-02-18T19:43:02","date_gmt":"2020-02-18T23:43:02","guid":{"rendered":"http:\/\/blogdalucianaoliveira.com.br\/blog\/?p=26575"},"modified":"2020-02-18T19:43:14","modified_gmt":"2020-02-18T23:43:14","slug":"bolsonaro-se-comporta-como-cafajeste-na-presidencia-da-republica-e-assim-deve-ser-tratado","status":"publish","type":"post","link":"http:\/\/blogdalucianaoliveira.com.br\/blog\/2020\/02\/18\/bolsonaro-se-comporta-como-cafajeste-na-presidencia-da-republica-e-assim-deve-ser-tratado\/","title":{"rendered":"Bolsonaro se comporta como cafajeste na Presid\u00eancia da Rep\u00fablica, e assim deve ser tratado"},"content":{"rendered":"\n<figure class=\"wp-block-image\"><img data-recalc-dims=\"1\" decoding=\"async\" src=\"https:\/\/i0.wp.com\/poliarquia.com.br\/wp-content\/uploads\/2020\/02\/captura-de-tela-2020-02-18-as-17-41-23-600x365-1-1.png?w=600\" alt=\"\"\/><\/figure>\n\n\n\n<p>No DCM &#8211; O Brasil j\u00e1 teve um soci\u00f3logo na presid\u00eancia da rep\u00fablica, um torneiro mec\u00e2nico, um economista e um advogado que se revelou ladr\u00e3o. Agora tem uma cafajeste, na defini\u00e7\u00e3o cl\u00e1ssica da palavra:<\/p>\n\n\n\n<p>\u201cIndiv\u00edduo sem refinamento no trato social, atrevido, provocador e que se veste geralmente de maneira peculiar, denotando mau gosto\u201d, define o dicion\u00e1rio.<\/p>\n\n\n\n<!--more-->\n\n\n\n<p>Hoje de manh\u00e3, ao falar com jornalistas, ele agrediu uma rep\u00f3rter da Folha de S. Paulo, Patr\u00edcia Campos Mello, autora das reportagens sobre os disparos em massa de fake por WhatsApp.<\/p>\n\n\n\n<p>Usou o linguajar de um desqualificado, t\u00edpico de um vagabundo com a barriga encostada no balc\u00e3o de um bar da zona do meretr\u00edcio.<br><\/p>\n\n\n\n<p>\u201cO depoimento do River\u201d, diz ele, que olha para um assessor e pede confirma\u00e7\u00e3o: \u201cRiver, n\u00e9?\u201d O assessor responde: \u201cHans River\u201d.<\/p>\n\n\n\n<p>\u201cHans River\u201d \u2014 retoma o sujeito.<\/p>\n\n\n\n<p>\u201cNo final de 2018, para o Minist\u00e9rio P\u00fablico, ele diz do ass\u00e9dio da jornalista em cima dele. Ela queria um furo, ela queria dar um FURO (com \u00eanfase na palavra furo)\u201d, diz,&nbsp;&nbsp;sob o olhar de apoiadoras, uma j\u00e1 velha, que riem gostosamente, tamb\u00e9m como frequentadoras de um boteco de prost\u00edbulo.<\/p>\n\n\n\n<p>\u201cEla queria dar um furo a qualquer pre\u00e7o contra mim\u201d, acrescenta.<br><\/p>\n\n\n\n<p>Bolsonaro tamb\u00e9m afirma que h\u00e1 um v\u00eddeo que seria divulgado tamb\u00e9m com revela\u00e7\u00f5es pesadas sobre a jornalista. \u201cN\u00e3o vou falar aqui porque tem senhora&nbsp;&nbsp;(sic) aqui do lado.<\/p>\n\n\n\n<p>O v\u00eddeo a que Bolsonaro fez refer\u00eancia seria publicado pouco depois pelo filho, Eduardo. Na fala, gravada em palestra na USP, Patr\u00edcia diz que jornalistas nunca devem revelar o voto.<\/p>\n\n\n\n<p>\u201cAgora eu vou dar um conselho, tipo tia velha dando um conselho, t\u00e1? Se perguntarem para voc\u00eas em quem voc\u00eas votaram, nunca respondam. Se voc\u00ea \u00e9 jornalista, n\u00e3o responda isso. Fala assim: \u2018Eu n\u00e3o revelo meu voto! Porque uma vez eu dei entrevista para alunos da PUC, em 2013. E no meio da entrevista perguntaram: Ah, e qual \u00e9 seu posicionamento pol\u00edtico? Eu falei: \u2018Eu sou uma pessoa de esquerda. Eu sempre votei no PT, mas isso n\u00e3o influencia, eu sou imparcial, na, na, n\u00e3, n\u00e3\u2026 Bom, editaram, s\u00f3 ficou a primeira parte, esse v\u00eddeo viralizou, a\u00ed eu virei a patinha do PT, que fez a mat\u00e9ria para derrubar o Bolsonaro.\u201d<\/p>\n\n\n\n<p>N\u00e3o h\u00e1 nada demais na fala de Patr\u00edcia \u2014 como, a rigor, n\u00e3o \u00e9 nenhum pecado revelar posicionamento pol\u00edtico.<\/p>\n\n\n\n<p>O primeiro \u00e2ncora da TV, Walter Cronkite, da CBS, era simp\u00e1tico aos&nbsp;&nbsp;republicanos, e chegou a ser cotado para disputar a presid\u00eancia pelo partido, depois de comparecer como convidado a uma conven\u00e7\u00e3o republicana.<\/p>\n\n\n\n<p>Jornalistas s\u00e3o cidad\u00e3os como quaisquer outros, mas que, em geral, sabem isolar convic\u00e7\u00f5es pessoais no exerc\u00edcio da atividade profissional. N\u00e3o s\u00e3o neutros, porque isso \u00e9 imposs\u00edvel, mas devem ter compromisso com fatos, com a interpreta\u00e7\u00e3o a mais honesta poss\u00edvel desses fatos.<\/p>\n\n\n\n<p>Por exemplo, um jornalista botafoguense \u00e9 capaz de fazer um an\u00e1lise honesta de um jogo do Flamengo, e vice-versa.<\/p>\n\n\n\n<p>De que adiantaria Patr\u00edcia esconder como v\u00ea o mundo, manter em segredo que enxerga nas propostas de esquerda o caminho mais adequado para a evolu\u00e7\u00e3o social em um pa\u00eds t\u00e3o atrasado como o Brasil?<\/p>\n\n\n\n<p>Os bolsonaristas inventariam qualquer coisa, como inventam agora, apenas para desestabiliz\u00e1-la emocionalmente.<\/p>\n\n\n\n<p>\u00c9 o que ensina o guru dessa gente, Olavo de Carvalho, autor do pref\u00e1cio de Como Vencer Um Debate Sem Precisar Ter Raz\u00e3o, de Arthur Schopenhauer.<\/p>\n\n\n\n<p>Segundo o autor, argumentos racionais n\u00e3o devem ser usados em debate pol\u00edtico ou acad\u00eamico. Uma das estrat\u00e9gicas de Schopenhauer, endossada por Olavo de Carvalho, \u00e9:<\/p>\n\n\n\n<p>\u201cAtacar o advers\u00e1rio pessoalmente, com grosseria e agressividade, quando o debate se mostra de todo perdido.\u201d<\/p>\n\n\n\n<p>\u00c9 a escola da cafajestagem, elevada a seu grau m\u00e1ximo na pessoa de Bolsonaro, ocupante indigno da cadeira de primeiro mandat\u00e1rio do pa\u00eds.<\/p>\n\n\n\n<p>Se Bolsonaro mostrou que se comporta como cafajeste na Presid\u00eancia da Rep\u00fablica, a imprensa corporativa, apoiadora do plano de Paulo Guedes, tem se mostrado sem-vergonha.<\/p>\n\n\n\n<p>Hoje, depois de ofender Patr\u00edcia Campos Mello e diante da repercuss\u00e3o da sua fala, Jair Bolsonaro ainda tripudiou sobre os rep\u00f3rteres que ficam no curralzinho na sa\u00edda do Alvorada.<\/p>\n\n\n\n<p>\u201cAlgu\u00e9m da Folha de S. Paulo a\u00ed? Algu\u00e9m da Folha de S. Paulo a\u00ed? Eu agredi uma rep\u00f3rter da Folha de S. Paulo a\u00ed? Parab\u00e9ns \u00e0 m\u00eddia\u201d, disse ele, antes de dar as costas diante de rep\u00f3rteres que imploravam por respostas.<\/p>\n\n\n\n<p>Est\u00e1 na hora de discutir seriamente boicote \u00e0 cobertura do presidente, que \u00e9 um trabalho insalubre.<\/p>\n\n\n\n<p>\u00c9 dif\u00edcil chegar a um consenso desse tipo \u2014 no governo de Jo\u00e3o Figueiredo, fot\u00f3grafos colocaram a m\u00e1quina no ch\u00e3o quando o ditador desceu a rampa do Planalto.<\/p>\n\n\n\n<p>Foi o protesto poss\u00edvel que a imprensa organizou naqueles anos. Dif\u00edcil que se repita, mas \u00e9 necess\u00e1rio que se comece essa discuss\u00e3o.<\/p>\n\n\n\n<p>S\u00f3 os muito ing\u00eanuos imaginariam que o trabalho jornal\u00edstico com Bolsonaro na presid\u00eancia seria f\u00e1cil.<\/p>\n\n\n\n<p>Afinal, o Brasil nunca teve antes um cafajeste na Presid\u00eancia da Rep\u00fablica.<\/p>\n\n\n\n<p><\/p>\n\n\n\n<p><\/p>\n","protected":false},"excerpt":{"rendered":"<p>No DCM &#8211; O Brasil j\u00e1 teve um soci\u00f3logo na presid\u00eancia da rep\u00fablica, um torneiro mec\u00e2nico, um economista e um advogado que se revelou ladr\u00e3o. Agora tem uma cafajeste, na defini\u00e7\u00e3o cl\u00e1ssica da palavra: \u201cIndiv\u00edduo sem refinamento no trato social, atrevido, provocador e que se veste geralmente de maneira peculiar, denotando mau gosto\u201d, define o&#8230;<a class=\"more-link\" href=\"http:\/\/blogdalucianaoliveira.com.br\/blog\/2020\/02\/18\/bolsonaro-se-comporta-como-cafajeste-na-presidencia-da-republica-e-assim-deve-ser-tratado\/\">Continue a leitura <span class=\"meta-nav\">&raquo;<\/span><\/a><\/p>\n","protected":false},"author":1,"featured_media":0,"comment_status":"closed","ping_status":"open","sticky":false,"template":"","format":"standard","meta":{"_exactmetrics_skip_tracking":false,"_exactmetrics_sitenote_active":false,"_exactmetrics_sitenote_note":"","_exactmetrics_sitenote_category":0,"jetpack_post_was_ever_published":false,"_jetpack_newsletter_access":"","_jetpack_dont_email_post_to_subs":false,"_jetpack_newsletter_tier_id":0,"_jetpack_memberships_contains_paywalled_content":false,"_jetpack_memberships_contains_paid_content":false,"footnotes":"","jetpack_publicize_message":"","jetpack_publicize_feature_enabled":true,"jetpack_social_post_already_shared":true,"jetpack_social_options":{"image_generator_settings":{"template":"highway","enabled":false},"version":2}},"categories":[1],"tags":[53,354,353],"class_list":["post-26575","post","type-post","status-publish","format-standard","hentry","category-notas","tag-bolsonaro","tag-folha","tag-jornalista"],"jetpack_publicize_connections":[],"jetpack_sharing_enabled":true,"jetpack_featured_media_url":"","jetpack_shortlink":"https:\/\/wp.me\/p7wKYW-6UD","jetpack-related-posts":[],"_links":{"self":[{"href":"http:\/\/blogdalucianaoliveira.com.br\/blog\/wp-json\/wp\/v2\/posts\/26575","targetHints":{"allow":["GET"]}}],"collection":[{"href":"http:\/\/blogdalucianaoliveira.com.br\/blog\/wp-json\/wp\/v2\/posts"}],"about":[{"href":"http:\/\/blogdalucianaoliveira.com.br\/blog\/wp-json\/wp\/v2\/types\/post"}],"author":[{"embeddable":true,"href":"http:\/\/blogdalucianaoliveira.com.br\/blog\/wp-json\/wp\/v2\/users\/1"}],"replies":[{"embeddable":true,"href":"http:\/\/blogdalucianaoliveira.com.br\/blog\/wp-json\/wp\/v2\/comments?post=26575"}],"version-history":[{"count":1,"href":"http:\/\/blogdalucianaoliveira.com.br\/blog\/wp-json\/wp\/v2\/posts\/26575\/revisions"}],"predecessor-version":[{"id":26576,"href":"http:\/\/blogdalucianaoliveira.com.br\/blog\/wp-json\/wp\/v2\/posts\/26575\/revisions\/26576"}],"wp:attachment":[{"href":"http:\/\/blogdalucianaoliveira.com.br\/blog\/wp-json\/wp\/v2\/media?parent=26575"}],"wp:term":[{"taxonomy":"category","embeddable":true,"href":"http:\/\/blogdalucianaoliveira.com.br\/blog\/wp-json\/wp\/v2\/categories?post=26575"},{"taxonomy":"post_tag","embeddable":true,"href":"http:\/\/blogdalucianaoliveira.com.br\/blog\/wp-json\/wp\/v2\/tags?post=26575"}],"curies":[{"name":"wp","href":"https:\/\/api.w.org\/{rel}","templated":true}]}}