{"id":26577,"date":"2020-02-18T20:27:19","date_gmt":"2020-02-19T00:27:19","guid":{"rendered":"http:\/\/blogdalucianaoliveira.com.br\/blog\/?p=26577"},"modified":"2020-02-18T20:27:25","modified_gmt":"2020-02-19T00:27:25","slug":"territorios-indigenas-protegem-o-futuro-do-planeta","status":"publish","type":"post","link":"http:\/\/blogdalucianaoliveira.com.br\/blog\/2020\/02\/18\/territorios-indigenas-protegem-o-futuro-do-planeta\/","title":{"rendered":"Territ\u00f3rios ind\u00edgenas protegem o futuro do planeta"},"content":{"rendered":"\n<figure class=\"wp-block-embed-youtube wp-block-embed is-type-video is-provider-youtube wp-embed-aspect-16-9 wp-has-aspect-ratio\"><div class=\"wp-block-embed__wrapper\">\n<div class=\"jetpack-video-wrapper\"><iframe loading=\"lazy\" title=\"Carbono Vivo\" width=\"600\" height=\"338\" src=\"https:\/\/www.youtube.com\/embed\/OjjpZtop43s?feature=oembed\" frameborder=\"0\" allow=\"accelerometer; autoplay; clipboard-write; encrypted-media; gyroscope; picture-in-picture; web-share\" referrerpolicy=\"strict-origin-when-cross-origin\" allowfullscreen><\/iframe><\/div>\n<\/div><\/figure>\n\n\n\n<p>Carbono Vivo &#8211; As terras ind\u00edgenas e as \u00e1reas protegidas det\u00eam os maiores estoques de carbono da Amaz\u00f4nia. Mas pesquisadores alertam: a degrada\u00e7\u00e3o e o desmatamento avan\u00e7am. O v\u00eddeo Carbono Vivo \u00e9 um projeto especial da Rede Amaz\u00f4nica de Informa\u00e7\u00e3o Socioambiental Georreferenciada (RAISG) em alian\u00e7a com o InfoAmazonia. Seu objetivo \u00e9 comunicar os resultados do artigo cient\u00edfico \u201cThe Role of Forest Conversion, Degradation, and Disturbance in the Carbon Dynamics of Amazon Indigenous Territories and Protected Areas\u201d  publicado no dia 27 de janeiro de 2020 no peri\u00f3dico cient\u00edfico Proceedings of the National Academy of Sciences (PNAS). <\/p>\n\n\n\n<!--more-->\n\n\n\n<p>O estudo resulta de uma parceria entre pesquisadores da RAISG, do Centro de Pesquisa Woods Hole Research Center (WHRC), o Environmental Defense (EDF) e a Coordena\u00e7\u00e3o das Organiza\u00e7\u00f5es Ind\u00edgenas da Bacia Amaz\u00f4nica (COICA). &#8211; Ficha t\u00e9cnica Equipe InfoAmazonia   Dire\u00e7\u00e3o &#8211; Gustavo Faleiros Edi\u00e7\u00e3o &#8211; Juliana Mori Anima\u00e7\u00e3o &#8211; Sergio Castro M\u00fasica &#8211; Fl\u00e1vio Ianuzzi Filmagem e finaliza\u00e7\u00e3o de imagens &#8211; Luis Ushirobira Locu\u00e7\u00e3o &#8211; Cec\u00edlia Rosen<br><\/p>\n","protected":false},"excerpt":{"rendered":"<p>Carbono Vivo &#8211; As terras ind\u00edgenas e as \u00e1reas protegidas det\u00eam os maiores estoques de carbono da Amaz\u00f4nia. Mas pesquisadores alertam: a degrada\u00e7\u00e3o e o desmatamento avan\u00e7am. O v\u00eddeo Carbono Vivo \u00e9 um projeto especial da Rede Amaz\u00f4nica de Informa\u00e7\u00e3o Socioambiental Georreferenciada (RAISG) em alian\u00e7a com o InfoAmazonia. Seu objetivo \u00e9 comunicar os resultados do&#8230;<a class=\"more-link\" href=\"http:\/\/blogdalucianaoliveira.com.br\/blog\/2020\/02\/18\/territorios-indigenas-protegem-o-futuro-do-planeta\/\">Continue a leitura <span class=\"meta-nav\">&raquo;<\/span><\/a><\/p>\n","protected":false},"author":1,"featured_media":0,"comment_status":"closed","ping_status":"open","sticky":false,"template":"","format":"standard","meta":{"_exactmetrics_skip_tracking":false,"_exactmetrics_sitenote_active":false,"_exactmetrics_sitenote_note":"","_exactmetrics_sitenote_category":0,"jetpack_post_was_ever_published":false,"_jetpack_newsletter_access":"","_jetpack_dont_email_post_to_subs":false,"_jetpack_newsletter_tier_id":0,"_jetpack_memberships_contains_paywalled_content":false,"_jetpack_memberships_contains_paid_content":false,"footnotes":"","jetpack_publicize_message":"","jetpack_publicize_feature_enabled":true,"jetpack_social_post_already_shared":true,"jetpack_social_options":{"image_generator_settings":{"template":"highway","enabled":false},"version":2}},"categories":[1],"tags":[],"class_list":["post-26577","post","type-post","status-publish","format-standard","hentry","category-notas"],"jetpack_publicize_connections":[],"jetpack_sharing_enabled":true,"jetpack_featured_media_url":"","jetpack_shortlink":"https:\/\/wp.me\/p7wKYW-6UF","jetpack-related-posts":[],"_links":{"self":[{"href":"http:\/\/blogdalucianaoliveira.com.br\/blog\/wp-json\/wp\/v2\/posts\/26577","targetHints":{"allow":["GET"]}}],"collection":[{"href":"http:\/\/blogdalucianaoliveira.com.br\/blog\/wp-json\/wp\/v2\/posts"}],"about":[{"href":"http:\/\/blogdalucianaoliveira.com.br\/blog\/wp-json\/wp\/v2\/types\/post"}],"author":[{"embeddable":true,"href":"http:\/\/blogdalucianaoliveira.com.br\/blog\/wp-json\/wp\/v2\/users\/1"}],"replies":[{"embeddable":true,"href":"http:\/\/blogdalucianaoliveira.com.br\/blog\/wp-json\/wp\/v2\/comments?post=26577"}],"version-history":[{"count":1,"href":"http:\/\/blogdalucianaoliveira.com.br\/blog\/wp-json\/wp\/v2\/posts\/26577\/revisions"}],"predecessor-version":[{"id":26578,"href":"http:\/\/blogdalucianaoliveira.com.br\/blog\/wp-json\/wp\/v2\/posts\/26577\/revisions\/26578"}],"wp:attachment":[{"href":"http:\/\/blogdalucianaoliveira.com.br\/blog\/wp-json\/wp\/v2\/media?parent=26577"}],"wp:term":[{"taxonomy":"category","embeddable":true,"href":"http:\/\/blogdalucianaoliveira.com.br\/blog\/wp-json\/wp\/v2\/categories?post=26577"},{"taxonomy":"post_tag","embeddable":true,"href":"http:\/\/blogdalucianaoliveira.com.br\/blog\/wp-json\/wp\/v2\/tags?post=26577"}],"curies":[{"name":"wp","href":"https:\/\/api.w.org\/{rel}","templated":true}]}}