{"id":26584,"date":"2020-02-19T11:12:54","date_gmt":"2020-02-19T15:12:54","guid":{"rendered":"http:\/\/blogdalucianaoliveira.com.br\/blog\/?p=26584"},"modified":"2020-02-19T11:13:05","modified_gmt":"2020-02-19T15:13:05","slug":"heleno-radicaliza-quer-que-bolsonaro-convoque-povo-as-ruas-contra-congresso-nacional","status":"publish","type":"post","link":"http:\/\/blogdalucianaoliveira.com.br\/blog\/2020\/02\/19\/heleno-radicaliza-quer-que-bolsonaro-convoque-povo-as-ruas-contra-congresso-nacional\/","title":{"rendered":"Heleno radicaliza: quer que Bolsonaro &#8220;convoque povo \u00e0s ruas&#8221; contra Congresso Nacional"},"content":{"rendered":"\n<figure class=\"wp-block-image\"><img data-recalc-dims=\"1\" decoding=\"async\" src=\"https:\/\/i0.wp.com\/publisher-publish.s3.eu-central-1.amazonaws.com\/pb-brasil247\/swp\/jtjeq9\/media\/20200219100248_be297e8e2dac79c9e197a6644e3cf6851194807d39b9ff7f1224be110d0dcf16.jpeg?w=600&#038;ssl=1\" alt=\"Jair Bolsonaro e General Augusto Heleno\"\/><\/figure>\n\n\n\n<p><strong>247 &#8211;\u00a0<\/strong>O general-ministro do Gabinete de Seguran\u00e7a Institucional (GSI) defendeu, nesta quarta-feira (19), defendeu que Jair Bolsonaro \u201cconvoque o povo \u00e0s ruas\u201d para afrontar o Congresso. Para Heleno, o acordo feito pelo tamb\u00e9m general e ministro da Secretaria de Governo, Eduardo Ramos, que permite que os parlamentares controlem parte do or\u00e7amento impositivo, \u00e9 fruto de uma \u201cchantagem\u201d do Congresso e que o fato n\u00e3o deve ser aceito pelo governo.\u00a0 <\/p>\n\n\n\n<!--more-->\n\n\n\n<p>Segundo reportagem do jornal&nbsp;<a target=\"_blank\" href=\"https:\/\/oglobo.globo.com\/brasil\/heleno-sugere-bolsonaro-enfrentar-chantagem-do-congresso-mas-presidente-pede-cautela-24257438\" rel=\"noreferrer noopener\">O Globo<\/a>, Bolsonaro pediu cautela e teria solicitado que a sua articula\u00e7\u00e3o pol\u00edtica buscasse costurar um novo acordo. Mais cedo, em um \u00e1udio vazado durante a cerim\u00f4nia de hasteamento da bandeira no Pal\u00e1cio da Alvorada, Heleno&nbsp;<a target=\"_blank\" href=\"https:\/\/www.brasil247.com\/brasil\/general-heleno-manda-um-foda-se-para-o-congresso\" rel=\"noreferrer noopener\">afirmou<\/a>&nbsp;que \u201cn\u00e3o podemos aceitar esses caras (O Congresso) chantagearem a gente o tempo todo. Foda-se\u201d.&nbsp;<\/p>\n\n\n\n<p>O temor do Planalto e seus aliados \u00e9 que o protagonismo do Congresso acabe fazendo com que Bolsonaro governe por meio de um sistema parlamentarista, o que &nbsp;tornaria a gest\u00e3o \u201cacuada\u201d frente \u00e0s press\u00f5es parlamentares.<\/p>\n","protected":false},"excerpt":{"rendered":"<p>247 &#8211;\u00a0O general-ministro do Gabinete de Seguran\u00e7a Institucional (GSI) defendeu, nesta quarta-feira (19), defendeu que Jair Bolsonaro \u201cconvoque o povo \u00e0s ruas\u201d para afrontar o Congresso. Para Heleno, o acordo feito pelo tamb\u00e9m general e ministro da Secretaria de Governo, Eduardo Ramos, que permite que os parlamentares controlem parte do or\u00e7amento impositivo, \u00e9 fruto de&#8230;<a class=\"more-link\" href=\"http:\/\/blogdalucianaoliveira.com.br\/blog\/2020\/02\/19\/heleno-radicaliza-quer-que-bolsonaro-convoque-povo-as-ruas-contra-congresso-nacional\/\">Continue a leitura <span class=\"meta-nav\">&raquo;<\/span><\/a><\/p>\n","protected":false},"author":1,"featured_media":0,"comment_status":"closed","ping_status":"open","sticky":false,"template":"","format":"standard","meta":{"_exactmetrics_skip_tracking":false,"_exactmetrics_sitenote_active":false,"_exactmetrics_sitenote_note":"","_exactmetrics_sitenote_category":0,"jetpack_post_was_ever_published":false,"_jetpack_newsletter_access":"","_jetpack_dont_email_post_to_subs":false,"_jetpack_newsletter_tier_id":0,"_jetpack_memberships_contains_paywalled_content":false,"_jetpack_memberships_contains_paid_content":false,"footnotes":"","jetpack_publicize_message":"","jetpack_publicize_feature_enabled":true,"jetpack_social_post_already_shared":true,"jetpack_social_options":{"image_generator_settings":{"template":"highway","enabled":false},"version":2}},"categories":[1],"tags":[],"class_list":["post-26584","post","type-post","status-publish","format-standard","hentry","category-notas"],"jetpack_publicize_connections":[],"jetpack_sharing_enabled":true,"jetpack_featured_media_url":"","jetpack_shortlink":"https:\/\/wp.me\/p7wKYW-6UM","jetpack-related-posts":[],"_links":{"self":[{"href":"http:\/\/blogdalucianaoliveira.com.br\/blog\/wp-json\/wp\/v2\/posts\/26584","targetHints":{"allow":["GET"]}}],"collection":[{"href":"http:\/\/blogdalucianaoliveira.com.br\/blog\/wp-json\/wp\/v2\/posts"}],"about":[{"href":"http:\/\/blogdalucianaoliveira.com.br\/blog\/wp-json\/wp\/v2\/types\/post"}],"author":[{"embeddable":true,"href":"http:\/\/blogdalucianaoliveira.com.br\/blog\/wp-json\/wp\/v2\/users\/1"}],"replies":[{"embeddable":true,"href":"http:\/\/blogdalucianaoliveira.com.br\/blog\/wp-json\/wp\/v2\/comments?post=26584"}],"version-history":[{"count":1,"href":"http:\/\/blogdalucianaoliveira.com.br\/blog\/wp-json\/wp\/v2\/posts\/26584\/revisions"}],"predecessor-version":[{"id":26585,"href":"http:\/\/blogdalucianaoliveira.com.br\/blog\/wp-json\/wp\/v2\/posts\/26584\/revisions\/26585"}],"wp:attachment":[{"href":"http:\/\/blogdalucianaoliveira.com.br\/blog\/wp-json\/wp\/v2\/media?parent=26584"}],"wp:term":[{"taxonomy":"category","embeddable":true,"href":"http:\/\/blogdalucianaoliveira.com.br\/blog\/wp-json\/wp\/v2\/categories?post=26584"},{"taxonomy":"post_tag","embeddable":true,"href":"http:\/\/blogdalucianaoliveira.com.br\/blog\/wp-json\/wp\/v2\/tags?post=26584"}],"curies":[{"name":"wp","href":"https:\/\/api.w.org\/{rel}","templated":true}]}}