{"id":26586,"date":"2020-02-19T11:15:31","date_gmt":"2020-02-19T15:15:31","guid":{"rendered":"http:\/\/blogdalucianaoliveira.com.br\/blog\/?p=26586"},"modified":"2020-02-19T11:15:39","modified_gmt":"2020-02-19T15:15:39","slug":"oea-convoca-governo-bolsonaro-para-explicar-ataques-a-liberdade-de-expressao-no-pais","status":"publish","type":"post","link":"http:\/\/blogdalucianaoliveira.com.br\/blog\/2020\/02\/19\/oea-convoca-governo-bolsonaro-para-explicar-ataques-a-liberdade-de-expressao-no-pais\/","title":{"rendered":"OEA convoca governo Bolsonaro para explicar ataques \u00e0 liberdade de express\u00e3o no Pa\u00eds"},"content":{"rendered":"\n<figure class=\"wp-block-image\"><img data-recalc-dims=\"1\" decoding=\"async\" src=\"https:\/\/i0.wp.com\/publisher-publish.s3.eu-central-1.amazonaws.com\/pb-brasil247\/swp\/jtjeq9\/media\/2020021912024_dd41dd56e5f16dcefecca28e2b2549f06e5a47a68319c2a23015826075ad494f.jpeg?w=600&#038;ssl=1\" alt=\"\"\/><\/figure>\n\n\n\n<p><strong>247<\/strong>\u00a0&#8211; A Comiss\u00e3o Interamericana de Direitos Humanos (CIDH), vinculada \u00e0 Organiza\u00e7\u00e3o dos Estados Americanos (OEA), convocar\u00e1, em mar\u00e7o, o governo Jair Bolsonaro para uma audi\u00eancia sobre a escalada de viola\u00e7\u00f5es \u00e0 liberdade de express\u00e3o no Pa\u00eds. O ocupante do Planalto insultou nesta ter\u00e7a-feira (18) \u00a0rep\u00f3rter Patricia Campos Mello, com insinua\u00e7\u00f5es sexuais, por causa de reportagens sobre disparo em massa de fake news para favorec\u00ea-lo. <\/p>\n\n\n\n<!--more-->\n\n\n\n<p>Durante entrevista em frente ao Pal\u00e1cio da Alvaroda, Bolsonaro afirmou: &#8220;Ela queria dar o furo a qualquer pre\u00e7o contra mim&#8221;. A fala dele foi uma refer\u00eancia ao depoimento de Hans River do Rio Nascimento na CPMI das Fake News. Ele \u00e9 ex-funcion\u00e1rio de uma ag\u00eancia de disparos de mensagens em massa por WhatsApp.<\/p>\n\n\n\n<p>Em dezembro de 2018, uma&nbsp;<a target=\"_blank\" href=\"https:\/\/www1.folha.uol.com.br\/poder\/2018\/12\/fraude-com-cpf-viabilizou-disparo-de-mensagens-de-whatsapp-na-eleicao.shtml\" rel=\"noreferrer noopener\">reportagem<\/a>&nbsp;da Folha, baseada em documentos da Justi\u00e7a do Trabalho e em relatos do depoente Hans River do Rio Nascimento, apontou que uma rede de empresas, entre elas a Yacows, fez o uso fraudulento de nome e CPFs de idosos para registrar chips de celular e, por consequ\u00eancia, disparar lotes de mensagens em benef\u00edcio de pol\u00edticos.&nbsp;<br><\/p>\n","protected":false},"excerpt":{"rendered":"<p>247\u00a0&#8211; A Comiss\u00e3o Interamericana de Direitos Humanos (CIDH), vinculada \u00e0 Organiza\u00e7\u00e3o dos Estados Americanos (OEA), convocar\u00e1, em mar\u00e7o, o governo Jair Bolsonaro para uma audi\u00eancia sobre a escalada de viola\u00e7\u00f5es \u00e0 liberdade de express\u00e3o no Pa\u00eds. O ocupante do Planalto insultou nesta ter\u00e7a-feira (18) \u00a0rep\u00f3rter Patricia Campos Mello, com insinua\u00e7\u00f5es sexuais, por causa de reportagens&#8230;<a class=\"more-link\" href=\"http:\/\/blogdalucianaoliveira.com.br\/blog\/2020\/02\/19\/oea-convoca-governo-bolsonaro-para-explicar-ataques-a-liberdade-de-expressao-no-pais\/\">Continue a leitura <span class=\"meta-nav\">&raquo;<\/span><\/a><\/p>\n","protected":false},"author":1,"featured_media":0,"comment_status":"closed","ping_status":"open","sticky":false,"template":"","format":"standard","meta":{"_exactmetrics_skip_tracking":false,"_exactmetrics_sitenote_active":false,"_exactmetrics_sitenote_note":"","_exactmetrics_sitenote_category":0,"jetpack_post_was_ever_published":false,"_jetpack_newsletter_access":"","_jetpack_dont_email_post_to_subs":false,"_jetpack_newsletter_tier_id":0,"_jetpack_memberships_contains_paywalled_content":false,"_jetpack_memberships_contains_paid_content":false,"footnotes":"","jetpack_publicize_message":"","jetpack_publicize_feature_enabled":true,"jetpack_social_post_already_shared":true,"jetpack_social_options":{"image_generator_settings":{"template":"highway","enabled":false},"version":2}},"categories":[1],"tags":[],"class_list":["post-26586","post","type-post","status-publish","format-standard","hentry","category-notas"],"jetpack_publicize_connections":[],"jetpack_sharing_enabled":true,"jetpack_featured_media_url":"","jetpack_shortlink":"https:\/\/wp.me\/p7wKYW-6UO","jetpack-related-posts":[],"_links":{"self":[{"href":"http:\/\/blogdalucianaoliveira.com.br\/blog\/wp-json\/wp\/v2\/posts\/26586","targetHints":{"allow":["GET"]}}],"collection":[{"href":"http:\/\/blogdalucianaoliveira.com.br\/blog\/wp-json\/wp\/v2\/posts"}],"about":[{"href":"http:\/\/blogdalucianaoliveira.com.br\/blog\/wp-json\/wp\/v2\/types\/post"}],"author":[{"embeddable":true,"href":"http:\/\/blogdalucianaoliveira.com.br\/blog\/wp-json\/wp\/v2\/users\/1"}],"replies":[{"embeddable":true,"href":"http:\/\/blogdalucianaoliveira.com.br\/blog\/wp-json\/wp\/v2\/comments?post=26586"}],"version-history":[{"count":1,"href":"http:\/\/blogdalucianaoliveira.com.br\/blog\/wp-json\/wp\/v2\/posts\/26586\/revisions"}],"predecessor-version":[{"id":26587,"href":"http:\/\/blogdalucianaoliveira.com.br\/blog\/wp-json\/wp\/v2\/posts\/26586\/revisions\/26587"}],"wp:attachment":[{"href":"http:\/\/blogdalucianaoliveira.com.br\/blog\/wp-json\/wp\/v2\/media?parent=26586"}],"wp:term":[{"taxonomy":"category","embeddable":true,"href":"http:\/\/blogdalucianaoliveira.com.br\/blog\/wp-json\/wp\/v2\/categories?post=26586"},{"taxonomy":"post_tag","embeddable":true,"href":"http:\/\/blogdalucianaoliveira.com.br\/blog\/wp-json\/wp\/v2\/tags?post=26586"}],"curies":[{"name":"wp","href":"https:\/\/api.w.org\/{rel}","templated":true}]}}