{"id":26588,"date":"2020-02-19T11:45:09","date_gmt":"2020-02-19T15:45:09","guid":{"rendered":"http:\/\/blogdalucianaoliveira.com.br\/blog\/?p=26588"},"modified":"2020-02-19T11:45:17","modified_gmt":"2020-02-19T15:45:17","slug":"policiais-agridem-e-apontam-arma-para-jovens-em-escola-de-sao-paulo","status":"publish","type":"post","link":"http:\/\/blogdalucianaoliveira.com.br\/blog\/2020\/02\/19\/policiais-agridem-e-apontam-arma-para-jovens-em-escola-de-sao-paulo\/","title":{"rendered":"Policiais agridem e apontam arma para jovens em escola de S\u00e3o Paulo"},"content":{"rendered":"\n<figure class=\"wp-block-image\"><img data-recalc-dims=\"1\" height=\"360\" width=\"600\" decoding=\"async\" src=\"https:\/\/i0.wp.com\/www.cartacapital.com.br\/wp-content\/uploads\/2020\/02\/policial_escola-1200x720.jpg?resize=600%2C360&#038;ssl=1\" alt=\"Policiais agridem e apontam arma para jovens em escola de S\u00e3o Paulo\"\/><\/figure>\n\n\n\n<h4 class=\"wp-block-heading\">Caso aconteceu em uma escola do Rio Pequeno, zona oeste da cidade. Secretaria de Educa\u00e7\u00e3o disse que vai apurar o ocorrido<\/h4>\n\n\n\n<!--more-->\n\n\n\n<p>Na Carta Capital<\/p>\n\n\n\n<p>Um v\u00eddeo publicado nas redes sociais na noite de ter\u00e7a-feira 18 mostrou policiais agredindo adolescentes em uma escola estadual na zona oeste de S\u00e3o Paulo, a Emygdio de Barros. Nas cenas, \u00e9 poss\u00edvel ver um rapaz de camiseta azul e bon\u00e9 sendo agredido por um policial com um soco no rosto. Momentos depois, ele \u00e9 derrubado no ch\u00e3o por um outro policial que o aplica uma rasteira. J\u00e1 imobilizado, o rapaz continua a receber tapas e chutes dos policiais. Pelo menos quatro PMs ficam em torno do rapaz.<\/p>\n\n\n\n<p>Em outra cena, \u00e9 poss\u00edvel ver um rapaz de camiseta preta imobilizado por um policial, que o aplica uma gravata. Momentos depois, um outro policial surge com uma arma apontada para o rapaz e lhe desfere um soco no rosto.<\/p>\n\n\n\n<figure class=\"wp-block-embed-twitter wp-block-embed is-type-rich is-provider-twitter\"><div class=\"wp-block-embed__wrapper\">\n<blockquote class=\"twitter-tweet\" data-width=\"550\" data-dnt=\"true\"><p lang=\"pt\" dir=\"ltr\">Agress\u00e3o em escola de SP: Os jovens detidos e os PMs envolvidos na a\u00e7\u00e3o na E. E. Prof. Emygdio de Barros, no Jd. Bonfiglioli, est\u00e3o sendo ouvidos no 91 DP. <a href=\"https:\/\/t.co\/DfH7LFxOy1\">pic.twitter.com\/DfH7LFxOy1<\/a><\/p>&mdash; Matheus Meirelles (@omathmeirelles) <a href=\"https:\/\/twitter.com\/omathmeirelles\/status\/1230079616997609480?ref_src=twsrc%5Etfw\">February 19, 2020<\/a><\/blockquote><script async src=\"https:\/\/platform.twitter.com\/widgets.js\" charset=\"utf-8\"><\/script>\n<\/div><\/figure>\n\n\n\n<p>Em uma terceira grava\u00e7\u00e3o, os dois jovens aparecem algemados sendo conduzidos pelos policiais pelas escadas da escola.<\/p>\n\n\n\n<figure class=\"wp-block-embed-twitter wp-block-embed is-type-rich is-provider-twitter\"><div class=\"wp-block-embed__wrapper\">\n<blockquote class=\"twitter-tweet\" data-width=\"550\" data-dnt=\"true\"><p lang=\"pt\" dir=\"ltr\">Agress\u00e3o em escola de SP: Os jovens detidos e os PMs envolvidos na a\u00e7\u00e3o na E. E. Prof. Emygdio de Barros, no Jd. Bonfiglioli, est\u00e3o sendo ouvidos no 91 DP. <a href=\"https:\/\/t.co\/DfH7LFxOy1\">pic.twitter.com\/DfH7LFxOy1<\/a><\/p>&mdash; Matheus Meirelles (@omathmeirelles) <a href=\"https:\/\/twitter.com\/omathmeirelles\/status\/1230079616997609480?ref_src=twsrc%5Etfw\">February 19, 2020<\/a><\/blockquote><script async src=\"https:\/\/platform.twitter.com\/widgets.js\" charset=\"utf-8\"><\/script>\n<\/div><\/figure>\n\n\n\n<p><\/p>\n\n\n\n<p>Segundo relatos dos estudantes, o caso teria come\u00e7ado quando um dos jovens que aparece sendo agredido viu que seu nome n\u00e3o estava na lista de matr\u00edculas da escola. Ele teria questionado a dire\u00e7\u00e3o do col\u00e9gio, que o teria pedido para deixar a unidade. Com o desentendimento, a dire\u00e7\u00e3o teria chamado a PM.<br><\/p>\n\n\n\n<p><br><\/p>\n","protected":false},"excerpt":{"rendered":"<p>Caso aconteceu em uma escola do Rio Pequeno, zona oeste da cidade. Secretaria de Educa\u00e7\u00e3o disse que vai apurar o ocorrido<\/p>\n","protected":false},"author":1,"featured_media":0,"comment_status":"closed","ping_status":"open","sticky":false,"template":"","format":"standard","meta":{"_exactmetrics_skip_tracking":false,"_exactmetrics_sitenote_active":false,"_exactmetrics_sitenote_note":"","_exactmetrics_sitenote_category":0,"jetpack_post_was_ever_published":false,"_jetpack_newsletter_access":"","_jetpack_dont_email_post_to_subs":false,"_jetpack_newsletter_tier_id":0,"_jetpack_memberships_contains_paywalled_content":false,"_jetpack_memberships_contains_paid_content":false,"footnotes":"","jetpack_publicize_message":"","jetpack_publicize_feature_enabled":true,"jetpack_social_post_already_shared":true,"jetpack_social_options":{"image_generator_settings":{"template":"highway","enabled":false},"version":2}},"categories":[1],"tags":[],"class_list":["post-26588","post","type-post","status-publish","format-standard","hentry","category-notas"],"jetpack_publicize_connections":[],"jetpack_sharing_enabled":true,"jetpack_featured_media_url":"","jetpack_shortlink":"https:\/\/wp.me\/p7wKYW-6UQ","jetpack-related-posts":[],"_links":{"self":[{"href":"http:\/\/blogdalucianaoliveira.com.br\/blog\/wp-json\/wp\/v2\/posts\/26588","targetHints":{"allow":["GET"]}}],"collection":[{"href":"http:\/\/blogdalucianaoliveira.com.br\/blog\/wp-json\/wp\/v2\/posts"}],"about":[{"href":"http:\/\/blogdalucianaoliveira.com.br\/blog\/wp-json\/wp\/v2\/types\/post"}],"author":[{"embeddable":true,"href":"http:\/\/blogdalucianaoliveira.com.br\/blog\/wp-json\/wp\/v2\/users\/1"}],"replies":[{"embeddable":true,"href":"http:\/\/blogdalucianaoliveira.com.br\/blog\/wp-json\/wp\/v2\/comments?post=26588"}],"version-history":[{"count":1,"href":"http:\/\/blogdalucianaoliveira.com.br\/blog\/wp-json\/wp\/v2\/posts\/26588\/revisions"}],"predecessor-version":[{"id":26589,"href":"http:\/\/blogdalucianaoliveira.com.br\/blog\/wp-json\/wp\/v2\/posts\/26588\/revisions\/26589"}],"wp:attachment":[{"href":"http:\/\/blogdalucianaoliveira.com.br\/blog\/wp-json\/wp\/v2\/media?parent=26588"}],"wp:term":[{"taxonomy":"category","embeddable":true,"href":"http:\/\/blogdalucianaoliveira.com.br\/blog\/wp-json\/wp\/v2\/categories?post=26588"},{"taxonomy":"post_tag","embeddable":true,"href":"http:\/\/blogdalucianaoliveira.com.br\/blog\/wp-json\/wp\/v2\/tags?post=26588"}],"curies":[{"name":"wp","href":"https:\/\/api.w.org\/{rel}","templated":true}]}}