{"id":26592,"date":"2020-02-19T17:56:52","date_gmt":"2020-02-19T21:56:52","guid":{"rendered":"http:\/\/blogdalucianaoliveira.com.br\/blog\/?p=26592"},"modified":"2020-02-19T17:57:01","modified_gmt":"2020-02-19T21:57:01","slug":"legista-sobre-video-de-bolsonaro-sao-argumentacoes-de-leigos-que-nos-ofendem","status":"publish","type":"post","link":"http:\/\/blogdalucianaoliveira.com.br\/blog\/2020\/02\/19\/legista-sobre-video-de-bolsonaro-sao-argumentacoes-de-leigos-que-nos-ofendem\/","title":{"rendered":"Legista sobre v\u00eddeo de Bolsonaro: \u201cS\u00e3o argumenta\u00e7\u00f5es de leigos, que nos ofendem\u201d"},"content":{"rendered":"\n<figure class=\"wp-block-image size-large\"><img data-recalc-dims=\"1\" loading=\"lazy\" decoding=\"async\" width=\"600\" height=\"401\" data-attachment-id=\"26593\" data-permalink=\"http:\/\/blogdalucianaoliveira.com.br\/blog\/2020\/02\/19\/legista-sobre-video-de-bolsonaro-sao-argumentacoes-de-leigos-que-nos-ofendem\/image-48-3\/\" data-orig-file=\"https:\/\/i0.wp.com\/blogdalucianaoliveira.com.br\/blog\/wp-content\/uploads\/2020\/02\/image-48.jpeg?fit=800%2C534\" data-orig-size=\"800,534\" data-comments-opened=\"0\" data-image-meta=\"{&quot;aperture&quot;:&quot;0&quot;,&quot;credit&quot;:&quot;&quot;,&quot;camera&quot;:&quot;&quot;,&quot;caption&quot;:&quot;&quot;,&quot;created_timestamp&quot;:&quot;0&quot;,&quot;copyright&quot;:&quot;&quot;,&quot;focal_length&quot;:&quot;0&quot;,&quot;iso&quot;:&quot;0&quot;,&quot;shutter_speed&quot;:&quot;0&quot;,&quot;title&quot;:&quot;&quot;,&quot;orientation&quot;:&quot;0&quot;}\" data-image-title=\"image-48\" data-image-description=\"\" data-image-caption=\"\" data-medium-file=\"https:\/\/i0.wp.com\/blogdalucianaoliveira.com.br\/blog\/wp-content\/uploads\/2020\/02\/image-48.jpeg?fit=300%2C200\" data-large-file=\"https:\/\/i0.wp.com\/blogdalucianaoliveira.com.br\/blog\/wp-content\/uploads\/2020\/02\/image-48.jpeg?fit=600%2C401\" src=\"https:\/\/i0.wp.com\/blogdalucianaoliveira.com.br\/blog\/wp-content\/uploads\/2020\/02\/image-48.jpeg?resize=600%2C401\" alt=\"\" class=\"wp-image-26593\" srcset=\"https:\/\/i0.wp.com\/blogdalucianaoliveira.com.br\/blog\/wp-content\/uploads\/2020\/02\/image-48.jpeg?w=800 800w, https:\/\/i0.wp.com\/blogdalucianaoliveira.com.br\/blog\/wp-content\/uploads\/2020\/02\/image-48.jpeg?resize=300%2C200 300w, https:\/\/i0.wp.com\/blogdalucianaoliveira.com.br\/blog\/wp-content\/uploads\/2020\/02\/image-48.jpeg?resize=768%2C513 768w, https:\/\/i0.wp.com\/blogdalucianaoliveira.com.br\/blog\/wp-content\/uploads\/2020\/02\/image-48.jpeg?resize=449%2C300 449w\" sizes=\"auto, (max-width: 600px) 100vw, 600px\" \/><\/figure>\n\n\n\n<h4 class=\"wp-block-heading\">Respons\u00e1vel por aut\u00f3psia no corpo do miliciano Adriano N\u00f3brega descarta, mais uma vez, que tenha havido tortura<\/h4>\n\n\n\n<!--more-->\n\n\n\n<p>Igor CarvalhoBrasil de Fato | S\u00e3o Paulo\u00a0<\/p>\n\n\n\n<p>Respons\u00e1vel pela aut\u00f3psia no corpo do miliciano Adriano da N\u00f3brega, morto na Bahia ap\u00f3s uma opera\u00e7\u00e3o policial, o legista M\u00e1rio C\u00e2mara, diretor do Instituto M\u00e9dico Legal (IML) baiano, criticou o v\u00eddeo e as informa\u00e7\u00f5es divulgadas pelo senador Fl\u00e1vio Bolsonaro (sem partido-RJ), filho do presidente Jair Bolsonaro (sem partido).<\/p>\n\n\n\n<p>\u201cEssa hist\u00f3ria toda, essas filmagens que est\u00e3o aparecendo, n\u00e3o s\u00e3o t\u00e9cnicas, s\u00e3o argumenta\u00e7\u00f5es de leigos que nos ofendem bastante\u201d, afirma o legista, para quem, a \u201caut\u00f3psia foi bastante simples\u201d.<\/p>\n\n\n\n<p>\u201cO laudo pericial descreve exatamente os orif\u00edcios de entrada, os orif\u00edcios de sa\u00edda, a trajet\u00f3ria dos proj\u00e9teis, a angula\u00e7\u00e3o, n\u00e3o h\u00e1 nenhum sinal de tortura no corpo, n\u00e3o h\u00e1 sinal, no corpo, de execu\u00e7\u00e3o. H\u00e1 sinais sim, pela angula\u00e7\u00e3o dos proj\u00e9teis, de um confronto com a pol\u00edcia.\u201d<\/p>\n\n\n\n<p>Na noite da \u00faltima ter\u00e7a-feira (18), a Justi\u00e7a da Bahia proibiu a crema\u00e7\u00e3o do corpo de N\u00f3brega e autorizou uma nova aut\u00f3psia.<\/p>\n\n\n\n<p>O miliciano foi assassinado no dia 9 de fevereiro no munic\u00edpio de Esplanada, na Bahia, onde se escondia da pol\u00edcia. O ex-agente do Bope estava foragido desde janeiro de 2019, quando foi expedido um mandado de pris\u00e3o contra ele, por diversos crimes, inclusive por integrar mil\u00edcias e ter participado de um esquema de \u201crachadinha\u201d no gabinete do ent\u00e3o deputado Fl\u00e1vio Bolsonaro.<\/p>\n\n\n\n<p><a href=\"https:\/\/www.brasildefato.com.br\/2020\/02\/19\/acusado-de-ligacao-com-milicias-flavio-bolsonaro-e-alvo-de-pedido-de-cassacao\"><strong>::Acusado de liga\u00e7\u00e3o com mil\u00edcias, Fl\u00e1vio Bolsonaro \u00e9 alvo de pedido de cassa\u00e7\u00e3o::<\/strong><\/a><\/p>\n\n\n\n<p>Para o secret\u00e1rio de Seguran\u00e7a P\u00fablica da Bahia, Maur\u00edcio Barbosa, h\u00e1 inten\u00e7\u00e3o de politizar a morte do miliciano. \u201cAs imagens n\u00e3o foram feitas nas instala\u00e7\u00f5es oficiais do instituto m\u00e9dico legal. Ent\u00e3o n\u00f3s temos a clara convic\u00e7\u00e3o de que isso \u00e9 para trazer algum tipo de d\u00favida, de questionamento, a um trabalho que ainda n\u00e3o foi conclu\u00eddo. Eu refor\u00e7o aqui o posicionamento das nossas institui\u00e7\u00f5es, a transpar\u00eancia com que estamos agindo e n\u00e3o vamos deixar que, por uma quest\u00e3o pol\u00edtica, ou por qualquer outro motivo, qualquer outro interesse que esteja por tr\u00e1s disso tudo, venham trazer qualquer tipo de questionamento pr\u00e9vio, sem antes termos a conclus\u00e3o da nossa investiga\u00e7\u00e3o, das nossas per\u00edcias, e que o Minist\u00e9rio P\u00fablico e a Justi\u00e7a se posicionem quanto a isso.\u201d<\/p>\n\n\n\n<p>Desde a \u00faltima segunda-feira (17), os treze telefones celulares e sete chips encontrados com N\u00f3brega, est\u00e3o com o Grupo de Atua\u00e7\u00e3o Especial de Repress\u00e3o em Crime Organizado (Gaeco) do Minist\u00e9rio P\u00fablico do Estado do Rio de Janeiro (MP-RJ). O conte\u00fado dos eletr\u00f4nicos passar\u00e1 por uma per\u00edcia. A investiga\u00e7\u00e3o quer saber com quem o miliciano manteve contato durante sua fuga.<\/p>\n\n\n\n<p>O estranho comportamento dos Bolsonaros<\/p>\n\n\n\n<p><a href=\"https:\/\/www.brasildefato.com.br\/2020\/02\/19\/o-bolsonarismo-as-milicias-e-a-pos-verdade\">Em sua coluna no&nbsp;<strong>Brasil de Fato<\/strong><\/a>, a jurista T\u00e2nia Maria Saraiva de Oliveira, integrante da Coordena\u00e7\u00e3o Executiva da Associa\u00e7\u00e3o Brasileira de Juristas pela Democracia (ABJD), questiona a postura de Jair Bolsonaro e Fl\u00e1vio Bolsonaro no imbr\u00f3glio envolvendo a morte de N\u00f3brega.<\/p>\n\n\n\n<p>\u201cNo esfor\u00e7o para criar uma vers\u00e3o fact\u00edvel que os afaste das suspeitas sobre a morte do ex-capit\u00e3o, os Bolsonaros, pai e filho, apostam no esquecimento coletivo de que nunca colocaram em d\u00favida a palavra de policiais militares em suas a\u00e7\u00f5es, nem mesmo as que terminam em morte de civis; que sempre foram defensores da excludente de ilicitude, que autoriza a pol\u00edcia a matar sem investiga\u00e7\u00e3o; que defendem a tortura; que s\u00e3o entusiastas da m\u00e1xima de que \u2018bandido bom \u00e9 bandido morto\u2019\u201d, afirma a jurista.<\/p>\n\n\n\n<p>Ainda de acordo com Oliveira, a inten\u00e7\u00e3o da fam\u00edlia \u00e9 modificar a perspectiva da sociedade sobre a rela\u00e7\u00e3o dos Bolsonaros com as mil\u00edcias. \u201cEsque\u00e7amos, pois, como eles pensam de fato, porque a quest\u00e3o agora \u00e9 virar o jogo. \u00c9 sa\u00edrem das cordas das suspeitas de estarem envolvidos com a morte de um ex-policial que, assim como Fabiano Queiroz, convivia de perto com a fam\u00edlia, e possu\u00eda informa\u00e7\u00f5es que a sociedade n\u00e3o sabe e n\u00e3o saber\u00e1. Virar o jogo implica proclamar que a esquerda \u00e9 quem tem liga\u00e7\u00e3o com as mil\u00edcias, por mais bizarra e est\u00fapida que possa parecer \u2013 e seja de fato \u2013 a afirma\u00e7\u00e3o\u201d, encerra.<\/p>\n\n\n\n<p>Edi\u00e7\u00e3o: Rodrigo Chagas<\/p>\n","protected":false},"excerpt":{"rendered":"<p>Respons\u00e1vel por aut\u00f3psia no corpo do miliciano Adriano N\u00f3brega descarta, mais uma vez, que tenha havido tortura<\/p>\n","protected":false},"author":1,"featured_media":0,"comment_status":"closed","ping_status":"open","sticky":false,"template":"","format":"standard","meta":{"_exactmetrics_skip_tracking":false,"_exactmetrics_sitenote_active":false,"_exactmetrics_sitenote_note":"","_exactmetrics_sitenote_category":0,"jetpack_post_was_ever_published":false,"_jetpack_newsletter_access":"","_jetpack_dont_email_post_to_subs":false,"_jetpack_newsletter_tier_id":0,"_jetpack_memberships_contains_paywalled_content":false,"_jetpack_memberships_contains_paid_content":false,"footnotes":"","jetpack_publicize_message":"","jetpack_publicize_feature_enabled":true,"jetpack_social_post_already_shared":true,"jetpack_social_options":{"image_generator_settings":{"template":"highway","enabled":false},"version":2}},"categories":[1],"tags":[],"class_list":["post-26592","post","type-post","status-publish","format-standard","hentry","category-notas"],"jetpack_publicize_connections":[],"jetpack_sharing_enabled":true,"jetpack_featured_media_url":"","jetpack_shortlink":"https:\/\/wp.me\/p7wKYW-6UU","jetpack-related-posts":[],"_links":{"self":[{"href":"http:\/\/blogdalucianaoliveira.com.br\/blog\/wp-json\/wp\/v2\/posts\/26592","targetHints":{"allow":["GET"]}}],"collection":[{"href":"http:\/\/blogdalucianaoliveira.com.br\/blog\/wp-json\/wp\/v2\/posts"}],"about":[{"href":"http:\/\/blogdalucianaoliveira.com.br\/blog\/wp-json\/wp\/v2\/types\/post"}],"author":[{"embeddable":true,"href":"http:\/\/blogdalucianaoliveira.com.br\/blog\/wp-json\/wp\/v2\/users\/1"}],"replies":[{"embeddable":true,"href":"http:\/\/blogdalucianaoliveira.com.br\/blog\/wp-json\/wp\/v2\/comments?post=26592"}],"version-history":[{"count":1,"href":"http:\/\/blogdalucianaoliveira.com.br\/blog\/wp-json\/wp\/v2\/posts\/26592\/revisions"}],"predecessor-version":[{"id":26594,"href":"http:\/\/blogdalucianaoliveira.com.br\/blog\/wp-json\/wp\/v2\/posts\/26592\/revisions\/26594"}],"wp:attachment":[{"href":"http:\/\/blogdalucianaoliveira.com.br\/blog\/wp-json\/wp\/v2\/media?parent=26592"}],"wp:term":[{"taxonomy":"category","embeddable":true,"href":"http:\/\/blogdalucianaoliveira.com.br\/blog\/wp-json\/wp\/v2\/categories?post=26592"},{"taxonomy":"post_tag","embeddable":true,"href":"http:\/\/blogdalucianaoliveira.com.br\/blog\/wp-json\/wp\/v2\/tags?post=26592"}],"curies":[{"name":"wp","href":"https:\/\/api.w.org\/{rel}","templated":true}]}}