{"id":26598,"date":"2020-02-19T18:02:07","date_gmt":"2020-02-19T22:02:07","guid":{"rendered":"http:\/\/blogdalucianaoliveira.com.br\/blog\/?p=26598"},"modified":"2020-02-19T18:02:18","modified_gmt":"2020-02-19T22:02:18","slug":"em-video-antes-de-ser-ferido-cid-gomes-critica-protesto-de-pms-em-sobral-estou-chocado","status":"publish","type":"post","link":"http:\/\/blogdalucianaoliveira.com.br\/blog\/2020\/02\/19\/em-video-antes-de-ser-ferido-cid-gomes-critica-protesto-de-pms-em-sobral-estou-chocado\/","title":{"rendered":"Em v\u00eddeo antes de ser ferido, Cid Gomes critica protesto de PMs em Sobral: estou chocado"},"content":{"rendered":"\n<figure class=\"wp-block-image size-large\"><img data-recalc-dims=\"1\" loading=\"lazy\" decoding=\"async\" width=\"500\" height=\"240\" data-attachment-id=\"26599\" data-permalink=\"http:\/\/blogdalucianaoliveira.com.br\/blog\/2020\/02\/19\/em-video-antes-de-ser-ferido-cid-gomes-critica-protesto-de-pms-em-sobral-estou-chocado\/image-49-3\/\" data-orig-file=\"https:\/\/i0.wp.com\/blogdalucianaoliveira.com.br\/blog\/wp-content\/uploads\/2020\/02\/image-49.jpeg?fit=500%2C240\" data-orig-size=\"500,240\" data-comments-opened=\"0\" data-image-meta=\"{&quot;aperture&quot;:&quot;0&quot;,&quot;credit&quot;:&quot;&quot;,&quot;camera&quot;:&quot;&quot;,&quot;caption&quot;:&quot;&quot;,&quot;created_timestamp&quot;:&quot;0&quot;,&quot;copyright&quot;:&quot;&quot;,&quot;focal_length&quot;:&quot;0&quot;,&quot;iso&quot;:&quot;0&quot;,&quot;shutter_speed&quot;:&quot;0&quot;,&quot;title&quot;:&quot;&quot;,&quot;orientation&quot;:&quot;0&quot;}\" data-image-title=\"image-49\" data-image-description=\"\" data-image-caption=\"\" data-medium-file=\"https:\/\/i0.wp.com\/blogdalucianaoliveira.com.br\/blog\/wp-content\/uploads\/2020\/02\/image-49.jpeg?fit=300%2C144\" data-large-file=\"https:\/\/i0.wp.com\/blogdalucianaoliveira.com.br\/blog\/wp-content\/uploads\/2020\/02\/image-49.jpeg?fit=500%2C240\" src=\"https:\/\/i0.wp.com\/blogdalucianaoliveira.com.br\/blog\/wp-content\/uploads\/2020\/02\/image-49.jpeg?resize=500%2C240\" alt=\"\" class=\"wp-image-26599\" srcset=\"https:\/\/i0.wp.com\/blogdalucianaoliveira.com.br\/blog\/wp-content\/uploads\/2020\/02\/image-49.jpeg?w=500 500w, https:\/\/i0.wp.com\/blogdalucianaoliveira.com.br\/blog\/wp-content\/uploads\/2020\/02\/image-49.jpeg?resize=300%2C144 300w\" sizes=\"auto, (max-width: 500px) 100vw, 500px\" \/><\/figure>\n\n\n\n<p><strong>247 &#8211;&nbsp;<\/strong>O senador&nbsp;<a target=\"_blank\" href=\"https:\/\/www.brasil247.com\/regionais\/nordeste\/urgente-senador-cid-gomes-e-baleado-em-sobral\" rel=\"noreferrer noopener\">Cid Gomes foi baleado<\/a>&nbsp;com um tiro de bala de borracha ao tentar furar, com uma retroescavadeira, um bloqueio feito por policiais militares em greve em Sobral, Cear\u00e1.<\/p>\n\n\n\n<!--more-->\n\n\n\n<p>Em v\u00eddeo nesta quarta-feira (19) mais cedo, Cid Gomes convoca a popula\u00e7\u00e3o para organizar um ato contra a greve dos PMs. &#8220;Vamos definir coletivamente uma estrat\u00e9gia para dar paz a Sobral. \u00c9 o que eu posso fazer no momento&#8221;.<\/p>\n\n\n\n<p>&#8220;Estou chocado de ver cenas de quem deveria sar seguran\u00e7a para o povo e est\u00e1 promovendo a inseguran\u00e7a, est\u00e1 promovendo a desordem e n\u00e3o consigo me conformar com isso&#8221;, disse tamb\u00e9m.<\/p>\n","protected":false},"excerpt":{"rendered":"<p>247 &#8211;&nbsp;O senador&nbsp;Cid Gomes foi baleado&nbsp;com um tiro de bala de borracha ao tentar furar, com uma retroescavadeira, um bloqueio feito por policiais militares em greve em Sobral, Cear\u00e1.<\/p>\n","protected":false},"author":1,"featured_media":0,"comment_status":"closed","ping_status":"open","sticky":false,"template":"","format":"standard","meta":{"_exactmetrics_skip_tracking":false,"_exactmetrics_sitenote_active":false,"_exactmetrics_sitenote_note":"","_exactmetrics_sitenote_category":0,"jetpack_post_was_ever_published":false,"_jetpack_newsletter_access":"","_jetpack_dont_email_post_to_subs":false,"_jetpack_newsletter_tier_id":0,"_jetpack_memberships_contains_paywalled_content":false,"_jetpack_memberships_contains_paid_content":false,"footnotes":"","jetpack_publicize_message":"","jetpack_publicize_feature_enabled":true,"jetpack_social_post_already_shared":true,"jetpack_social_options":{"image_generator_settings":{"template":"highway","enabled":false},"version":2}},"categories":[1],"tags":[],"class_list":["post-26598","post","type-post","status-publish","format-standard","hentry","category-notas"],"jetpack_publicize_connections":[],"jetpack_sharing_enabled":true,"jetpack_featured_media_url":"","jetpack_shortlink":"https:\/\/wp.me\/p7wKYW-6V0","jetpack-related-posts":[],"_links":{"self":[{"href":"http:\/\/blogdalucianaoliveira.com.br\/blog\/wp-json\/wp\/v2\/posts\/26598","targetHints":{"allow":["GET"]}}],"collection":[{"href":"http:\/\/blogdalucianaoliveira.com.br\/blog\/wp-json\/wp\/v2\/posts"}],"about":[{"href":"http:\/\/blogdalucianaoliveira.com.br\/blog\/wp-json\/wp\/v2\/types\/post"}],"author":[{"embeddable":true,"href":"http:\/\/blogdalucianaoliveira.com.br\/blog\/wp-json\/wp\/v2\/users\/1"}],"replies":[{"embeddable":true,"href":"http:\/\/blogdalucianaoliveira.com.br\/blog\/wp-json\/wp\/v2\/comments?post=26598"}],"version-history":[{"count":1,"href":"http:\/\/blogdalucianaoliveira.com.br\/blog\/wp-json\/wp\/v2\/posts\/26598\/revisions"}],"predecessor-version":[{"id":26600,"href":"http:\/\/blogdalucianaoliveira.com.br\/blog\/wp-json\/wp\/v2\/posts\/26598\/revisions\/26600"}],"wp:attachment":[{"href":"http:\/\/blogdalucianaoliveira.com.br\/blog\/wp-json\/wp\/v2\/media?parent=26598"}],"wp:term":[{"taxonomy":"category","embeddable":true,"href":"http:\/\/blogdalucianaoliveira.com.br\/blog\/wp-json\/wp\/v2\/categories?post=26598"},{"taxonomy":"post_tag","embeddable":true,"href":"http:\/\/blogdalucianaoliveira.com.br\/blog\/wp-json\/wp\/v2\/tags?post=26598"}],"curies":[{"name":"wp","href":"https:\/\/api.w.org\/{rel}","templated":true}]}}