{"id":26601,"date":"2020-02-19T18:16:48","date_gmt":"2020-02-19T22:16:48","guid":{"rendered":"http:\/\/blogdalucianaoliveira.com.br\/blog\/?p=26601"},"modified":"2020-02-19T18:16:56","modified_gmt":"2020-02-19T22:16:56","slug":"partidos-de-oposicao-entram-com-pedido-de-cassacao-do-senador-flavio-bolsonaro","status":"publish","type":"post","link":"http:\/\/blogdalucianaoliveira.com.br\/blog\/2020\/02\/19\/partidos-de-oposicao-entram-com-pedido-de-cassacao-do-senador-flavio-bolsonaro\/","title":{"rendered":"Partidos de oposi\u00e7\u00e3o entram com pedido de cassa\u00e7\u00e3o do senador Fl\u00e1vio Bolsonaro"},"content":{"rendered":"\n<figure class=\"wp-block-image size-large\"><img data-recalc-dims=\"1\" loading=\"lazy\" decoding=\"async\" width=\"600\" height=\"302\" data-attachment-id=\"26602\" data-permalink=\"http:\/\/blogdalucianaoliveira.com.br\/blog\/2020\/02\/19\/partidos-de-oposicao-entram-com-pedido-de-cassacao-do-senador-flavio-bolsonaro\/c76d1ac5-8fad-4b61-8b30-714cfefe47c6\/\" data-orig-file=\"https:\/\/i0.wp.com\/blogdalucianaoliveira.com.br\/blog\/wp-content\/uploads\/2020\/02\/C76D1AC5-8FAD-4B61-8B30-714CFEFE47C6.jpeg?fit=703%2C354\" data-orig-size=\"703,354\" data-comments-opened=\"0\" data-image-meta=\"{&quot;aperture&quot;:&quot;0&quot;,&quot;credit&quot;:&quot;&quot;,&quot;camera&quot;:&quot;&quot;,&quot;caption&quot;:&quot;&quot;,&quot;created_timestamp&quot;:&quot;0&quot;,&quot;copyright&quot;:&quot;&quot;,&quot;focal_length&quot;:&quot;0&quot;,&quot;iso&quot;:&quot;0&quot;,&quot;shutter_speed&quot;:&quot;0&quot;,&quot;title&quot;:&quot;&quot;,&quot;orientation&quot;:&quot;0&quot;}\" data-image-title=\"C76D1AC5-8FAD-4B61-8B30-714CFEFE47C6\" data-image-description=\"\" data-image-caption=\"\" data-medium-file=\"https:\/\/i0.wp.com\/blogdalucianaoliveira.com.br\/blog\/wp-content\/uploads\/2020\/02\/C76D1AC5-8FAD-4B61-8B30-714CFEFE47C6.jpeg?fit=300%2C151\" data-large-file=\"https:\/\/i0.wp.com\/blogdalucianaoliveira.com.br\/blog\/wp-content\/uploads\/2020\/02\/C76D1AC5-8FAD-4B61-8B30-714CFEFE47C6.jpeg?fit=600%2C302\" src=\"https:\/\/i0.wp.com\/blogdalucianaoliveira.com.br\/blog\/wp-content\/uploads\/2020\/02\/C76D1AC5-8FAD-4B61-8B30-714CFEFE47C6.jpeg?resize=600%2C302\" alt=\"\" class=\"wp-image-26602\" srcset=\"https:\/\/i0.wp.com\/blogdalucianaoliveira.com.br\/blog\/wp-content\/uploads\/2020\/02\/C76D1AC5-8FAD-4B61-8B30-714CFEFE47C6.jpeg?w=703 703w, https:\/\/i0.wp.com\/blogdalucianaoliveira.com.br\/blog\/wp-content\/uploads\/2020\/02\/C76D1AC5-8FAD-4B61-8B30-714CFEFE47C6.jpeg?resize=300%2C151 300w, https:\/\/i0.wp.com\/blogdalucianaoliveira.com.br\/blog\/wp-content\/uploads\/2020\/02\/C76D1AC5-8FAD-4B61-8B30-714CFEFE47C6.jpeg?resize=596%2C300 596w\" sizes=\"auto, (max-width: 600px) 100vw, 600px\" \/><\/figure>\n\n\n\n<p>PSOL, Rede e PT protocolaram representa\u00e7\u00e3o nesta quarta-feira e apontam quebra de decoro por parte do senador<\/p>\n\n\n\n<!--more-->\n\n\n\n<p><strong><a href=\"https:\/\/www1.folha.uol.com.br\/autores\/daniel-carvalho.shtml\">Daniel Carvalho<\/a><\/strong><br>Folha <\/p>\n\n\n\n<p>Os partidos de oposi\u00e7\u00e3o PSOL, Rede e PT protocolaram nesta quarta-feira (19), no Conselho de \u00c9tica no Senado, uma representa\u00e7\u00e3o em que pedem a cassa\u00e7\u00e3o do&nbsp;<a href=\"https:\/\/www1.folha.uol.com.br\/poder\/2020\/02\/flavio-bolsonaro-se-manifesta-pela-1a-vez-sobre-morte-de-miliciano-e-cobra-elucidacao.shtml\">senador Fl\u00e1vio Bolsonaro<\/a>&nbsp;(sem partido-RJ) por quebra de decoro parlamentar.<\/p>\n\n\n\n<p>As legendas indicam como motiva\u00e7\u00e3o a&nbsp;<a href=\"https:\/\/www1.folha.uol.com.br\/poder\/2020\/02\/entenda-a-morte-de-miliciano-e-os-elos-dele-com-flavio-bolsonaro.shtml\">liga\u00e7\u00e3o do filho do presidente Jair&nbsp;<\/a><a href=\"https:\/\/www1.folha.uol.com.br\/poder\/2020\/02\/entenda-a-morte-de-miliciano-e-os-elos-dele-com-flavio-bolsonaro.shtml\">Bolsonaro<\/a>com milicianos, a investiga\u00e7\u00e3o sobre se houve &#8220;<a href=\"https:\/\/www1.folha.uol.com.br\/poder\/2019\/12\/contas-de-miliciano-foram-usadas-em-rachadinha-de-flavio-diz-promotoria.shtml\">rachadinha<\/a>&#8221; \u2014esquema em que funcion\u00e1rios s\u00e3o coagidos a devolver parte de seus sal\u00e1rios\u2014&nbsp;no gabinete de Fl\u00e1vio, quando ele era deputado estadual no Rio de Janeiro, e a contrata\u00e7\u00e3o de funcion\u00e1rios fantasmas neste mesmo per\u00edodo.<\/p>\n\n\n\n<p>Na representa\u00e7\u00e3o, os partidos dizem acreditar que a cassa\u00e7\u00e3o \u00e9 poss\u00edvel mesmo que as justificativas apontadas tenham ocorrido antes de Fl\u00e1vio ter tomado posse como senador.<\/p>\n\n\n\n<p>&#8220;\u00c9 poss\u00edvel a cassa\u00e7\u00e3o de parlamentar que tenha praticado ato indecoroso antes do in\u00edcio do mandato, condicionando-a, contudo, \u00e0 constata\u00e7\u00e3o de que a conduta anterior fosse desconhecida. Os fatos vieram a lume ap\u00f3s a elei\u00e7\u00e3o de Fl\u00e1vio Bolsonaro ao Senado Federal: o conhecimento p\u00fablico do relat\u00f3rio do Coaf [Conselho de Controle de Atividades Financeiras] \u00e9 de dezembro de 2018 e as conclus\u00f5es do MP\/RJ [Minist\u00e9rio P\u00fablico do Rio de Janeiro], de dezembro de 2019&#8221;, diz trecho da representa\u00e7\u00e3o.<\/p>\n\n\n\n<p>Tamb\u00e9m foi pedido o afastamento tempor\u00e1rio de Fl\u00e1vio do cargo de terceiro secret\u00e1rio da Mesa Diretora do Senado.<\/p>\n\n\n\n<p>&#8220;A perman\u00eancia do representado em cargo na Mesa possibilita a retirada da essencial higidez e imparcialidade do processo, vez que potencializa a ocorr\u00eancia de interfer\u00eancias do processado&#8221;, diz o texto.<\/p>\n\n\n\n<p>O Conselho de \u00c9tica do Senado tem vagas para&nbsp;15 titulares e 15 suplentes \u2014nem todos os integrantes foram indicados ainda. \u00c9&nbsp;presidido pelo senador Jayme Campos (DEM-MT), aliado do presidente da Casa, Davi Alcolumbre (DEM-AP), que costuma evitar embates com o governo.<\/p>\n\n\n\n<p>O colegiado reuniu-se apenas uma vez nesta legislatura, em setembro do ano passado. Entre os titulares da comiss\u00e3o de&nbsp;perfil mais declaradamente governista&nbsp;est\u00e3o o l\u00edder do governo no Congresso, Eduardo Gomes (MDB-TO), e o senador Chico Rodrigues (DEM-RR).<\/p>\n\n\n\n<p>Iniciado o processo, o conselho far\u00e1 dilig\u00eancias que julgar necess\u00e1rias ou que forem requeridas por quem apresentou a den\u00fancia ou para o alvo da representa\u00e7\u00e3o, bem como pelo relator e demais membros da comiss\u00e3o. O conselho pode convocar o representado e testemunhas para depoimento presencial.<\/p>\n\n\n\n<p>Produzidas as provas, o relator declarar\u00e1 encerrada a instru\u00e7\u00e3o, intimar\u00e1 o representado ou denunciado para apresentar suas alega\u00e7\u00f5es finais no prazo de tr\u00eas dias \u00fateis e, ap\u00f3s isso, entregar\u00e1 relat\u00f3rio que ser\u00e1 apreciado pelo&nbsp;conselho no prazo de dez dias \u00fateis.<\/p>\n\n\n\n<p>O parecer poder\u00e1 concluir pela proced\u00eancia da representa\u00e7\u00e3o ou pelo seu arquivamento, oferecendo-se, na primeira hip\u00f3tese, o projeto de resolu\u00e7\u00e3o apropriado para a declara\u00e7\u00e3o da perda do mandato.<\/p>\n\n\n\n<p>As medidas disciplinares v\u00e3o desde uma advert\u00eancia at\u00e9 a perda de mandato. A perda do mandato ser\u00e1 decidida pelo plen\u00e1rio, em vota\u00e7\u00e3o secreta e por maioria absoluta de votos.<\/p>\n\n\n\n<p>As suspeitas contra Fl\u00e1vio e o ex-policial militar Fabr\u00edcio Queiroz tornaram-se o principal motivo de dor de cabe\u00e7a do presidente Jair Bolsonaro desde sua elei\u00e7\u00e3o.<\/p>\n\n\n\n<p>Em dezembro de 2019, os dois foram alvo de opera\u00e7\u00e3o comandada pelo Minist\u00e9rio P\u00fablico do Rio de Janeiro.<\/p>\n\n\n\n<p>Agentes foram a endere\u00e7os de Queiroz e de outros ex-assessores de Fl\u00e1vio. Na lista est\u00e3o parentes de Ana Cristina Valle, ex-mulher do presidente.<\/p>\n\n\n\n<p>A suspeita do Minist\u00e9rio P\u00fablico \u00e9 que Queiroz operava no gabinete de Fl\u00e1vio na Assembleia Legislativa do Rio um esquema de &#8220;rachadinha&#8221;. O filho de Bolsonaro foi deputado estadual de fevereiro de 2003 a janeiro de 2019.<\/p>\n\n\n\n<p>A Promotoria acredita ainda que Fl\u00e1vio lavou cerca de R$ 2,3 milh\u00f5es obtidos no esquema por meio de uma loja de chocolates e de negocia\u00e7\u00f5es de im\u00f3veis.<\/p>\n\n\n\n<p>Al\u00e9m disso, h\u00e1 outra complica\u00e7\u00e3o na vida de Fl\u00e1vio: sua rela\u00e7\u00e3o com o \u00a0ex-capit\u00e3o Adriano Magalh\u00e3es da N\u00f3brega, morto na Bahia.<\/p>\n\n\n\n<p>Acusado de integrar uma mil\u00edcia, ele j\u00e1 acumulava 29 dias de deten\u00e7\u00f5es administrativas pela Pol\u00edcia Militar em junho de 2005, quando foi homenageado na Alerj (Assembleia Legislativa do Rio de Janeiro) por Fl\u00e1vio a pedido de seu pai.<\/p>\n\n\n\n<p>O ex-PM, expulso da corpora\u00e7\u00e3o em 2014 por envolvimento com o jogo do bicho, j\u00e1 havia sofrido tr\u00eas puni\u00e7\u00f5es administrativas \u2014duas consideradas leves e uma m\u00e9dia\u2014 quando recebeu a medalha. Nenhuma delas se refere \u00e0 acusa\u00e7\u00e3o de homic\u00eddio que respondia na Justi\u00e7a quando foi condecorado por Fl\u00e1vio.<\/p>\n\n\n\n<p>Quando o ent\u00e3o deputado estadual prop\u00f4s a homenagem, Adriano estava preso sob suspeita de matar o guardador de carros Leandro dos Santos Silva, 24, assassinado em novembro de 2003.<\/p>\n\n\n\n<p>O ent\u00e3o policial chegou a ser condenado no Tribunal do J\u00fari em outubro de 2005, mas conseguiu recurso para ter um novo julgamento, foi solto em 2006 e absolvido no ano seguinte.<\/p>\n\n\n\n<p>O ex-policial foi citado na investiga\u00e7\u00e3o do Minist\u00e9rio P\u00fablico do Rio de Janeiro que apura se houve &#8220;rachadinha&#8221; no gabinete de Fl\u00e1vio quando ele era deputado estadual.<\/p>\n\n\n\n<p>Segundo o MP-RJ, contas de Adriano foram usadas para transferir dinheiro a Fabr\u00edcio Queiroz, ent\u00e3o assessor de Fl\u00e1vio e suspeito de comandar o esquema de devolu\u00e7\u00e3o de sal\u00e1rios.&nbsp;<\/p>\n\n\n\n<p>Queiroz e Adriano trabalharam juntos no 18\u00ba Batalh\u00e3o da PM. Foi por meio de Queiroz que familiares do ex-PM foram contratadas como assessoras no gabinete de Fl\u00e1vio: sua ex-mulher, Danielle Mendon\u00e7a da Costa da N\u00f3brega, de 2007 at\u00e9 novembro de 2018, e sua m\u00e3e, Raimunda Veras Magalh\u00e3es, de abril de 2016 a novembro de 2018.&nbsp;<\/p>\n\n\n\n<p>Ap\u00f3s mais de um ano foragido, o ex-PM foi morto numa opera\u00e7\u00e3o policial comandada pela Secretaria de Seguran\u00e7a da Bahia. A pol\u00edcia investiga as circunst\u00e2ncias da morte. Seu advogado, Paulo Emilio Catta Preta, afirma que ele temia ser alvo de uma \u201cqueima de arquivo\u201d.<\/p>\n\n\n\n<p>Fl\u00e1vio manifestou-se sobre a representa\u00e7\u00e3o em um coment\u00e1rio de rede social.<\/p>\n\n\n\n<p>&#8220;Essa representa\u00e7\u00e3o dos defensores de bandido condenado em 2\u00aa inst\u00e2ncia (PT\/p\u00c7oU\/REDE) n\u00e3o serve nem para limpar o furo!&#8221;, escreveu Fl\u00e1vio Bolsonaro.<\/p>\n","protected":false},"excerpt":{"rendered":"<p>PSOL, Rede e PT protocolaram representa\u00e7\u00e3o nesta quarta-feira e apontam quebra de decoro por parte do senador<\/p>\n","protected":false},"author":1,"featured_media":0,"comment_status":"closed","ping_status":"open","sticky":false,"template":"","format":"standard","meta":{"_exactmetrics_skip_tracking":false,"_exactmetrics_sitenote_active":false,"_exactmetrics_sitenote_note":"","_exactmetrics_sitenote_category":0,"jetpack_post_was_ever_published":false,"_jetpack_newsletter_access":"","_jetpack_dont_email_post_to_subs":false,"_jetpack_newsletter_tier_id":0,"_jetpack_memberships_contains_paywalled_content":false,"_jetpack_memberships_contains_paid_content":false,"footnotes":"","jetpack_publicize_message":"","jetpack_publicize_feature_enabled":true,"jetpack_social_post_already_shared":true,"jetpack_social_options":{"image_generator_settings":{"template":"highway","enabled":false},"version":2}},"categories":[1],"tags":[],"class_list":["post-26601","post","type-post","status-publish","format-standard","hentry","category-notas"],"jetpack_publicize_connections":[],"jetpack_sharing_enabled":true,"jetpack_featured_media_url":"","jetpack_shortlink":"https:\/\/wp.me\/p7wKYW-6V3","jetpack-related-posts":[],"_links":{"self":[{"href":"http:\/\/blogdalucianaoliveira.com.br\/blog\/wp-json\/wp\/v2\/posts\/26601","targetHints":{"allow":["GET"]}}],"collection":[{"href":"http:\/\/blogdalucianaoliveira.com.br\/blog\/wp-json\/wp\/v2\/posts"}],"about":[{"href":"http:\/\/blogdalucianaoliveira.com.br\/blog\/wp-json\/wp\/v2\/types\/post"}],"author":[{"embeddable":true,"href":"http:\/\/blogdalucianaoliveira.com.br\/blog\/wp-json\/wp\/v2\/users\/1"}],"replies":[{"embeddable":true,"href":"http:\/\/blogdalucianaoliveira.com.br\/blog\/wp-json\/wp\/v2\/comments?post=26601"}],"version-history":[{"count":1,"href":"http:\/\/blogdalucianaoliveira.com.br\/blog\/wp-json\/wp\/v2\/posts\/26601\/revisions"}],"predecessor-version":[{"id":26603,"href":"http:\/\/blogdalucianaoliveira.com.br\/blog\/wp-json\/wp\/v2\/posts\/26601\/revisions\/26603"}],"wp:attachment":[{"href":"http:\/\/blogdalucianaoliveira.com.br\/blog\/wp-json\/wp\/v2\/media?parent=26601"}],"wp:term":[{"taxonomy":"category","embeddable":true,"href":"http:\/\/blogdalucianaoliveira.com.br\/blog\/wp-json\/wp\/v2\/categories?post=26601"},{"taxonomy":"post_tag","embeddable":true,"href":"http:\/\/blogdalucianaoliveira.com.br\/blog\/wp-json\/wp\/v2\/tags?post=26601"}],"curies":[{"name":"wp","href":"https:\/\/api.w.org\/{rel}","templated":true}]}}