{"id":26607,"date":"2020-02-21T07:57:22","date_gmt":"2020-02-21T11:57:22","guid":{"rendered":"http:\/\/blogdalucianaoliveira.com.br\/blog\/?p=26607"},"modified":"2020-02-21T07:57:32","modified_gmt":"2020-02-21T11:57:32","slug":"congresso-tem-de-cassar-eduardo-e-flavio-e-de-convocar-heleno","status":"publish","type":"post","link":"http:\/\/blogdalucianaoliveira.com.br\/blog\/2020\/02\/21\/congresso-tem-de-cassar-eduardo-e-flavio-e-de-convocar-heleno\/","title":{"rendered":"Congresso tem de cassar Eduardo e Fl\u00e1vio e de convocar Heleno"},"content":{"rendered":"\n<figure class=\"wp-block-image size-large\"><img data-recalc-dims=\"1\" loading=\"lazy\" decoding=\"async\" width=\"600\" height=\"400\" data-attachment-id=\"26608\" data-permalink=\"http:\/\/blogdalucianaoliveira.com.br\/blog\/2020\/02\/21\/congresso-tem-de-cassar-eduardo-e-flavio-e-de-convocar-heleno\/image-51-3\/\" data-orig-file=\"https:\/\/i0.wp.com\/blogdalucianaoliveira.com.br\/blog\/wp-content\/uploads\/2020\/02\/image-51.jpeg?fit=768%2C512\" data-orig-size=\"768,512\" data-comments-opened=\"0\" data-image-meta=\"{&quot;aperture&quot;:&quot;0&quot;,&quot;credit&quot;:&quot;&quot;,&quot;camera&quot;:&quot;&quot;,&quot;caption&quot;:&quot;&quot;,&quot;created_timestamp&quot;:&quot;0&quot;,&quot;copyright&quot;:&quot;&quot;,&quot;focal_length&quot;:&quot;0&quot;,&quot;iso&quot;:&quot;0&quot;,&quot;shutter_speed&quot;:&quot;0&quot;,&quot;title&quot;:&quot;&quot;,&quot;orientation&quot;:&quot;0&quot;}\" data-image-title=\"image-51\" data-image-description=\"\" data-image-caption=\"\" data-medium-file=\"https:\/\/i0.wp.com\/blogdalucianaoliveira.com.br\/blog\/wp-content\/uploads\/2020\/02\/image-51.jpeg?fit=300%2C200\" data-large-file=\"https:\/\/i0.wp.com\/blogdalucianaoliveira.com.br\/blog\/wp-content\/uploads\/2020\/02\/image-51.jpeg?fit=600%2C400\" src=\"https:\/\/i0.wp.com\/blogdalucianaoliveira.com.br\/blog\/wp-content\/uploads\/2020\/02\/image-51.jpeg?resize=600%2C400\" alt=\"\" class=\"wp-image-26608\" srcset=\"https:\/\/i0.wp.com\/blogdalucianaoliveira.com.br\/blog\/wp-content\/uploads\/2020\/02\/image-51.jpeg?w=768 768w, https:\/\/i0.wp.com\/blogdalucianaoliveira.com.br\/blog\/wp-content\/uploads\/2020\/02\/image-51.jpeg?resize=300%2C200 300w, https:\/\/i0.wp.com\/blogdalucianaoliveira.com.br\/blog\/wp-content\/uploads\/2020\/02\/image-51.jpeg?resize=450%2C300 450w\" sizes=\"auto, (max-width: 600px) 100vw, 600px\" \/><\/figure>\n\n\n\n<p>\u00c9 chegada a hora de dizer &#8216;daqui n\u00e3o passar\u00e3o.<\/p>\n\n\n\n<!--more-->\n\n\n\n<p>Reinaldo Azevedo <\/p>\n\n\n\n<p>na Folha<br><\/p>\n\n\n\n<p>C\u00e2mara e Senado, como entes e pilares fundamentais da democracia, t\u00eam de cassar os respectivos mandatos do deputado&nbsp;<a href=\"https:\/\/www1.folha.uol.com.br\/poder\/2020\/02\/deputadas-fazem-ato-em-defesa-de-jornalista-da-folha-insultada-por-bolsonaro.shtml\">Eduardo&nbsp;<\/a><a href=\"https:\/\/www1.folha.uol.com.br\/poder\/2020\/02\/deputadas-fazem-ato-em-defesa-de-jornalista-da-folha-insultada-por-bolsonaro.shtml\">Bolsonaro<\/a>&nbsp;e de seu irm\u00e3o,&nbsp;<a href=\"https:\/\/www1.folha.uol.com.br\/poder\/2020\/02\/partidos-de-oposicao-entram-com-pedido-de-cassacao-do-senador-flavio-bolsonaro.shtml\">o senador Fl\u00e1vio<\/a>. Imputa\u00e7\u00e3o: quebra do decoro. A imunidade parlamentar prevista no artigo 53 da Constitui\u00e7\u00e3o n\u00e3o existe para acobertar crimes, assim como as prerrogativas do artigo 86 n\u00e3o podem servir de instrumentos para que o presidente da Rep\u00fablica manche a pr\u00f3pria Carta que lhe franqueia tais garantias.<\/p>\n\n\n\n<p>Essas s\u00e3o tarefas inafast\u00e1veis dos senhores deputados e senadores enquanto ainda podem andar com a coluna ereta. Em primeiro lugar, ser\u00e3o justos com a obra dos depredadores da ordem institucional. Em segundo, mas n\u00e3o menos relevante, enviar\u00e3o um recado ao Fanfarr\u00e3o Min\u00e9sio que ocupa o Pal\u00e1cio do Planalto.<\/p>\n\n\n\n<p>Por que as democracias morrem ou involuem para monstrengos h\u00edbridos, de sorte que instrumentos de uma sociedade de direito, como as elei\u00e7\u00f5es, s\u00e3o empregados em favor de v\u00e1rios graus de autoritarismo? Com frequ\u00eancia, porque os democratas permitem. Pecam por omiss\u00e3o ou ilus\u00e3o nefelibata. Costumam ser tolerantes com quem sabota o regime na cren\u00e7a ing\u00eanua de que, mais dia, menos dia, a civiliza\u00e7\u00e3o vence a barb\u00e1rie. Morrem com o clich\u00ea na m\u00e3o.<\/p>\n\n\n\n<p>Essa cren\u00e7a \u00e9 filha de uma esp\u00e9cie de racionalismo da nega\u00e7\u00e3o, abastardado pela era das redes sociais, transformadas em hordas de assalto aos direitos individuais e p\u00fablicos. Esses democratas assistem inermes \u00e0 eclos\u00e3o de fanatismos v\u00e1rios e, no m\u00e1ximo, engrolam ladainhas em favor da toler\u00e2ncia e da conviv\u00eancia dos contr\u00e1rios, como se os fascistoides n\u00e3o fossem h\u00e1beis em usar as garantias do regime democr\u00e1tico contra a pr\u00f3pria democracia.<\/p>\n\n\n\n<p>Proponho n\u00e3o o irracionalismo, mas a racionalidade afirmativa da ordem, que dispensa instrumentos de exce\u00e7\u00e3o. N\u00e3o d\u00e1 mais! \u00c9 chegada a hora de dizer \u201cdaqui n\u00e3o passar\u00e3o\u201d.<\/p>\n\n\n\n<p>Os democratas t\u00eam de convocar a coragem contra os ladr\u00f5es de institucionalidade, contra os milicianos que assombram a vida democr\u00e1tica, contra os pistoleiros que miram a sociedade de direitos. \u00c9 preciso cassar Eduardo e Fl\u00e1vio porque, reitero, incorreram, sim, em quebra do decoro parlamentar, mas tamb\u00e9m para evidenciar que a democracia n\u00e3o aceitar\u00e1 que licen\u00e7as civilizat\u00f3rias se convertam em inimigas da civiliza\u00e7\u00e3o.<br>Foi a aus\u00eancia do devido \u201cn\u00e3o\u201d dos que poderiam, a seu tempo, pronunci\u00e1-lo a criar um Ch\u00e1vez na Venezuela, um Erdogan na Turquia, um Putin na R\u00fassia. N\u00e3o \u00e9 preciso que se imponha uma ditadura em sentido cl\u00e1ssico para p\u00f4r fim \u00e0 sociedade livre.<\/p>\n\n\n\n<p>Em novembro do ano passado, ao comentar uma entrevista em que Eduardo \u2014 sempre ele! \u2014 especulou sobre a\u00a0<a href=\"https:\/\/www1.folha.uol.com.br\/colunas\/monicabergamo\/2019\/10\/eduardo-bolsonaro-diz-que-se-esquerda-radicalizar-resposta-pode-ser-um-novo-ai-5.shtml\">conveni\u00eancia de um novo\u00a0AI-5<\/a>, o general Augusto Heleno ficou longe de repudiar a estupidez. Comentou:\u00a0<a href=\"https:\/\/www1.folha.uol.com.br\/poder\/2019\/11\/apos-frase-sobre-ai-5-maia-diz-que-heleno-virou-auxiliar-do-radicalismo-de-olavo.shtml\">\u201cTem de estudar como vai fazer, como vai conduzir\u201d<\/a>. Expressando insatisfa\u00e7\u00e3o com o Congresso, afirmou: \u201cO projeto do Moro, fundamental para conter crime, n\u00e3o passa. Fazem de tudo para n\u00e3o passar\u201d.<\/p>\n\n\n\n<p><a href=\"https:\/\/reinaldoazevedo.blogosfera.uol.com.br\/2019\/11\/01\/camara-e-senado-tem-de-convocar-general-heleno-para-se-explicar-sobre-ai-5\/\" target=\"_blank\" rel=\"noreferrer noopener\">Defendi que fosse convocado pelo Congresso<\/a>&nbsp;a dar explica\u00e7\u00f5es. O general se zangou comigo e escreveu no Twitter: \u201cConvoca\u00e7\u00e3o in\u00f3cua. Os parlamentares t\u00eam mais o que fazer. Eu e as For\u00e7as Armadas somos inteiramente vacinados contra a ditadura, petismo, autoritarismo, peronismo, getulismo ou azevedismo. Mais ainda, contra o socialismo da corrup\u00e7\u00e3o, da bandidagem e da incompet\u00eancia\u201d.<\/p>\n\n\n\n<p>N\u00e3o foi convocado. Passados tr\u00eas meses,&nbsp;<a href=\"https:\/\/www1.folha.uol.com.br\/mercado\/2020\/02\/general-heleno-diz-que-bolsonaro-e-alvo-de-parlamentarismo-branco-na-discussao-sobre-orcamento.shtml\">ele premia o Congresso<\/a>, que tem segurado na unha o destrambelhamento do governo Bolsonaro, com um \u201cfoda-se\u201d \u2014 em mensagem soprada aos ouvidos de Luiz Eduardo Ramos, coordenador pol\u00edtico do governo, mas tamb\u00e9m militar da ativa, o que \u00e9 sin\u00f4nimo de voz que ecoa na tropa. O \u201cazevedismo\u201d recomenda outra vez: Heleno tem de ser convocado.<\/p>\n\n\n\n<p>O dito \u201cparlamentarismo branco\u201d, que tem impedido o pa\u00eds de mergulhar no caos, tem de se levantar contra os arreganhos autorit\u00e1rios em curso e dizer \u201cn\u00e3o\u201d \u00e0s tentativas de \u201cmilicianizar\u201d a pol\u00edtica. Tem de expulsar de seus quadros os que usam prerrogativas do regime democr\u00e1tico contra a pr\u00f3pria democracia e fazer com que voca\u00e7\u00f5es autorit\u00e1rias recalcitrantes se sentem no banco da subordina\u00e7\u00e3o \u00e0 ordem legal.<\/p>\n\n\n\n<p>E j\u00e1.<\/p>\n","protected":false},"excerpt":{"rendered":"<p>\u00c9 chegada a hora de dizer &#8216;daqui n\u00e3o passar\u00e3o.<\/p>\n","protected":false},"author":1,"featured_media":0,"comment_status":"closed","ping_status":"open","sticky":false,"template":"","format":"standard","meta":{"_exactmetrics_skip_tracking":false,"_exactmetrics_sitenote_active":false,"_exactmetrics_sitenote_note":"","_exactmetrics_sitenote_category":0,"jetpack_post_was_ever_published":false,"_jetpack_newsletter_access":"","_jetpack_dont_email_post_to_subs":false,"_jetpack_newsletter_tier_id":0,"_jetpack_memberships_contains_paywalled_content":false,"_jetpack_memberships_contains_paid_content":false,"footnotes":"","jetpack_publicize_message":"","jetpack_publicize_feature_enabled":true,"jetpack_social_post_already_shared":true,"jetpack_social_options":{"image_generator_settings":{"template":"highway","enabled":false},"version":2}},"categories":[1],"tags":[],"class_list":["post-26607","post","type-post","status-publish","format-standard","hentry","category-notas"],"jetpack_publicize_connections":[],"jetpack_sharing_enabled":true,"jetpack_featured_media_url":"","jetpack_shortlink":"https:\/\/wp.me\/p7wKYW-6V9","jetpack-related-posts":[],"_links":{"self":[{"href":"http:\/\/blogdalucianaoliveira.com.br\/blog\/wp-json\/wp\/v2\/posts\/26607","targetHints":{"allow":["GET"]}}],"collection":[{"href":"http:\/\/blogdalucianaoliveira.com.br\/blog\/wp-json\/wp\/v2\/posts"}],"about":[{"href":"http:\/\/blogdalucianaoliveira.com.br\/blog\/wp-json\/wp\/v2\/types\/post"}],"author":[{"embeddable":true,"href":"http:\/\/blogdalucianaoliveira.com.br\/blog\/wp-json\/wp\/v2\/users\/1"}],"replies":[{"embeddable":true,"href":"http:\/\/blogdalucianaoliveira.com.br\/blog\/wp-json\/wp\/v2\/comments?post=26607"}],"version-history":[{"count":1,"href":"http:\/\/blogdalucianaoliveira.com.br\/blog\/wp-json\/wp\/v2\/posts\/26607\/revisions"}],"predecessor-version":[{"id":26609,"href":"http:\/\/blogdalucianaoliveira.com.br\/blog\/wp-json\/wp\/v2\/posts\/26607\/revisions\/26609"}],"wp:attachment":[{"href":"http:\/\/blogdalucianaoliveira.com.br\/blog\/wp-json\/wp\/v2\/media?parent=26607"}],"wp:term":[{"taxonomy":"category","embeddable":true,"href":"http:\/\/blogdalucianaoliveira.com.br\/blog\/wp-json\/wp\/v2\/categories?post=26607"},{"taxonomy":"post_tag","embeddable":true,"href":"http:\/\/blogdalucianaoliveira.com.br\/blog\/wp-json\/wp\/v2\/tags?post=26607"}],"curies":[{"name":"wp","href":"https:\/\/api.w.org\/{rel}","templated":true}]}}