{"id":26610,"date":"2020-02-21T09:35:50","date_gmt":"2020-02-21T13:35:50","guid":{"rendered":"http:\/\/blogdalucianaoliveira.com.br\/blog\/?p=26610"},"modified":"2020-02-21T09:36:01","modified_gmt":"2020-02-21T13:36:01","slug":"desfile-da-tom-maior-tera-escultura-gigante-de-marielle-franco","status":"publish","type":"post","link":"http:\/\/blogdalucianaoliveira.com.br\/blog\/2020\/02\/21\/desfile-da-tom-maior-tera-escultura-gigante-de-marielle-franco\/","title":{"rendered":"Desfile da Tom Maior ter\u00e1 escultura gigante de Marielle Franco"},"content":{"rendered":"\n<figure class=\"wp-block-image size-large\"><img data-recalc-dims=\"1\" loading=\"lazy\" decoding=\"async\" width=\"600\" height=\"450\" data-attachment-id=\"26611\" data-permalink=\"http:\/\/blogdalucianaoliveira.com.br\/blog\/2020\/02\/21\/desfile-da-tom-maior-tera-escultura-gigante-de-marielle-franco\/image-52-3\/\" data-orig-file=\"https:\/\/i0.wp.com\/blogdalucianaoliveira.com.br\/blog\/wp-content\/uploads\/2020\/02\/image-52.jpeg?fit=600%2C450\" data-orig-size=\"600,450\" data-comments-opened=\"0\" data-image-meta=\"{&quot;aperture&quot;:&quot;0&quot;,&quot;credit&quot;:&quot;&quot;,&quot;camera&quot;:&quot;&quot;,&quot;caption&quot;:&quot;&quot;,&quot;created_timestamp&quot;:&quot;0&quot;,&quot;copyright&quot;:&quot;&quot;,&quot;focal_length&quot;:&quot;0&quot;,&quot;iso&quot;:&quot;0&quot;,&quot;shutter_speed&quot;:&quot;0&quot;,&quot;title&quot;:&quot;&quot;,&quot;orientation&quot;:&quot;0&quot;}\" data-image-title=\"image-52\" data-image-description=\"\" data-image-caption=\"\" data-medium-file=\"https:\/\/i0.wp.com\/blogdalucianaoliveira.com.br\/blog\/wp-content\/uploads\/2020\/02\/image-52.jpeg?fit=300%2C225\" data-large-file=\"https:\/\/i0.wp.com\/blogdalucianaoliveira.com.br\/blog\/wp-content\/uploads\/2020\/02\/image-52.jpeg?fit=600%2C450\" src=\"https:\/\/i0.wp.com\/blogdalucianaoliveira.com.br\/blog\/wp-content\/uploads\/2020\/02\/image-52.jpeg?resize=600%2C450\" alt=\"\" class=\"wp-image-26611\" srcset=\"https:\/\/i0.wp.com\/blogdalucianaoliveira.com.br\/blog\/wp-content\/uploads\/2020\/02\/image-52.jpeg?w=600 600w, https:\/\/i0.wp.com\/blogdalucianaoliveira.com.br\/blog\/wp-content\/uploads\/2020\/02\/image-52.jpeg?resize=300%2C225 300w, https:\/\/i0.wp.com\/blogdalucianaoliveira.com.br\/blog\/wp-content\/uploads\/2020\/02\/image-52.jpeg?resize=400%2C300 400w\" sizes=\"auto, (max-width: 600px) 100vw, 600px\" \/><\/figure>\n\n\n\n<p><strong>Ex-vereadora est\u00e1 representada com morda\u00e7a nas m\u00e3os, uma refer\u00eancia ao fato de n\u00e3o ter se calado<\/strong>.<\/p>\n\n\n\n<!--more Leia mais-->\n\n\n\n<p>Portal GazetaWeb<\/p>\n\n\n\n<p><br>Marielle Franco ser\u00e1 representada com uma escultura gigante em um carro da escola de samba Tom Maior, que desfila nesta sexta-feira (21), no Samb\u00f3dromo do Anhembi, Zona Norte de S\u00e3o Paulo. Na escultura, a ex-vereadora estar\u00e1 com uma morda\u00e7a nas m\u00e3os em refer\u00eancia ao fato de n\u00e3o ter se calado.<\/p>\n\n\n\n<p>A morda\u00e7a tamb\u00e9m \u00e9 conhecida como m\u00e1scara de flanders, objeto utilizado para impedir que negros escravizados comessem ou bebessem.<br><\/p>\n\n\n\n<p>A morte de Marielle completa 2 anos em mar\u00e7o. O caso segue em investiga\u00e7\u00e3o pela pol\u00edcia, que ainda n\u00e3o chegou a uma conclus\u00e3o. Na quinta-feira (13), a pol\u00edcia fez uma opera\u00e7\u00e3o para tenta achar as armas usadas para matar Marielle e o motorista Anderson.<\/p>\n\n\n\n<p>Este ano, a Tom Maior apresenta na avenida o enredo &#8220;\u00c9 coisa de preto&#8221;. A letra fala do legado de negritude, resist\u00eancia e luta por igualdade. Cada ala do desfile homenagear\u00e1 uma personalidade negra que tenha conquistado um papel de destaque na hist\u00f3ria do Brasil.<\/p>\n\n\n\n<p>O carro aleg\u00f3rico com Marielle vai tratar do tema Justi\u00e7a. Ele inclui uma est\u00e1tua cega, uma surda e uma muda. Todas est\u00e3o sujas de sangue negro.<\/p>\n","protected":false},"excerpt":{"rendered":"<p>Ex-vereadora est\u00e1 representada com morda\u00e7a nas m\u00e3os, uma refer\u00eancia ao fato de n\u00e3o ter se calado.<\/p>\n","protected":false},"author":1,"featured_media":0,"comment_status":"closed","ping_status":"open","sticky":false,"template":"","format":"standard","meta":{"_exactmetrics_skip_tracking":false,"_exactmetrics_sitenote_active":false,"_exactmetrics_sitenote_note":"","_exactmetrics_sitenote_category":0,"jetpack_post_was_ever_published":false,"_jetpack_newsletter_access":"","_jetpack_dont_email_post_to_subs":false,"_jetpack_newsletter_tier_id":0,"_jetpack_memberships_contains_paywalled_content":false,"_jetpack_memberships_contains_paid_content":false,"footnotes":"","jetpack_publicize_message":"","jetpack_publicize_feature_enabled":true,"jetpack_social_post_already_shared":true,"jetpack_social_options":{"image_generator_settings":{"template":"highway","enabled":false},"version":2}},"categories":[1],"tags":[],"class_list":["post-26610","post","type-post","status-publish","format-standard","hentry","category-notas"],"jetpack_publicize_connections":[],"jetpack_sharing_enabled":true,"jetpack_featured_media_url":"","jetpack_shortlink":"https:\/\/wp.me\/p7wKYW-6Vc","jetpack-related-posts":[],"_links":{"self":[{"href":"http:\/\/blogdalucianaoliveira.com.br\/blog\/wp-json\/wp\/v2\/posts\/26610","targetHints":{"allow":["GET"]}}],"collection":[{"href":"http:\/\/blogdalucianaoliveira.com.br\/blog\/wp-json\/wp\/v2\/posts"}],"about":[{"href":"http:\/\/blogdalucianaoliveira.com.br\/blog\/wp-json\/wp\/v2\/types\/post"}],"author":[{"embeddable":true,"href":"http:\/\/blogdalucianaoliveira.com.br\/blog\/wp-json\/wp\/v2\/users\/1"}],"replies":[{"embeddable":true,"href":"http:\/\/blogdalucianaoliveira.com.br\/blog\/wp-json\/wp\/v2\/comments?post=26610"}],"version-history":[{"count":1,"href":"http:\/\/blogdalucianaoliveira.com.br\/blog\/wp-json\/wp\/v2\/posts\/26610\/revisions"}],"predecessor-version":[{"id":26612,"href":"http:\/\/blogdalucianaoliveira.com.br\/blog\/wp-json\/wp\/v2\/posts\/26610\/revisions\/26612"}],"wp:attachment":[{"href":"http:\/\/blogdalucianaoliveira.com.br\/blog\/wp-json\/wp\/v2\/media?parent=26610"}],"wp:term":[{"taxonomy":"category","embeddable":true,"href":"http:\/\/blogdalucianaoliveira.com.br\/blog\/wp-json\/wp\/v2\/categories?post=26610"},{"taxonomy":"post_tag","embeddable":true,"href":"http:\/\/blogdalucianaoliveira.com.br\/blog\/wp-json\/wp\/v2\/tags?post=26610"}],"curies":[{"name":"wp","href":"https:\/\/api.w.org\/{rel}","templated":true}]}}