{"id":26613,"date":"2020-02-22T04:50:10","date_gmt":"2020-02-22T08:50:10","guid":{"rendered":"http:\/\/blogdalucianaoliveira.com.br\/blog\/?p=26613"},"modified":"2020-02-22T04:50:21","modified_gmt":"2020-02-22T08:50:21","slug":"carnaval-do-rio-tem-primeiro-grande-protesto-contra-bolsonaro-com-palhaco-presidente-que-faz-arminha","status":"publish","type":"post","link":"http:\/\/blogdalucianaoliveira.com.br\/blog\/2020\/02\/22\/carnaval-do-rio-tem-primeiro-grande-protesto-contra-bolsonaro-com-palhaco-presidente-que-faz-arminha\/","title":{"rendered":"Carnaval do Rio tem primeiro grande protesto contra Bolsonaro com palha\u00e7o presidente que faz arminha"},"content":{"rendered":"\n<figure class=\"wp-block-image size-large\"><img data-recalc-dims=\"1\" loading=\"lazy\" decoding=\"async\" width=\"500\" height=\"240\" data-attachment-id=\"26614\" data-permalink=\"http:\/\/blogdalucianaoliveira.com.br\/blog\/2020\/02\/22\/carnaval-do-rio-tem-primeiro-grande-protesto-contra-bolsonaro-com-palhaco-presidente-que-faz-arminha\/image-4-6\/\" data-orig-file=\"https:\/\/i0.wp.com\/blogdalucianaoliveira.com.br\/blog\/wp-content\/uploads\/2020\/02\/image-4.png?fit=500%2C240\" data-orig-size=\"500,240\" data-comments-opened=\"0\" data-image-meta=\"{&quot;aperture&quot;:&quot;0&quot;,&quot;credit&quot;:&quot;&quot;,&quot;camera&quot;:&quot;&quot;,&quot;caption&quot;:&quot;&quot;,&quot;created_timestamp&quot;:&quot;0&quot;,&quot;copyright&quot;:&quot;&quot;,&quot;focal_length&quot;:&quot;0&quot;,&quot;iso&quot;:&quot;0&quot;,&quot;shutter_speed&quot;:&quot;0&quot;,&quot;title&quot;:&quot;&quot;,&quot;orientation&quot;:&quot;0&quot;}\" data-image-title=\"image-4\" data-image-description=\"\" data-image-caption=\"\" data-medium-file=\"https:\/\/i0.wp.com\/blogdalucianaoliveira.com.br\/blog\/wp-content\/uploads\/2020\/02\/image-4.png?fit=300%2C144\" data-large-file=\"https:\/\/i0.wp.com\/blogdalucianaoliveira.com.br\/blog\/wp-content\/uploads\/2020\/02\/image-4.png?fit=500%2C240\" src=\"https:\/\/i0.wp.com\/blogdalucianaoliveira.com.br\/blog\/wp-content\/uploads\/2020\/02\/image-4.png?resize=500%2C240\" alt=\"\" class=\"wp-image-26614\" srcset=\"https:\/\/i0.wp.com\/blogdalucianaoliveira.com.br\/blog\/wp-content\/uploads\/2020\/02\/image-4.png?w=500 500w, https:\/\/i0.wp.com\/blogdalucianaoliveira.com.br\/blog\/wp-content\/uploads\/2020\/02\/image-4.png?resize=300%2C144 300w\" sizes=\"auto, (max-width: 500px) 100vw, 500px\" \/><\/figure>\n\n\n\n<p><a target=\"_blank\" href=\"https:\/\/revistaforum.com.br\/politica\/comecou-o-carnaval-taokei-critica-a-bolsonaro-aparece-no-primeiro-desfile\/\" rel=\"noreferrer noopener\">Da revista F\u00f3rum \u2013<\/a>&nbsp;Foi dada a largada dos desfiles do Carnaval de 2020 na Sapuca\u00ed. Um grande Bozo, ele mesmo, palha\u00e7o, usando uma faixa presidencial e fazendo arminha com a m\u00e3o, fez parte do desfile da Acad\u00eamicos de Vig\u00e1rio Geral. O enredo \u00e9 \u201cO conto do vig\u00e1rio\u201d.<\/p>\n\n\n\n<!--more-->\n\n\n\n<p>A presidenta da Vig\u00e1rio Geral criticou Crivella, prefeito do Rio. Elizabeth Cunha contou ao jornal O Globo que a escola precisou pedir ajuda \u00e0s co-irm\u00e3s para colocar o carnaval na rua em 2020. \u201cos \u00faltimos anos t\u00eam sido muito dif\u00edcil, principalmente, para a S\u00e9rie A\u201d, disse ela.<\/p>\n\n\n\n<figure class=\"wp-block-embed-twitter wp-block-embed is-type-rich is-provider-twitter\"><div class=\"wp-block-embed__wrapper\">\nhttps:\/\/twitter.com\/omatheux\/status\/1231043493058969601?s=21\n<\/div><\/figure>\n","protected":false},"excerpt":{"rendered":"<p>Da revista F\u00f3rum \u2013&nbsp;Foi dada a largada dos desfiles do Carnaval de 2020 na Sapuca\u00ed. Um grande Bozo, ele mesmo, palha\u00e7o, usando uma faixa presidencial e fazendo arminha com a m\u00e3o, fez parte do desfile da Acad\u00eamicos de Vig\u00e1rio Geral. O enredo \u00e9 \u201cO conto do vig\u00e1rio\u201d.<\/p>\n","protected":false},"author":1,"featured_media":0,"comment_status":"closed","ping_status":"open","sticky":false,"template":"","format":"standard","meta":{"_exactmetrics_skip_tracking":false,"_exactmetrics_sitenote_active":false,"_exactmetrics_sitenote_note":"","_exactmetrics_sitenote_category":0,"jetpack_post_was_ever_published":false,"_jetpack_newsletter_access":"","_jetpack_dont_email_post_to_subs":false,"_jetpack_newsletter_tier_id":0,"_jetpack_memberships_contains_paywalled_content":false,"_jetpack_memberships_contains_paid_content":false,"footnotes":"","jetpack_publicize_message":"","jetpack_publicize_feature_enabled":true,"jetpack_social_post_already_shared":true,"jetpack_social_options":{"image_generator_settings":{"template":"highway","enabled":false},"version":2}},"categories":[1],"tags":[],"class_list":["post-26613","post","type-post","status-publish","format-standard","hentry","category-notas"],"jetpack_publicize_connections":[],"jetpack_sharing_enabled":true,"jetpack_featured_media_url":"","jetpack_shortlink":"https:\/\/wp.me\/p7wKYW-6Vf","jetpack-related-posts":[],"_links":{"self":[{"href":"http:\/\/blogdalucianaoliveira.com.br\/blog\/wp-json\/wp\/v2\/posts\/26613","targetHints":{"allow":["GET"]}}],"collection":[{"href":"http:\/\/blogdalucianaoliveira.com.br\/blog\/wp-json\/wp\/v2\/posts"}],"about":[{"href":"http:\/\/blogdalucianaoliveira.com.br\/blog\/wp-json\/wp\/v2\/types\/post"}],"author":[{"embeddable":true,"href":"http:\/\/blogdalucianaoliveira.com.br\/blog\/wp-json\/wp\/v2\/users\/1"}],"replies":[{"embeddable":true,"href":"http:\/\/blogdalucianaoliveira.com.br\/blog\/wp-json\/wp\/v2\/comments?post=26613"}],"version-history":[{"count":1,"href":"http:\/\/blogdalucianaoliveira.com.br\/blog\/wp-json\/wp\/v2\/posts\/26613\/revisions"}],"predecessor-version":[{"id":26615,"href":"http:\/\/blogdalucianaoliveira.com.br\/blog\/wp-json\/wp\/v2\/posts\/26613\/revisions\/26615"}],"wp:attachment":[{"href":"http:\/\/blogdalucianaoliveira.com.br\/blog\/wp-json\/wp\/v2\/media?parent=26613"}],"wp:term":[{"taxonomy":"category","embeddable":true,"href":"http:\/\/blogdalucianaoliveira.com.br\/blog\/wp-json\/wp\/v2\/categories?post=26613"},{"taxonomy":"post_tag","embeddable":true,"href":"http:\/\/blogdalucianaoliveira.com.br\/blog\/wp-json\/wp\/v2\/tags?post=26613"}],"curies":[{"name":"wp","href":"https:\/\/api.w.org\/{rel}","templated":true}]}}