{"id":26616,"date":"2020-02-22T09:03:02","date_gmt":"2020-02-22T13:03:02","guid":{"rendered":"http:\/\/blogdalucianaoliveira.com.br\/blog\/?p=26616"},"modified":"2020-02-22T09:03:11","modified_gmt":"2020-02-22T13:03:11","slug":"tom-maior-levou-uma-marielle-gigante-ao-anhembi-e-coisa-de-preto-%e2%9d%a4","status":"publish","type":"post","link":"http:\/\/blogdalucianaoliveira.com.br\/blog\/2020\/02\/22\/tom-maior-levou-uma-marielle-gigante-ao-anhembi-e-coisa-de-preto-%e2%9d%a4\/","title":{"rendered":"Tom Maior levou uma Marielle gigante ao Anhembi: \u2018\u00e9 coisa de preto\u2019 \u2764"},"content":{"rendered":"\n<figure class=\"wp-block-image size-large\"><img loading=\"lazy\" decoding=\"async\" width=\"1224\" height=\"704\" data-attachment-id=\"26617\" data-permalink=\"http:\/\/blogdalucianaoliveira.com.br\/blog\/2020\/02\/22\/tom-maior-levou-uma-marielle-gigante-ao-anhembi-e-coisa-de-preto-%e2%9d%a4\/image-5-6\/\" data-orig-file=\"https:\/\/i0.wp.com\/blogdalucianaoliveira.com.br\/blog\/wp-content\/uploads\/2020\/02\/image-5.png?fit=1224%2C704\" data-orig-size=\"1224,704\" data-comments-opened=\"0\" data-image-meta=\"{&quot;aperture&quot;:&quot;0&quot;,&quot;credit&quot;:&quot;&quot;,&quot;camera&quot;:&quot;&quot;,&quot;caption&quot;:&quot;&quot;,&quot;created_timestamp&quot;:&quot;0&quot;,&quot;copyright&quot;:&quot;&quot;,&quot;focal_length&quot;:&quot;0&quot;,&quot;iso&quot;:&quot;0&quot;,&quot;shutter_speed&quot;:&quot;0&quot;,&quot;title&quot;:&quot;&quot;,&quot;orientation&quot;:&quot;0&quot;}\" data-image-title=\"image-5\" data-image-description=\"\" data-image-caption=\"\" data-medium-file=\"https:\/\/i0.wp.com\/blogdalucianaoliveira.com.br\/blog\/wp-content\/uploads\/2020\/02\/image-5.png?fit=300%2C173\" data-large-file=\"https:\/\/i0.wp.com\/blogdalucianaoliveira.com.br\/blog\/wp-content\/uploads\/2020\/02\/image-5.png?fit=600%2C345\" src=\"https:\/\/i0.wp.com\/blogdalucianaoliveira.com.br\/blog\/wp-content\/uploads\/2020\/02\/image-5.png?fit=600%2C345\" alt=\"\" class=\"wp-image-26617\" srcset=\"https:\/\/i0.wp.com\/blogdalucianaoliveira.com.br\/blog\/wp-content\/uploads\/2020\/02\/image-5.png?w=1224 1224w, https:\/\/i0.wp.com\/blogdalucianaoliveira.com.br\/blog\/wp-content\/uploads\/2020\/02\/image-5.png?resize=300%2C173 300w, https:\/\/i0.wp.com\/blogdalucianaoliveira.com.br\/blog\/wp-content\/uploads\/2020\/02\/image-5.png?resize=1024%2C589 1024w, https:\/\/i0.wp.com\/blogdalucianaoliveira.com.br\/blog\/wp-content\/uploads\/2020\/02\/image-5.png?resize=768%2C442 768w, https:\/\/i0.wp.com\/blogdalucianaoliveira.com.br\/blog\/wp-content\/uploads\/2020\/02\/image-5.png?resize=522%2C300 522w\" sizes=\"auto, (max-width: 600px) 100vw, 600px\" \/><\/figure>\n\n\n\n<p>Catraca Livre &#8211; A Tom Maior desfilou no Anhembi pelo Grupo Especial do Carnaval de S\u00e3o Paulo na noite desta sexta-feira, 21. Com o samba enredo \u201c\u00c9 Coisa de Preto\u201d, a escola emocionou foli\u00f5es que puderam acompanhar de pertinho o grito de guerra da agremia\u00e7\u00e3o contra o racismo. Uma Marielle Franco gigante desfilou na avenida no \u00faltimo carro aleg\u00f3rico da escola.<\/p>\n\n\n\n<!--more-->\n\n\n\n<p>\u201cUm guerreiro da cor \/ Herdeiro de Palmares \/ Sou Tom Maior, a voz da liberdade \/ A minha for\u00e7a pra calar o preconceito \/ \u00c9 coisa de pele, \u00e9 coisa de preto\u201d, entoava o samba enredo na escola nas arquibancadas do Anhembi.<\/p>\n\n\n\n<p>Com um desfile exaltando a pele negra e repudiando o racismo, a Tom Maior emocionou a plateia e as redes sociais. No Twitter, os internautas vibraram com a homenagem \u00e0 Marielle Franco:<\/p>\n\n\n\n<figure class=\"wp-block-embed-twitter wp-block-embed is-type-rich is-provider-twitter\"><div class=\"wp-block-embed__wrapper\">\nhttps:\/\/twitter.com\/carryonjovem\/status\/1231070864449429505?s=20\n<\/div><\/figure>\n\n\n\n<figure class=\"wp-block-embed-twitter wp-block-embed is-type-rich is-provider-twitter\"><div class=\"wp-block-embed__wrapper\">\nhttps:\/\/twitter.com\/igorsarnento\/status\/1231078814333251589?s=20\n<\/div><\/figure>\n\n\n\n<figure class=\"wp-block-embed-twitter wp-block-embed is-type-rich is-provider-twitter\"><div class=\"wp-block-embed__wrapper\">\n<blockquote class=\"twitter-tweet\" data-width=\"550\" data-dnt=\"true\"><p lang=\"pt\" dir=\"ltr\">&quot;As minorias s\u00e3o a maioria&quot; A cr\u00edtica social simplesmente fant\u00e1stica! Parab\u00e9ns tom maior. \u00c9 COISA DE PRETO <a href=\"https:\/\/twitter.com\/hashtag\/MarielleFrancovive?src=hash&amp;ref_src=twsrc%5Etfw\">#MarielleFrancovive<\/a> <a href=\"https:\/\/t.co\/dVrFEmW5Rn\">pic.twitter.com\/dVrFEmW5Rn<\/a><\/p>&mdash; Wes Humassa (@euu_wes) <a href=\"https:\/\/twitter.com\/euu_wes\/status\/1231073716852985856?ref_src=twsrc%5Etfw\">February 22, 2020<\/a><\/blockquote><script async src=\"https:\/\/platform.twitter.com\/widgets.js\" charset=\"utf-8\"><\/script>\n<\/div><\/figure>\n","protected":false},"excerpt":{"rendered":"<p>Catraca Livre &#8211; A Tom Maior desfilou no Anhembi pelo Grupo Especial do Carnaval de S\u00e3o Paulo na noite desta sexta-feira, 21. Com o samba enredo \u201c\u00c9 Coisa de Preto\u201d, a escola emocionou foli\u00f5es que puderam acompanhar de pertinho o grito de guerra da agremia\u00e7\u00e3o contra o racismo. Uma Marielle Franco gigante desfilou na avenida&#8230;<a class=\"more-link\" href=\"http:\/\/blogdalucianaoliveira.com.br\/blog\/2020\/02\/22\/tom-maior-levou-uma-marielle-gigante-ao-anhembi-e-coisa-de-preto-%e2%9d%a4\/\">Continue a leitura <span class=\"meta-nav\">&raquo;<\/span><\/a><\/p>\n","protected":false},"author":1,"featured_media":0,"comment_status":"closed","ping_status":"open","sticky":false,"template":"","format":"standard","meta":{"_exactmetrics_skip_tracking":false,"_exactmetrics_sitenote_active":false,"_exactmetrics_sitenote_note":"","_exactmetrics_sitenote_category":0,"jetpack_post_was_ever_published":false,"_jetpack_newsletter_access":"","_jetpack_dont_email_post_to_subs":false,"_jetpack_newsletter_tier_id":0,"_jetpack_memberships_contains_paywalled_content":false,"_jetpack_memberships_contains_paid_content":false,"footnotes":"","jetpack_publicize_message":"","jetpack_publicize_feature_enabled":true,"jetpack_social_post_already_shared":true,"jetpack_social_options":{"image_generator_settings":{"template":"highway","enabled":false},"version":2}},"categories":[1],"tags":[],"class_list":["post-26616","post","type-post","status-publish","format-standard","hentry","category-notas"],"jetpack_publicize_connections":[],"jetpack_sharing_enabled":true,"jetpack_featured_media_url":"","jetpack_shortlink":"https:\/\/wp.me\/p7wKYW-6Vi","jetpack-related-posts":[],"_links":{"self":[{"href":"http:\/\/blogdalucianaoliveira.com.br\/blog\/wp-json\/wp\/v2\/posts\/26616","targetHints":{"allow":["GET"]}}],"collection":[{"href":"http:\/\/blogdalucianaoliveira.com.br\/blog\/wp-json\/wp\/v2\/posts"}],"about":[{"href":"http:\/\/blogdalucianaoliveira.com.br\/blog\/wp-json\/wp\/v2\/types\/post"}],"author":[{"embeddable":true,"href":"http:\/\/blogdalucianaoliveira.com.br\/blog\/wp-json\/wp\/v2\/users\/1"}],"replies":[{"embeddable":true,"href":"http:\/\/blogdalucianaoliveira.com.br\/blog\/wp-json\/wp\/v2\/comments?post=26616"}],"version-history":[{"count":1,"href":"http:\/\/blogdalucianaoliveira.com.br\/blog\/wp-json\/wp\/v2\/posts\/26616\/revisions"}],"predecessor-version":[{"id":26618,"href":"http:\/\/blogdalucianaoliveira.com.br\/blog\/wp-json\/wp\/v2\/posts\/26616\/revisions\/26618"}],"wp:attachment":[{"href":"http:\/\/blogdalucianaoliveira.com.br\/blog\/wp-json\/wp\/v2\/media?parent=26616"}],"wp:term":[{"taxonomy":"category","embeddable":true,"href":"http:\/\/blogdalucianaoliveira.com.br\/blog\/wp-json\/wp\/v2\/categories?post=26616"},{"taxonomy":"post_tag","embeddable":true,"href":"http:\/\/blogdalucianaoliveira.com.br\/blog\/wp-json\/wp\/v2\/tags?post=26616"}],"curies":[{"name":"wp","href":"https:\/\/api.w.org\/{rel}","templated":true}]}}