{"id":26619,"date":"2020-02-23T07:45:49","date_gmt":"2020-02-23T11:45:49","guid":{"rendered":"http:\/\/blogdalucianaoliveira.com.br\/blog\/?p=26619"},"modified":"2020-02-23T07:45:58","modified_gmt":"2020-02-23T11:45:58","slug":"simbolo-do-carnaval-trio-eletrico-chega-aos-70-espalhado-pelo-pais","status":"publish","type":"post","link":"http:\/\/blogdalucianaoliveira.com.br\/blog\/2020\/02\/23\/simbolo-do-carnaval-trio-eletrico-chega-aos-70-espalhado-pelo-pais\/","title":{"rendered":"S\u00edmbolo do Carnaval, trio el\u00e9trico chega aos 70 espalhado pelo pa\u00eds"},"content":{"rendered":"\n<figure class=\"wp-block-image size-large\"><img data-recalc-dims=\"1\" loading=\"lazy\" decoding=\"async\" width=\"600\" height=\"400\" data-attachment-id=\"26620\" data-permalink=\"http:\/\/blogdalucianaoliveira.com.br\/blog\/2020\/02\/23\/simbolo-do-carnaval-trio-eletrico-chega-aos-70-espalhado-pelo-pais\/image-53-3\/\" data-orig-file=\"https:\/\/i0.wp.com\/blogdalucianaoliveira.com.br\/blog\/wp-content\/uploads\/2020\/02\/image-53.jpeg?fit=768%2C512\" data-orig-size=\"768,512\" data-comments-opened=\"0\" data-image-meta=\"{&quot;aperture&quot;:&quot;0&quot;,&quot;credit&quot;:&quot;&quot;,&quot;camera&quot;:&quot;&quot;,&quot;caption&quot;:&quot;&quot;,&quot;created_timestamp&quot;:&quot;0&quot;,&quot;copyright&quot;:&quot;&quot;,&quot;focal_length&quot;:&quot;0&quot;,&quot;iso&quot;:&quot;0&quot;,&quot;shutter_speed&quot;:&quot;0&quot;,&quot;title&quot;:&quot;&quot;,&quot;orientation&quot;:&quot;0&quot;}\" data-image-title=\"image-53\" data-image-description=\"\" data-image-caption=\"\" data-medium-file=\"https:\/\/i0.wp.com\/blogdalucianaoliveira.com.br\/blog\/wp-content\/uploads\/2020\/02\/image-53.jpeg?fit=300%2C200\" data-large-file=\"https:\/\/i0.wp.com\/blogdalucianaoliveira.com.br\/blog\/wp-content\/uploads\/2020\/02\/image-53.jpeg?fit=600%2C400\" src=\"https:\/\/i0.wp.com\/blogdalucianaoliveira.com.br\/blog\/wp-content\/uploads\/2020\/02\/image-53.jpeg?resize=600%2C400\" alt=\"\" class=\"wp-image-26620\" srcset=\"https:\/\/i0.wp.com\/blogdalucianaoliveira.com.br\/blog\/wp-content\/uploads\/2020\/02\/image-53.jpeg?w=768 768w, https:\/\/i0.wp.com\/blogdalucianaoliveira.com.br\/blog\/wp-content\/uploads\/2020\/02\/image-53.jpeg?resize=300%2C200 300w, https:\/\/i0.wp.com\/blogdalucianaoliveira.com.br\/blog\/wp-content\/uploads\/2020\/02\/image-53.jpeg?resize=450%2C300 450w\" sizes=\"auto, (max-width: 600px) 100vw, 600px\" \/><\/figure>\n\n\n\n<p>Criado por Dod\u00f4 e Osmar Macedo, inova\u00e7\u00e3o se consagrou com surgimento da ax\u00e9 music nos anos 1980 em Salvador.<\/p>\n\n\n\n<!--more-->\n\n\n\n<p>Na Folha<\/p>\n\n\n\n<p>Uma gambiarra ligava os dois instrumentos a um gerador de dois quilowatts de um Ford T 1929. Em cima da carroceria, Adolfo do Nascimento, o Dod\u00f4, empunhava um viol\u00e3o. Osmar Macedo dedilhava um cavaquinho. A percuss\u00e3o foi no ch\u00e3o, acompanhando o cortejo a p\u00e9.<\/p>\n\n\n\n<p>O desfile aconteceu no Carnaval de 1951. Mas foi a data redonda de 1950 que ganhou a hist\u00f3ria como ano da cria\u00e7\u00e3o do trio el\u00e9trico, inven\u00e7\u00e3o que se tornaria uma das maiores revolu\u00e7\u00f5es no modo de se fazer Carnaval do Brasil.<\/p>\n\n\n\n<p>Depois de 70 anos, o trio adquiriu novos formatos e amplificou a pot\u00eancia. Tamb\u00e9m ganhou status de protagonista e \u00e9 presen\u00e7a certa nas festas \u2013das grandes metr\u00f3poles at\u00e9 pacatas cidades do interior.<\/p>\n\n\n\n<p>A hist\u00f3ria come\u00e7ou por acaso nos anos 1940, quando o eletrot\u00e9cnico Dod\u00f4 fez os primeiros experimentos para amplificar o viol\u00e3o. Por meio de um sistema de bobinas, passou a captar e amplificar o som na boca do instrumento. Mas a microfonia era um entrave \u00e0 qualidade sonora.<\/p>\n\n\n\n<p>O passo seguinte foi retirar o corpo do instrumento, mantendo apenas o bra\u00e7o, e ligar o sistema de amplifica\u00e7\u00e3o diretamente ao viol\u00e3o e ao cavaquinho. Estava criado o pau el\u00e9trico, instrumento considerado um dos precursores da guitarra baiana.<\/p>\n\n\n\n<p>Com os instrumentos eletrificados, Dod\u00f4 e Osmar formaram o conjunto Dupla El\u00e9trica. At\u00e9 que, ap\u00f3s um desfile de sucesso do grupo de frevo Vassourinhas em 1951, os dois m\u00fasicos resolveram testar o sistema de amplifica\u00e7\u00e3o de som e desfilaram em cima do carro, apelidado Fobica, pelas ruas do centro de Salvador.<\/p>\n\n\n\n<p>Acompanhado por uma multid\u00e3o, o desfile foi um sucesso. No ano seguinte, a dupla incorporou ao grupo o m\u00fasico Them\u00edstocles Arag\u00e3o, que tocava triolim. Estava criado o Trio El\u00e9trico.<\/p>\n\n\n\n<p>Nos carnavais seguintes, o trio trocou a Fobica para crescer. Em 1952, Dod\u00f4 e Osmar desfilaram em camionete&nbsp;<\/p>\n\n\n\n<p>Chrysler Fargo e levaram os percussionistas na carroceria. No ano seguinte, adaptaram um caminh\u00e3o maior e desfilaram com o patroc\u00ednio da marca de refrigerantes da Bahia.<\/p>\n\n\n\n<p>Com o sucesso, outros conjuntos musicais copiaram a iniciativa: \u201cQuando as pessoas viam os outros caminh\u00f5es na rua, j\u00e1 diziam \u2018l\u00e1 vem o outro trio el\u00e9trico\u201d, conta o guitarrista e compositor Armandinho Macedo, filho de Osmar.<\/p>\n\n\n\nhttps:\/\/tv.uol\/18LuR\n\n\n\n<p>No imagin\u00e1rio do baiano, trio el\u00e9trico passou a ser sin\u00f4nimo de qualquer ve\u00edculo carnavalesco com o som de seus instrumentos amplificado.<\/p>\n\n\n\n<p>A voz foi incorporada aos trios el\u00e9tricos definitivamente em 1975. Foi quando Moraes Moreira, j\u00e1 fora dos Novos Baianos, assumiu os microfones e cantou a m\u00fasica \u201cPombo Correio\u201d no trio de Dod\u00f4, Osmar e Armandinho.<\/p>\n\n\n\n<p>Depois, entraram instrumentos como baixo, bateria e teclado, j\u00e1 sob influ\u00eancia das bandas de rock. E os caminh\u00f5es carnavalescos come\u00e7aram a atingir outro patamar de qualidade.<\/p>\n\n\n\n<p>Esse avan\u00e7o aconteceu gra\u00e7as ao talento e persist\u00eancia de personagens como o como o construtor de trios Orlando Tapaj\u00f3s. Foi ele que em 1972 construiu o trio Tapaj\u00f3s, um dos primeiros depois de Dod\u00f4 e<\/p>\n\n\n\n<p>Osmar, e a ic\u00f4nica Caetanave, criada para homenagear Caetano Veloso.<\/p>\n\n\n\n<p>Os trios avan\u00e7aram, mas o frevo ainda era o principal ritmo carnavalesco em Salvador. At\u00e9 que, em 1985, uma inova\u00e7\u00e3o fez com que trio el\u00e9trico ganhasse ainda mais for\u00e7a.<\/p>\n\n\n\n<p>\u201cA gente tinha duas inven\u00e7\u00f5es maravilhosas: o trio el\u00e9trico e a guitarra baiana. Faltava uma m\u00fasica genuinamente baiana e foi a\u00ed que eu criei a ax\u00e9 music\u201d, afirma o cantor e compositor Luiz Caldas.<\/p>\n\n\n\n<p>Ele subiu em um trio el\u00e9trico pela primeira aos 16 anos na cidade de Ibicara\u00ed, sul da Bahia: \u201cFiquei maravilhado. Eu tocava nos bailes para 400, 800 pessoas. Quando eu subo no trio eu vejo 40 mil pessoas pulando\u201d, lembra.&nbsp;<\/p>\n\n\n\n<figure class=\"wp-block-image\"><img data-recalc-dims=\"1\" decoding=\"async\" src=\"https:\/\/i0.wp.com\/f.i.uol.com.br\/fotografia\/2020\/02\/22\/15823892655e515811c9fe4_1582389265_9x16_md.jpg?w=600&#038;ssl=1\" alt=\"\"\/><figcaption>Luiz Caldas, cantor e compositor que criou a ax\u00e9 music &#8211;&nbsp;Raul Spinass\u00e9\/Folhapress<\/figcaption><\/figure>\n\n\n\n<p>Com a explos\u00e3o do ax\u00e9 nos anos 1990, os trios el\u00e9tricos se profissionalizaram e se tornaram palco de inova\u00e7\u00f5es. Uma das pioneiras foi a cantora Daniela Mercury, primeira a levar m\u00fasica eletr\u00f4nica e at\u00e9 orquestra para cima do trio el\u00e9trico. Em 2000, ela mexeu na estrutura do trio criando mais um patamar, acima dos m\u00fasicos, que servisse como palco para bailarinos e bailarinas.<\/p>\n\n\n\n<p>Em meados dos anos 2000, trios como o Drag\u00e3o da Folia e o Maderada disputavam qual era o maior e mais potente. A partir dos anos 2010, contudo, o movimento foi contr\u00e1rio: os trios come\u00e7aram a diminuir para levar os artistas para mais perto do p\u00fablico.<\/p>\n\n\n\n<p>Dentre os novos trios, destacam-se o Pranch\u00e3o, no qual a banda fica na altura dos ombros do foli\u00e3o, e o Navio Pirata, trio compacto, mas com pot\u00eancia sonora, usado pela banda BaianaSystem.&nbsp;<\/p>\n\n\n\n<p>Com o avan\u00e7o do Carnaval de rua em cidades como S\u00e3o Paulo, Rio de Janeiro e Belo Horizonte, os trios el\u00e9tricos ganharam espa\u00e7o fora da Bahia. Tamb\u00e9m passaram a ser usados em protestos, com\u00edcios e at\u00e9 missas. Aos 70 anos, a m\u00e1quina idealizada por Dod\u00f4 e Osmar mant\u00e9m lugar de destaque no reinado de Momo.<\/p>\n","protected":false},"excerpt":{"rendered":"<p>Criado por Dod\u00f4 e Osmar Macedo, inova\u00e7\u00e3o se consagrou com surgimento da ax\u00e9 music nos anos 1980 em Salvador.<\/p>\n","protected":false},"author":1,"featured_media":0,"comment_status":"closed","ping_status":"open","sticky":false,"template":"","format":"standard","meta":{"_exactmetrics_skip_tracking":false,"_exactmetrics_sitenote_active":false,"_exactmetrics_sitenote_note":"","_exactmetrics_sitenote_category":0,"jetpack_post_was_ever_published":false,"_jetpack_newsletter_access":"","_jetpack_dont_email_post_to_subs":false,"_jetpack_newsletter_tier_id":0,"_jetpack_memberships_contains_paywalled_content":false,"_jetpack_memberships_contains_paid_content":false,"footnotes":"","jetpack_publicize_message":"","jetpack_publicize_feature_enabled":true,"jetpack_social_post_already_shared":true,"jetpack_social_options":{"image_generator_settings":{"template":"highway","enabled":false},"version":2}},"categories":[1],"tags":[],"class_list":["post-26619","post","type-post","status-publish","format-standard","hentry","category-notas"],"jetpack_publicize_connections":[],"jetpack_sharing_enabled":true,"jetpack_featured_media_url":"","jetpack_shortlink":"https:\/\/wp.me\/p7wKYW-6Vl","jetpack-related-posts":[],"_links":{"self":[{"href":"http:\/\/blogdalucianaoliveira.com.br\/blog\/wp-json\/wp\/v2\/posts\/26619","targetHints":{"allow":["GET"]}}],"collection":[{"href":"http:\/\/blogdalucianaoliveira.com.br\/blog\/wp-json\/wp\/v2\/posts"}],"about":[{"href":"http:\/\/blogdalucianaoliveira.com.br\/blog\/wp-json\/wp\/v2\/types\/post"}],"author":[{"embeddable":true,"href":"http:\/\/blogdalucianaoliveira.com.br\/blog\/wp-json\/wp\/v2\/users\/1"}],"replies":[{"embeddable":true,"href":"http:\/\/blogdalucianaoliveira.com.br\/blog\/wp-json\/wp\/v2\/comments?post=26619"}],"version-history":[{"count":1,"href":"http:\/\/blogdalucianaoliveira.com.br\/blog\/wp-json\/wp\/v2\/posts\/26619\/revisions"}],"predecessor-version":[{"id":26621,"href":"http:\/\/blogdalucianaoliveira.com.br\/blog\/wp-json\/wp\/v2\/posts\/26619\/revisions\/26621"}],"wp:attachment":[{"href":"http:\/\/blogdalucianaoliveira.com.br\/blog\/wp-json\/wp\/v2\/media?parent=26619"}],"wp:term":[{"taxonomy":"category","embeddable":true,"href":"http:\/\/blogdalucianaoliveira.com.br\/blog\/wp-json\/wp\/v2\/categories?post=26619"},{"taxonomy":"post_tag","embeddable":true,"href":"http:\/\/blogdalucianaoliveira.com.br\/blog\/wp-json\/wp\/v2\/tags?post=26619"}],"curies":[{"name":"wp","href":"https:\/\/api.w.org\/{rel}","templated":true}]}}