{"id":26628,"date":"2020-02-23T21:33:30","date_gmt":"2020-02-24T01:33:30","guid":{"rendered":"http:\/\/blogdalucianaoliveira.com.br\/blog\/?p=26628"},"modified":"2020-02-23T21:33:32","modified_gmt":"2020-02-24T01:33:32","slug":"engajamento-e-protestos-marcam-o-carnaval-2020-em-todo-o-pais","status":"publish","type":"post","link":"http:\/\/blogdalucianaoliveira.com.br\/blog\/2020\/02\/23\/engajamento-e-protestos-marcam-o-carnaval-2020-em-todo-o-pais\/","title":{"rendered":"Engajamento e protestos marcam o carnaval 2020 em todo o pa\u00eds"},"content":{"rendered":"\n<figure class=\"wp-block-image size-large\"><img data-recalc-dims=\"1\" loading=\"lazy\" decoding=\"async\" width=\"600\" height=\"400\" data-attachment-id=\"26629\" data-permalink=\"http:\/\/blogdalucianaoliveira.com.br\/blog\/2020\/02\/23\/engajamento-e-protestos-marcam-o-carnaval-2020-em-todo-o-pais\/image-56-3\/\" data-orig-file=\"https:\/\/i0.wp.com\/blogdalucianaoliveira.com.br\/blog\/wp-content\/uploads\/2020\/02\/image-56.jpeg?fit=800%2C533\" data-orig-size=\"800,533\" data-comments-opened=\"0\" data-image-meta=\"{&quot;aperture&quot;:&quot;0&quot;,&quot;credit&quot;:&quot;&quot;,&quot;camera&quot;:&quot;&quot;,&quot;caption&quot;:&quot;&quot;,&quot;created_timestamp&quot;:&quot;0&quot;,&quot;copyright&quot;:&quot;&quot;,&quot;focal_length&quot;:&quot;0&quot;,&quot;iso&quot;:&quot;0&quot;,&quot;shutter_speed&quot;:&quot;0&quot;,&quot;title&quot;:&quot;&quot;,&quot;orientation&quot;:&quot;0&quot;}\" data-image-title=\"image-56\" data-image-description=\"\" data-image-caption=\"\" data-medium-file=\"https:\/\/i0.wp.com\/blogdalucianaoliveira.com.br\/blog\/wp-content\/uploads\/2020\/02\/image-56.jpeg?fit=300%2C200\" data-large-file=\"https:\/\/i0.wp.com\/blogdalucianaoliveira.com.br\/blog\/wp-content\/uploads\/2020\/02\/image-56.jpeg?fit=600%2C400\" src=\"https:\/\/i0.wp.com\/blogdalucianaoliveira.com.br\/blog\/wp-content\/uploads\/2020\/02\/image-56.jpeg?resize=600%2C400\" alt=\"\" class=\"wp-image-26629\" srcset=\"https:\/\/i0.wp.com\/blogdalucianaoliveira.com.br\/blog\/wp-content\/uploads\/2020\/02\/image-56.jpeg?w=800 800w, https:\/\/i0.wp.com\/blogdalucianaoliveira.com.br\/blog\/wp-content\/uploads\/2020\/02\/image-56.jpeg?resize=300%2C200 300w, https:\/\/i0.wp.com\/blogdalucianaoliveira.com.br\/blog\/wp-content\/uploads\/2020\/02\/image-56.jpeg?resize=768%2C512 768w, https:\/\/i0.wp.com\/blogdalucianaoliveira.com.br\/blog\/wp-content\/uploads\/2020\/02\/image-56.jpeg?resize=450%2C300 450w\" sizes=\"auto, (max-width: 600px) 100vw, 600px\" \/><\/figure>\n\n\n\n<h4 class=\"wp-block-heading\">De norte a sul, escolas de samba e blocos de rua levantaram bandeira da cr\u00edtica pol\u00edtica e social neste fim de semana<\/h4>\n\n\n\n<!--more-->\n\n\n\n<p>Reda\u00e7\u00e3oBrasil de Fato |\u00a0<\/p>\n\n\n\n<p>Resistente e engajado, o carnaval 2020 foi inspirado nos desfiles cr\u00edticos dos anos 1980. A compara\u00e7\u00e3o, feita pelo soci\u00f3logo Tiaraju Pablo ao Brasil de Fato na segunda-feira (17), se confirmou neste fim de semana em todo o pa\u00eds, seja nos desfiles mais grandiosos ou nos bloquinhos de rua menos pretensiosos.&nbsp;<\/p>\n\n\n\n<p>&#8220;O samba sempre cumpriu um papel de contesta\u00e7\u00e3o e organiza\u00e7\u00e3o\u201d, avalia Tiaraju, professor da Universidade Federal de S\u00e3o Paulo (Unifesp) e fundador do Centro de Estudos Perif\u00e9ricos.<\/p>\n\n\n\n<p>Em S\u00e3o Paulo, por exemplo, a primeira noite de desfiles foi marcada por homenagens a personalidades negras importantes, que ajudaram a construir a hist\u00f3ria do pa\u00eds, e por manifesta\u00e7\u00f5es pol\u00edticas contr\u00e1rias ao governo de Jair Bolsonaro.<\/p>\n\n\n\n<figure class=\"wp-block-image\"><img decoding=\"async\" src=\"https:\/\/lh4.googleusercontent.com\/a8D9i8Ye6Aq5hSLDyvCqQ4cnnWXUjfaXoVh8_bfTI4lu1SyT_jPkcVOfVGG2nU1cEy0M-dckjy5AyUKmMc15zMCDhrdZX62PWoa5-jEjWgU1JSQJNpYR84Xqg8BSdDEvS520-Gs_\" alt=\"\"\/><\/figure>\n\n\n\n<p>Tom Maior dedicou um carro em homenagem \u00e0&nbsp;vereadora Marielle Franco e trouxe faixa com os dizeres &#8220;as minorias s\u00e3o a maioria&#8221; &#8211; Foto: Joyce Cury\/SPTuris<\/p>\n\n\n\n<p>Na segunda noite, o destaque ficou para temas como o protagonismo das mulheres. A Mocidade Alegre celebrou as orix\u00e1s femininas. Ob\u00e1, Oy\u00e1, Yab\u00e1 e Oxum foram apresentadas na avenida pela f\u00e9 em um mundo melhor atrav\u00e9s do empoderamento feminino.&nbsp;<\/p>\n\n\n\n<figure class=\"wp-block-image\"><img decoding=\"async\" src=\"https:\/\/lh4.googleusercontent.com\/tHyr5YVyCNPFu0j7wXBm6_wjAiuyZJmRKyL3lajyGSqkjPSZGPqvRxctsurw4XEjAmBHyyU5_ZBxH2B7TtCqn_TU7-3ywz3kuEFLdIA22ELwWtmhkNQiQrU1WFQvbX2GRwLby5Vq\" alt=\"\"\/><\/figure>\n\n\n\n<p>A escola Mocidade Alegre trouxe a for\u00e7a das orix\u00e1s e do povo negro para a avenida &#8211; Cr\u00e9ditos Jefferson Pancieri SPTuris<\/p>\n\n\n\n<p>Folia na periferia<\/p>\n\n\n\n<p>O Bloco Vem Para o Trem das Onze \u00e9 um&nbsp; dos 10 blocos do carnaval deste ano, na regi\u00e3o da Subprefeitura Ja\u00e7an\u00e3 Trememb\u00e9. Pela primeira vez, a cidade abrigou desfiles de blocos de carnaval em todas as 32 prefeituras regionais.&nbsp;<\/p>\n\n\n\n<p>Em 2020, de acordo com dados da Prefeitura, a quantidade de blocos cresceu 62% em rela\u00e7\u00e3o ao ano passado, passando de 490 para 796.&nbsp;<\/p>\n\n\n\n<p>No Ja\u00e7an\u00e3, \u00e9 \u201cum desafio atr\u00e1s do outro\u201d. O grupo de oito amigos come\u00e7ou com uma latinha de tinta na rua e dois foli\u00f5es. No segundo ano, em 2013, conseguiram uma estrutura \u201cum pouco melhor\u201d: um carrinho de feira com uma caixa de som.&nbsp;<\/p>\n\n\n\n<p>\u201cA ideia \u00e9 dar for\u00e7a \u00e0 comunidade, \u00e9 fazer o morador entender que no bairro \u00e9 poss\u00edvel fazer uma grande festa. Quando a festa chega no bairro e a comunidade se apropria fica t\u00e3o bonito quanto em qualquer outro lugar. \u00c9 importante isso acontecer na periferia. \u00c9 importante o morador entender que ele pode fazer parte disso, n\u00e3o s\u00f3 na televis\u00e3o\u201d, afirma Marina Moreno, de 45 anos, \u00e9 uma das oito fundadoras do grupo, que desfila todo s\u00e1bado de carnaval, \u00e0s 18h, no bairro da zona norte de S\u00e3o Paulo.&nbsp;<\/p>\n\n\n\n<figure class=\"wp-block-image\"><img decoding=\"async\" src=\"https:\/\/lh6.googleusercontent.com\/K1w2ruJh4ke5rGieKLJQENGZrK_tme0OGRTry6TLDy4HrRMH047Pfvtf9P0MF1w4cPKnEclY4UahxQpMhumlwCthT12TihNWWwYJk6m--3-puxqO20n91Se9eFuOV9bk--vE62Vg\" alt=\"\"\/><\/figure>\n\n\n\n<p><a href=\"https:\/\/www.brasildefato.com.br\/attachments\/eyJpZCI6IjkzN2QxODlhOGIyNDVjMGI4YzU3ZjEwZmNhMmE3MjkzLm1wMyIsInN0b3JhZ2UiOiJhdWRpb3MiLCJtZXRhZGF0YSI6eyJmaWxlbmFtZSI6IjIxLTAyLTIwIC0gQkxPQ09TIFBFUklGRVJJQSAtIE5BUkEgTEFDRVJEQSAtIEVTVEUubXAzIiwic2l6ZSI6NDM5ODA5NCwibWltZV90eXBlIjoiYXVkaW8vbXBlZyJ9fQ\"><strong><\/strong><\/a><\/p>\n\n\n\n<p>Pela primeira vez, a cidade paulistana ter\u00e1 desfiles de blocos de carnaval em todas as 32 prefeituras regionais &#8211; Caroline Oliveira<\/p>\n\n\n\n<p>Entre as vantagens dos bloquinhos da periferia, a seguran\u00e7a \u00e9 um ponto destacado por Wagner Ufracker da Silva, o &#8220;Z\u00e9 da Lua&#8221;, de 43 anos e fundador do Bloco do Bai\u00e3o, de S\u00e3o Miguel Paulista, regi\u00e3o leste de S\u00e3o Paulo.<\/p>\n\n\n\n<p>\u201c\u00c0s vezes estando na periferia, tem mais seguran\u00e7a do que ir para o centro da cidade, porque \u00e0s vezes voc\u00ea vai para o centro da cidade, tem arrast\u00e3o. E na periferia n\u00e3o se v\u00ea tanto isso, porque as pessoas respeitam, \u00e9 na comunidade\u201d, afirma Silva, que mora em S\u00e3o Miguel Paulista desde que nasceu. No dia que o bloco sai na ter\u00e7a-feira de carnaval, os integrantes colocam brinquedos, m\u00e1quinas de pipoca e de algod\u00e3o doce nas ruas, criando um ambiente familiar.&nbsp;<\/p>\n\n\n\n<p>O foco do Bloco do Bai\u00e3o \u00e9 a diversidade das periferias de S\u00e3o Paulo ao levar o forr\u00f3 para o carnaval. O bloco, que come\u00e7ou com cinco integrantes hoje tem cerca de 25, surgiu no centen\u00e1rio de Luiz Gonzaga, no dia 24 de junho de 2012, tamb\u00e9m dia de S\u00e3o Jo\u00e3o, na Pra\u00e7a do Forr\u00f3, em S\u00e3o Miguel Paulista, onde a concentra\u00e7\u00e3o de nordestinos \u00e9 expressiva.&nbsp;<\/p>\n\n\n\n<p>Em S\u00e3o Bernardo, crian\u00e7as engajadas&nbsp;<\/p>\n\n\n\n<p>\u201cComo voc\u00eas se atrevem?<\/p>\n\n\n\n<p>Apagar a minha hist\u00f3ria<\/p>\n\n\n\n<p>Limitar minha mem\u00f3ria<\/p>\n\n\n\n<p>Massacrar nossa na\u00e7\u00e3o\u201d<\/p>\n\n\n\n<p>A refer\u00eancia direta \u00e0 frase da jovem militante ambiental Greta Thumberg , Como voc\u00eas se atrevem, foi o fio condutor da folia do bloco EuRECA (Eu Reconhe\u00e7o o Estatuto da Crian\u00e7a e do Adolescente), que tomou as ruas de S\u00e3o Bernardo do Campo na sexta-feira (21).<\/p>\n\n\n\n<p>H\u00e1 quase tr\u00eas d\u00e9cadas o grupo se re\u00fane para brincar o Carnaval com reflex\u00f5es sobre os direitos da inf\u00e2ncia e da juventude. O enredo de 2020 dialoga diretamente com as preocupa\u00e7\u00f5es e questionamentos dos grupos de crian\u00e7as e adolescentes ligados ao bloco.<\/p>\n\n\n\n<figure class=\"wp-block-image\"><img decoding=\"async\" src=\"https:\/\/lh4.googleusercontent.com\/cfsY_tYcR3ves3DEIj-CoxNnjDBYZy6n4fpPIGRQ_433kUdGXLdztghHK74TNMhPIO3D_li-pMBVlHPh03IlAONhHIeP2rycee_mWEqTCYhQIXR8JcACVNvcC3dN0C-4JRbgi1iG\" alt=\"\"\/><\/figure>\n\n\n\n<p>Bloco EurECA tomou as ruas de S\u00e3o Bernardo do Campo, no ABC paulista &#8211; Nara Lacerda<\/p>\n\n\n\n<p>A quest\u00e3o ambiental tem caminhado para se tornar uma pauta da juventude global e rea\u00e7\u00e3o das ruas da cidade do ABC paulista comprovam esse cen\u00e1rio. Comerciantes e transeuntes pararam para ver o bloco passar e alguns se juntaram ao batuque.&nbsp;<\/p>\n\n\n\n<p>LGBT+ Contra Bolsonaro<\/p>\n\n\n\n<p>Muito glitter, car\u00e3o e resist\u00eancia. Assim foi a passagem do MinhoQueens pelas ruas do centro de S\u00e3o Paulo.&nbsp;O bloco saiu da esquina mais famosa da capital, Av. Ipiranga com Av. S\u00e3o Jo\u00e3o, neste s\u00e1bado (22), e arrastou milhares de pessoas embaladas por divas da m\u00fasica pop e por gritos de protestos contra o presidente Jair Bolsonaro.<\/p>\n\n\n\n<figure class=\"wp-block-image\"><img decoding=\"async\" src=\"https:\/\/lh3.googleusercontent.com\/nYfx6kkWxecEAvMpTm18HixJJfhozyADJWb9Ngf_0oapPcymthGpXYzzdutxopLcQsI_Ofi_jvaxX-PClEY-iQ5YmKsSTFCAxN7zdSgrANadkXtpGk4Ew8m6bmlxsBwKUozMOedS\" alt=\"\"\/><\/figure>\n\n\n\n<p>Yuri Oliveira de Almeida destacou que por conta do governo atual, estar em um bloco onde se sente acolhido \u00e9 fundamental &#8211; Sheila de Oliveira<\/p>\n\n\n\n<p>Vindo do Rio de Janeiro, Yuri Oliveira de Almeida destacou que por conta do atual governo de Bolsonaro, conhecido por declara\u00e7\u00f5es homof\u00f3bicas, estar em um bloco onde se sente representado e acolhido \u00e9 fundamental. &#8220;\u00c9 um espa\u00e7o de todos e todas\u201d, disse.<\/p>\n\n\n\n<p>Folia contra a homofobia tamb\u00e9m em Recife&nbsp;<\/p>\n\n\n\n<p>Em 2020, o Bloco a Diversidade completa 10 anos, sendo um dos pioneiros em levar no estandarte as pautas e as cores da luta LGBT em Pernambuco.&nbsp;<\/p>\n\n\n\n<p>Fundado por cinco mulheres, a primeira edi\u00e7\u00e3o do bloco saiu com o lema \u201cMinha cama, minha vida\u201d, brincando com o nome da ent\u00e3o pol\u00edtica social de moradia do governo Lula, &#8220;Minha casa, Minha Vida&#8221;, pautando direitos relacionados \u00e0 sexualidade e orienta\u00e7\u00e3o de g\u00eanero, e, a cada ano, um lema diferente levanta essas quest\u00f5es<\/p>\n\n\n\n<p>\u201cTodo ano o bloco traz um mote, um tema. No ano passado foi \u2018Ningu\u00e9m vai voltar para o arm\u00e1rio\u2019 e nesse ano \u00e9 o \u2018Terr\u00edvel \u00e9 a cara do preconceito\u2019, em cima dessa quest\u00e3o da LGBTfobia\u201d, explica Irene Freire, coordenadora do bloco.<\/p>\n\n\n\n<figure class=\"wp-block-image\"><img decoding=\"async\" src=\"https:\/\/lh4.googleusercontent.com\/lJXbnsiMw7urgqImEVnULYknWBxMGQ4RP6iXVM0RkWnTTxRJTuuru0iqlLbIzh-5RL9Vum244nU-uCfKlYx7480z2WCaUAau9f6Q6CVNIqL0axU_NDuD_lN8_NbYN8zcV3Hg6G2f\" alt=\"\"\/><\/figure>\n\n\n\n<p>No Recife, diversos blocos, tro\u00e7as e agremia\u00e7\u00f5es levam para as ruas todos os anos a luta e o combate ao preconceito &#8211; Divulga\u00e7\u00e3o<\/p>\n\n\n\n<p>No Bloco da Diversidade, as camisas s\u00e3o trocadas por dois quilos de alimento n\u00e3o perec\u00edvel. A proposta do bloco \u00e9 se juntar com a Articula\u00e7\u00e3o e Movimento de Travestis e Transexuais de Pernambuco (Amotrans-PE), a fim de doar os alimentos para pessoas trans em situa\u00e7\u00e3o de vulnerabilidade.&nbsp;<\/p>\n\n\n\n<p>Provoca\u00e7\u00e3o e engajamento na capital mineira&nbsp;<\/p>\n\n\n\n<p>Desde seu renascimento, o carnaval de Belo Horizonte se mistura com a pol\u00edtica. Proibido e desestimulado pela prefeitura nas gest\u00f5es de Marcio Lacerda (na \u00e9poca, do PSB), centenas de blocos de rua organizam a festa como uma forma de resist\u00eancia e pelo direito ao lazer e \u00e0 cidade.<\/p>\n\n\n\n<p>\u00c9 assim que nasce tamb\u00e9m o Bloco Tchanzinho Zona Norte, em 2013, homenageando o grupo \u00c9 o Tchan e denunciando as desigualdades regionais de uma Belo Horizonte focada no eixo Centro-Sul. Com muita ironia e bom humor, o contexto pol\u00edtico nacional tamb\u00e9m entra na mira do bloco que ano passado \u201cfoi para Cuba\u201d e, este o &#8220;tchanzinho Zona Norte ir\u00e1 ao fim da Terra Plana\u201d.<\/p>\n\n\n\n<figure class=\"wp-block-image\"><img decoding=\"async\" src=\"https:\/\/lh5.googleusercontent.com\/mS61d8zHTNFb4Q8xAqJ9n1HY_rJuSELQGis3g8PfGis7HEztODeyBpWsFsC3V_vX0FY-fIHx8HMRXWN2hag9NmSJWStUwRmyExR4ObaJhO_kfPYY0sle687y2xutmmAWgggMNRL0\" alt=\"bloco bh carnaval tchanzinho\"\/><\/figure>\n\n\n\n<p>Tchanzinho desfilou neste s\u00e1bado (22), \u00e0s 9h, na avenida Abrah\u00e3o Caram &#8211; Eliene Resende<\/p>\n\n\n\n<p>O tema denuncia a onda de not\u00edcias falsas (fake news) que tem assolado o pa\u00eds. O pr\u00f3prio bloco foi tamb\u00e9m alvo de fake News quando, em 2019, correu a not\u00edcia de que seu desfile tinha sido cancelado.<\/p>\n\n\n\n<p>Circuito Mangueirosa: o resgate do Carnaval de Bel\u00e9m do Par\u00e1<\/p>\n\n\n\n<p>Bel\u00e9m j\u00e1 figurou entre os maiores carnavais do Brasil e a valoriza\u00e7\u00e3o da cultura local \u00e9 prioridade do Circuito Mangueirosa O evento \u00e9 realizado na \u00e9poca do Carnaval por seis produtoras locais, que se uniram com o objetivo de resgatar o Carnaval paraense.<\/p>\n\n\n\n<p>Este ano s\u00e3o 50 atra\u00e7\u00f5es incluindo Piti\u00fa,&nbsp; Revoada e Banzeiro e a expectativa de p\u00fablico \u00e9 de que 60 mil pessoas participem. A organiza\u00e7\u00e3o diz que al\u00e9m de fortalecer a cultura, o evento gera 300 empregos diretos e 1,2 mil indiretos.<\/p>\n\n\n\n<figure class=\"wp-block-image\"><img decoding=\"async\" src=\"https:\/\/lh6.googleusercontent.com\/7clz49LuCkBJuVW5TGQ7vxx5dvihU90Yn-_O_APAHdI59pzBy59GBBupwpVRK9Bsuhv8jMgD0kShsPX-hu4edTHlfKnPQoUcP7PCEkNcKKEVwfCnk-KY5plZjsdwd97g6_gzCwxI\" alt=\"\"\/><\/figure>\n\n\n\n<p>O Carnaval do Circuito Mangueirosa come\u00e7a nesta sexta, dia 21, e segue at\u00e9 o dia 25 de fevereiro &#8211; Arquivo\/Circuito Mangueirosa<\/p>\n\n\n\n<p>Maur\u00edcio Viana, da Mel\u00e9 Produ\u00e7\u00f5es, uma das organizadoras do evento, conta que a ideia de criar o circuito surgiu quando as seis produtoras envolvidas decidiram fazer um grande festival no carnaval, justamente, incomodados, porque nessa \u00e9poca do ano, a cidade costumava ficar esvaziada por falta de op\u00e7\u00f5es culturais.<\/p>\n\n\n\n<p>&#8220;A gente est\u00e1 tentando fazer um carnaval paraense com atra\u00e7\u00f5es, m\u00fasicas paraenses priorizando a cultura do Par\u00e1. L\u00f3gico que a gente abre as portas para outros outros ritmos, outras refer\u00eancias, outros artistas de fora, outras m\u00fasicas. Mas a gente quer dar uma cara paraense para o carnaval paraense, porque o Par\u00e1 \u00e9 uma terra muito criativa, muito quente em v\u00e1rios e culturas. Ent\u00e3o, a gente est\u00e1 usando dessa cultura para fazer esse carnaval genuinamente paraense e eu acho que essa toda \u00e9 a diferen\u00e7a. O Carnaval da Bahia, a gente sabe como \u00e9; o Carnaval de Recife a gente sabe como \u00e9. Ent\u00e3o, a gente n\u00e3o queria ser s\u00f3 mais um Carnaval, sendo que a gente t\u00eam algo t\u00e3o rico aqui dentro na nossa terra&#8221;, pontua.<\/p>\n\n\n\n<p>Entre os ritmos do Carnaval de Bel\u00e9m est\u00e3o: brega, lambada, carimb\u00f3, batuques, carimb\u00f3 chamegado, fren\u00e9tico e muitos outros ritmos&nbsp;<\/p>\n\n\n\n<p>Em Porto Alegre, &#8220;N\u00e3o \u00e9 n\u00e3o!&#8221;&nbsp;<\/p>\n\n\n\n<p>A programa\u00e7\u00e3o do Carnaval de Rua 2020 de Porto Alegre come\u00e7ou neste final de semana com&nbsp; desfiles previstos at\u00e9 a primeira semana de mar\u00e7o, nos s\u00e1bados, domingos e segunda e ter\u00e7a-feira de Carnaval. Nos dois \u00faltimos dias, 7 e 8 de mar\u00e7o, os desfiles ser\u00e3o realizados na Orla do Gua\u00edba, pr\u00f3ximo \u00e0 Usina do Gas\u00f4metro.<\/p>\n\n\n\n<figure class=\"wp-block-image\"><img decoding=\"async\" src=\"https:\/\/lh6.googleusercontent.com\/voppi8uowZ1xIhhAO-dvouo1uY41z4-9NL7kUPHeag0zmvL5B8TebBNzeslWr3RqKbSg-MbQc1eXJGZ_XX7ThUcvrI2FANWwm8yGDOaXgPQLi_mfTMH4HV3X6R2t76FB1iXfnVnx\" alt=\"\"\/><\/figure>\n\n\n\n<p>Blocos saem na Cidade baixa e Orla do Gua\u00edba &#8211; Foto: Joel Vargas \/ PMPA<\/p>\n\n\n\n<p>Banheiros qu\u00edmicos foram&nbsp; disponibilizados ao longo do percurso. A estrutura conta tamb\u00e9m com bares e equipes de apoio, trio el\u00e9trico, ilumina\u00e7\u00e3o, seguran\u00e7a privada, limpeza, ambul\u00e2ncias UTI m\u00f3vel e brigadistas.<\/p>\n\n\n\n<p>Campanha N\u00e3o \u00e9 N\u00e3o!<\/p>\n\n\n\n<p>At\u00e9 o dia 29, a Diretoria da Divis\u00e3o de Prote\u00e7\u00e3o e Atendimento \u00e0 Mulher, em parceria com o Departamento de Pol\u00edtica para as Mulheres da Secretaria de Justi\u00e7a, Cidadania e Direitos Humanos, realizar\u00e1 a campanha de conscientiza\u00e7\u00e3o N\u00e3o \u00e9 N\u00e3o!, com o objetivo de conscientiza\u00e7\u00e3o e enfrentamento aos crimes de estupro e importuna\u00e7\u00e3o sexual.<\/p>\n\n\n\n<p>MST: Carnaval&nbsp;e Luta em Curitiba&nbsp;<\/p>\n\n\n\n<p>A rua Marechal Deodoro da Fonseca \u00e9 trajeto conhecido de quem participa de manifesta\u00e7\u00f5es p\u00fablicas no centro de Curitiba. Por ali, milhares de pessoas j\u00e1 tomaram o lugar dos autom\u00f3veis para erguer suas bandeiras por educa\u00e7\u00e3o p\u00fablica, pelo direito das mulheres, por #Elen\u00e3o e tantas outras. Seja em lutas junto \u00e0 popula\u00e7\u00e3o urbana, ou marchando por reforma agr\u00e1ria, camponeses e camponesas do Movimento dos Trabalhadores Rurais Sem Terra (MST) tamb\u00e9m conhecem aquele percurso.&nbsp;<\/p>\n\n\n\n<p>Neste domingo de Carnaval (23), a Marechal se transformou&nbsp;em \u201cavenida\u201d e uma multid\u00e3o se organizou&nbsp;em desfile, na maior festa popular do Brasil. A festa contou com cerca de 30 integrantes do MST de todas as regi\u00f5es do estado juntam sua alegria, cores e ritmos como parte dos 430 componentes da Escola de Samba Le\u00f5es da Mocidade.&nbsp;<\/p>\n\n\n\n<figure class=\"wp-block-image\"><img decoding=\"async\" src=\"https:\/\/lh4.googleusercontent.com\/vvhrrFk3wSTpQhrrsAxeGzZIpklYEVDu9-Y-NgXte9LYaWjmUkN2Hv6Bdr1abTRa9TPNjCdT89xHHzA2bXm2yAziQLdraSGMaSQ7zHC9wu5N1UJV0dtA4Pcv6Ci1Ddnj0mEh7OxL\" alt=\"\"\/><\/figure>\n\n\n\n<p>Escola de Samba Le\u00f5es da Mocidade re\u00fane 430 componentes &#8211; Valmir Fernandes &#8211; MST<\/p>\n\n\n\n<p>O grupo de Sem Terra est\u00e1 em Curitiba desde o dia 4 de fevereiro, no Curso de Forma\u00e7\u00e3o Pol\u00edtica do Carnaval. As forma\u00e7\u00f5es di\u00e1rias foram de teoria, hist\u00f3ria e t\u00e9cnicas musicais e art\u00edsticas, oficinas de confec\u00e7\u00e3o de alegorias e fantasias, at\u00e9 os ensaios junto aos demais integrantes da Le\u00f5es<\/p>\n\n\n\n<p>De norte a sul do Brasil, o MST brinca e constr\u00f3i o Carnaval, de diferentes formas, conforme realidade de cada regi\u00e3o. No caso do Paran\u00e1, Igor&nbsp;Igor de Nadai, educador e m\u00fasico do MST que integra a organiza\u00e7\u00e3o dos cursos e da batucada do movimento, explica que a op\u00e7\u00e3o tem sido por aprender e trocar experi\u00eancias com as Escolas.<\/p>\n\n\n\n<p>\u201cPara n\u00f3s, essa rela\u00e7\u00e3o do MST com as escolas de samba \u00e9 uma troca leg\u00edtima e necess\u00e1ria, de nos ensinar esse legado de conhecimento acumulado. \u00c9 tamb\u00e9m o momento em que o MST, n\u00f3s, Sem Terra, levamos a nossa voz, nossas demandas, as nossas caras, as nossas m\u00e3os, inclusive o barro que a gente carrega na sola do p\u00e9 pra avenida e pras Escolas de Samba\u201d.<\/p>\n\n\n\n<p>Rio de Janeiro &#8211; o samba de protesto<\/p>\n\n\n\n<p>A Esta\u00e7\u00e3o Primeira de Mangueira, que venceu o carnaval de 2019 com o refr\u00e3o &#8220;Brasil, chegou a vez de ouvir as Marias, Mahins, Marielles, mal\u00eas&#8221;. se apresenta agora como a \u201cEsta\u00e7\u00e3o Primeira de Nazar\u00e9\u201d, no \u201cA Verdade Vos Far\u00e1 Livre\u201d. O nome da m\u00fasica faz uma refer\u00eancia expl\u00edcita ao jarg\u00e3o utilizado pelo presidente Jair Bolsonaro, em sua campanha nas elei\u00e7\u00f5es de 2018: \u201cE conhecereis a verdade, e a verdade vos libertar\u00e1\u201d, Jo\u00e3o 8:32, da B\u00edblia Sagrada.&nbsp;<\/p>\n\n\n\n<figure class=\"wp-block-image\"><img decoding=\"async\" src=\"https:\/\/lh6.googleusercontent.com\/Qrbn7VmoN6TjK77pD2uy-rqH6ZwRB0MdMVuB5F87dGKvQWBq-638uJunOlgIhYPM9iS9c-GUY3RcmjGNaNvMw6RiE0N7MEsIyMIuJfjBUMMkCVkZqhMjdsaQ_twguYKyCvU0XqG6\" alt=\"Este ano, a verde e rosa se apresenta como a \u201cEsta\u00e7\u00e3o Primeira de Nazar\u00e9\u201d\"\/><\/figure>\n\n\n\n<p>Neste ano, a verde e rosa se apresenta como a \u201cEsta\u00e7\u00e3o Primeira de Nazar\u00e9\u201d &#8211; Carla de Souza\/AFP<\/p>\n\n\n\n<p>A vers\u00e3o da Mangueira, no entanto,&nbsp; traz um \u201cJesus da gente\u201d, de \u201crosto negro, sangue \u00edndio, corpo de mulher\u201d, filho de pai carpinteiro desempregado e de m\u00e3e Maria das Dores Brasil. O samba-enredo foi assinado por Manuela Oiticica, a Manu da Cu\u00edca \u2013 que emplacou a can\u00e7\u00e3o do carnaval deste ano \u2013 ao lado de Luiz Carlos M\u00e1ximo.<\/p>\n\n\n\n<p>\u201cSer\u00e1 que todo povo entendeu o meu recado? Porque de novo cravejaram o meu corpo, os profetas da intoler\u00e2ncia (\u2026) Favela, pega a vis\u00e3o, n\u00e3o tem futuro sem partilha nem Messias de arma na m\u00e3o\u201d, conforme trecho da letra.<\/p>\n\n\n\n<p>\u201cSe fala tanto em Cristo, mas onde ele estaria hoje? Onde ele teria nascido? Ele teria nascido pobre. Ele poderia ter nascido na Mangueira. Se ele tivesse nascido no Morro da Mangueira, como \u00e9 que seria sua hist\u00f3ria? O que o estado faz em geral com os jovens moradores de favela?&#8221;, avaliou&nbsp;Manu da Cu\u00edca, compositora do samba da mangueira, em entrevista ao Brasil de Fato.&nbsp;<\/p>\n\n\n\n<p>RJ: Enredo cr\u00edtico motiva grupo de acesso<\/p>\n\n\n\n<figure class=\"wp-block-image\"><img decoding=\"async\" src=\"https:\/\/lh6.googleusercontent.com\/S2FubksLfkHr2uTkhkHOWpGmhs1yWGc8F7xm7vDt0jTsnHfTqcwHkSuM3rDHjmljYJKZYTacubbAbckKVXSGOcpjYhhPMOyDBRnjPcRRbadSNbkfoxJgOpNqrFqxm76I5p-ylQqV\" alt=\"\"\/><\/figure>\n\n\n\n<p>Primeira escola a desfilar Na noite de sexta-feira dividiu a plateia entre aplausos e vaias &#8211; Foto: Reprodu\u00e7\u00e3o\/Twitter Reimont<\/p>\n\n\n\n<p>Logo na abertura do desfile da S\u00e9rie A (grupo de acesso) do Rio de Janeiro, na noite de sexta, 21, o presidente Bolsonaro recebeu sua primeira cr\u00edtica no Carnaval 2020 em samb\u00f3dromos. A escola carioca entrou na Sapuca\u00ed com o enredo &#8220;O conto do vig\u00e1rio&#8221;, e no final do desfile apresentou um boneco do palha\u00e7o Bozo com uma faixa presidencial e fazendo o s\u00edmbolo da &#8220;arminha&#8221;, gesto caracter\u00edstico de Jair Bolsonaro.<\/p>\n\n\n\n<p>Ao longo do desfile, a plateia se dividiu entre aplausos e vaias. O Carnaval deste ano promete ser um dos mais politizados dos \u00faltimos anos. Nas ruas, diversos blocos montaram suas apresenta\u00e7\u00f5es voltadas a cr\u00edticas ao atual governo.&nbsp;<\/p>\n\n\n\n<p>Depois da passagem do boneco, a ala &#8220;Bloco Sujo&#8221; fez uma homenagem aos blocos de rua que se manifestam contra o descaso do poder p\u00fablico. Os participantes estavam vestidos de marinheiro e melindrosa, carregavam estandartes com as palavras &#8220;Educa\u00e7\u00e3o&#8221;, &#8220;Cultura&#8221;, &#8220;Sa\u00fade&#8221; e &#8220;Democracia&#8221;.<\/p>\n\n\n\n<p>Edi\u00e7\u00e3o: Douglas Matos<a><\/a><a><\/a><a><\/a><a><\/a><a><br><\/a><\/p>\n\n\n\n<figure class=\"wp-block-image\"><a href=\"https:\/\/www.brasildefato.com.br\/\"><img decoding=\"async\" src=\"https:\/\/www.brasildefato.com.br\/assets\/logo-cc9788362536cad285deb33823817d2f8a92f8958ff654ae78d9b68c3efd5b3d.svg\" alt=\"Brasil de Fato\"\/><\/a><\/figure>\n\n\n\n<p><a rel=\"noreferrer noopener\" href=\"https:\/\/creativecommons.org\/licenses\/by-nd\/4.0\/deed.pt_BR\" target=\"_blank\">&nbsp;&nbsp;<\/a><\/p>\n\n\n\n<p><\/p>\n","protected":false},"excerpt":{"rendered":"<p>De norte a sul, escolas de samba e blocos de rua levantaram bandeira da cr\u00edtica pol\u00edtica e social neste fim de semana<\/p>\n","protected":false},"author":1,"featured_media":0,"comment_status":"closed","ping_status":"open","sticky":false,"template":"","format":"standard","meta":{"_exactmetrics_skip_tracking":false,"_exactmetrics_sitenote_active":false,"_exactmetrics_sitenote_note":"","_exactmetrics_sitenote_category":0,"jetpack_post_was_ever_published":false,"_jetpack_newsletter_access":"","_jetpack_dont_email_post_to_subs":false,"_jetpack_newsletter_tier_id":0,"_jetpack_memberships_contains_paywalled_content":false,"_jetpack_memberships_contains_paid_content":false,"footnotes":"","jetpack_publicize_message":"","jetpack_publicize_feature_enabled":true,"jetpack_social_post_already_shared":true,"jetpack_social_options":{"image_generator_settings":{"template":"highway","enabled":false},"version":2}},"categories":[1],"tags":[],"class_list":["post-26628","post","type-post","status-publish","format-standard","hentry","category-notas"],"jetpack_publicize_connections":[],"jetpack_sharing_enabled":true,"jetpack_featured_media_url":"","jetpack_shortlink":"https:\/\/wp.me\/p7wKYW-6Vu","jetpack-related-posts":[],"_links":{"self":[{"href":"http:\/\/blogdalucianaoliveira.com.br\/blog\/wp-json\/wp\/v2\/posts\/26628","targetHints":{"allow":["GET"]}}],"collection":[{"href":"http:\/\/blogdalucianaoliveira.com.br\/blog\/wp-json\/wp\/v2\/posts"}],"about":[{"href":"http:\/\/blogdalucianaoliveira.com.br\/blog\/wp-json\/wp\/v2\/types\/post"}],"author":[{"embeddable":true,"href":"http:\/\/blogdalucianaoliveira.com.br\/blog\/wp-json\/wp\/v2\/users\/1"}],"replies":[{"embeddable":true,"href":"http:\/\/blogdalucianaoliveira.com.br\/blog\/wp-json\/wp\/v2\/comments?post=26628"}],"version-history":[{"count":1,"href":"http:\/\/blogdalucianaoliveira.com.br\/blog\/wp-json\/wp\/v2\/posts\/26628\/revisions"}],"predecessor-version":[{"id":26630,"href":"http:\/\/blogdalucianaoliveira.com.br\/blog\/wp-json\/wp\/v2\/posts\/26628\/revisions\/26630"}],"wp:attachment":[{"href":"http:\/\/blogdalucianaoliveira.com.br\/blog\/wp-json\/wp\/v2\/media?parent=26628"}],"wp:term":[{"taxonomy":"category","embeddable":true,"href":"http:\/\/blogdalucianaoliveira.com.br\/blog\/wp-json\/wp\/v2\/categories?post=26628"},{"taxonomy":"post_tag","embeddable":true,"href":"http:\/\/blogdalucianaoliveira.com.br\/blog\/wp-json\/wp\/v2\/tags?post=26628"}],"curies":[{"name":"wp","href":"https:\/\/api.w.org\/{rel}","templated":true}]}}