{"id":26632,"date":"2020-02-24T07:09:19","date_gmt":"2020-02-24T11:09:19","guid":{"rendered":"http:\/\/blogdalucianaoliveira.com.br\/blog\/?p=26632"},"modified":"2020-02-24T07:09:32","modified_gmt":"2020-02-24T11:09:32","slug":"critica-ao-governo-e-politica-viram-temas-de-fantasias-de-carnaval-veja-fotos","status":"publish","type":"post","link":"http:\/\/blogdalucianaoliveira.com.br\/blog\/2020\/02\/24\/critica-ao-governo-e-politica-viram-temas-de-fantasias-de-carnaval-veja-fotos\/","title":{"rendered":"Cr\u00edtica ao governo e pol\u00edtica viram temas de fantasias de carnaval; veja fotos"},"content":{"rendered":"\n<figure class=\"wp-block-image size-large\"><img data-recalc-dims=\"1\" loading=\"lazy\" decoding=\"async\" width=\"600\" height=\"445\" data-attachment-id=\"26633\" data-permalink=\"http:\/\/blogdalucianaoliveira.com.br\/blog\/2020\/02\/24\/critica-ao-governo-e-politica-viram-temas-de-fantasias-de-carnaval-veja-fotos\/image-57-3\/\" data-orig-file=\"https:\/\/i0.wp.com\/blogdalucianaoliveira.com.br\/blog\/wp-content\/uploads\/2020\/02\/image-57.jpeg?fit=868%2C644\" data-orig-size=\"868,644\" data-comments-opened=\"0\" data-image-meta=\"{&quot;aperture&quot;:&quot;0&quot;,&quot;credit&quot;:&quot;&quot;,&quot;camera&quot;:&quot;&quot;,&quot;caption&quot;:&quot;&quot;,&quot;created_timestamp&quot;:&quot;0&quot;,&quot;copyright&quot;:&quot;&quot;,&quot;focal_length&quot;:&quot;0&quot;,&quot;iso&quot;:&quot;0&quot;,&quot;shutter_speed&quot;:&quot;0&quot;,&quot;title&quot;:&quot;&quot;,&quot;orientation&quot;:&quot;1&quot;}\" data-image-title=\"image-57\" data-image-description=\"\" data-image-caption=\"\" data-medium-file=\"https:\/\/i0.wp.com\/blogdalucianaoliveira.com.br\/blog\/wp-content\/uploads\/2020\/02\/image-57.jpeg?fit=300%2C223\" data-large-file=\"https:\/\/i0.wp.com\/blogdalucianaoliveira.com.br\/blog\/wp-content\/uploads\/2020\/02\/image-57.jpeg?fit=600%2C445\" src=\"https:\/\/i0.wp.com\/blogdalucianaoliveira.com.br\/blog\/wp-content\/uploads\/2020\/02\/image-57.jpeg?resize=600%2C445\" alt=\"\" class=\"wp-image-26633\" srcset=\"https:\/\/i0.wp.com\/blogdalucianaoliveira.com.br\/blog\/wp-content\/uploads\/2020\/02\/image-57.jpeg?w=868 868w, https:\/\/i0.wp.com\/blogdalucianaoliveira.com.br\/blog\/wp-content\/uploads\/2020\/02\/image-57.jpeg?resize=300%2C223 300w, https:\/\/i0.wp.com\/blogdalucianaoliveira.com.br\/blog\/wp-content\/uploads\/2020\/02\/image-57.jpeg?resize=768%2C570 768w, https:\/\/i0.wp.com\/blogdalucianaoliveira.com.br\/blog\/wp-content\/uploads\/2020\/02\/image-57.jpeg?resize=404%2C300 404w\" sizes=\"auto, (max-width: 600px) 100vw, 600px\" \/><\/figure>\n\n\n\n<p>Caso Queiroz voltou a ser satirizado<\/p>\n\n\n\n<p>Eleitores de Bolsonaro foram ironizados<\/p>\n\n\n\n<p>Falas do presidente viraram temas<\/p>\n\n\n\n<!--more-->\n\n\n\n<p>No Poder360<\/p>\n\n\n\n<p>A pol\u00edtica brasileira e cr\u00edticas ao governo do presidente Jair Bolsonaro foram temas de fantasias de diversas pessoas que foram aos blocos de Carnaval em 2020.<\/p>\n\n\n\n<p>Os ministros Paulo Guedes (Economia) e Damares Alves (Mulher, da Fam\u00edlia e dos Direitos Humanos) foram lembrados. O ministro por sua&nbsp;<a href=\"https:\/\/www.poder360.com.br\/economia\/com-dolar-baixo-empregada-domestica-ia-para-a-disney-diz-guedes\/\" target=\"_blank\" rel=\"noreferrer noopener\">fala contra o d\u00f3lar baixo<\/a>&nbsp;e a ministra por sua campanha&nbsp;<a href=\"https:\/\/www.poder360.com.br\/governo\/ministra-damares-lanca-campanha-para-evitar-gravidez-na-adolescencia\/\" target=\"_blank\" rel=\"noreferrer noopener\">a favor abstin\u00eancia sexual<\/a>.<\/p>\n\n\n\n<p>O caso de Fabr\u00edcio Queiroz, ex-assessor do senador Fl\u00e1vio Bolsonaro (PSL-RJ), \u2013investigado ap\u00f3s\u00a0<a rel=\"noreferrer noopener\" href=\"https:\/\/www.poder360.com.br\/justica\/relatorio-do-coaf-leva-a-22-investigacoes-do-mp-rj-na-alerj\/\" target=\"_blank\">relat\u00f3rio do Coaf<\/a>(Conselho de Controle de Atividades Financeiras) apresentar a movimenta\u00e7\u00e3o de R$ 1,2 milh\u00e3o de 2016 a 2017\u2013 voltou a ser satirizado em diversas fantasias. Assim como a\u00a0<a rel=\"noreferrer noopener\" href=\"https:\/\/www.poder360.com.br\/justica\/pf-abre-inquerito-sobre-suspeitas-de-candidaturas-laranjas-do-psl-em-minas\/\" target=\"_blank\">suspeita de candidaturas laranjas do PSL em Minas Gerais<\/a>, investigada pela PF (Pol\u00edcia Federal) e do MPF-MG (Minist\u00e9rio P\u00fablico Federal de Minas Gerais).<\/p>\n\n\n\n<p>Al\u00e9m disso, as fantasias satirizam as&nbsp;<a href=\"https:\/\/www.poder360.com.br\/justica\/justica-do-rio-paralisa-investigacao-contra-socio-de-flavio-bolsonaro\/\" target=\"_blank\" rel=\"noreferrer noopener\">investiga\u00e7\u00f5es contra o senador Fl\u00e1vio Bolsonaro (Sem partido-RJ)<\/a>&nbsp;e os eleitores&nbsp;<em>\u201carrependidos\u201d<\/em>&nbsp;do presidente.<\/p>\n\n\n\n<p>As falas de Bolsonaro tamb\u00e9m provocou criatividade nos foli\u00f5es, como quando o presidente&nbsp;<a href=\"https:\/\/www.poder360.com.br\/governo\/reveja-os-5-videos-em-que-jair-bolsonaro-fala-sobre-coco\/\" target=\"_blank\" rel=\"noreferrer noopener\">usou o termo \u201ccoc\u00f4\u201d<\/a>.<\/p>\n\n\n\n<p>Eis algumas fotos publicadas nas redes sociais:<a href=\"https:\/\/www.poder360.com.br\/brasil\/critica-ao-governo-e-politica-viram-temas-de-fantasias-de-carnaval-veja-fotos\/#gallery-modal-435629\">Fantasias de Carnal cr\u00edticas \u00e0 pol\u00edti&#8230;&nbsp;&nbsp;17 FotosVeja a galeria completa\u203a<\/a><\/p>\n\n\n\n<p><\/p>\n","protected":false},"excerpt":{"rendered":"<p>Caso Queiroz voltou a ser satirizado Eleitores de Bolsonaro foram ironizados Falas do presidente viraram temas<\/p>\n","protected":false},"author":1,"featured_media":0,"comment_status":"closed","ping_status":"open","sticky":false,"template":"","format":"standard","meta":{"_exactmetrics_skip_tracking":false,"_exactmetrics_sitenote_active":false,"_exactmetrics_sitenote_note":"","_exactmetrics_sitenote_category":0,"jetpack_post_was_ever_published":false,"_jetpack_newsletter_access":"","_jetpack_dont_email_post_to_subs":false,"_jetpack_newsletter_tier_id":0,"_jetpack_memberships_contains_paywalled_content":false,"_jetpack_memberships_contains_paid_content":false,"footnotes":"","jetpack_publicize_message":"","jetpack_publicize_feature_enabled":true,"jetpack_social_post_already_shared":true,"jetpack_social_options":{"image_generator_settings":{"template":"highway","enabled":false},"version":2}},"categories":[1],"tags":[],"class_list":["post-26632","post","type-post","status-publish","format-standard","hentry","category-notas"],"jetpack_publicize_connections":[],"jetpack_sharing_enabled":true,"jetpack_featured_media_url":"","jetpack_shortlink":"https:\/\/wp.me\/p7wKYW-6Vy","jetpack-related-posts":[],"_links":{"self":[{"href":"http:\/\/blogdalucianaoliveira.com.br\/blog\/wp-json\/wp\/v2\/posts\/26632","targetHints":{"allow":["GET"]}}],"collection":[{"href":"http:\/\/blogdalucianaoliveira.com.br\/blog\/wp-json\/wp\/v2\/posts"}],"about":[{"href":"http:\/\/blogdalucianaoliveira.com.br\/blog\/wp-json\/wp\/v2\/types\/post"}],"author":[{"embeddable":true,"href":"http:\/\/blogdalucianaoliveira.com.br\/blog\/wp-json\/wp\/v2\/users\/1"}],"replies":[{"embeddable":true,"href":"http:\/\/blogdalucianaoliveira.com.br\/blog\/wp-json\/wp\/v2\/comments?post=26632"}],"version-history":[{"count":1,"href":"http:\/\/blogdalucianaoliveira.com.br\/blog\/wp-json\/wp\/v2\/posts\/26632\/revisions"}],"predecessor-version":[{"id":26634,"href":"http:\/\/blogdalucianaoliveira.com.br\/blog\/wp-json\/wp\/v2\/posts\/26632\/revisions\/26634"}],"wp:attachment":[{"href":"http:\/\/blogdalucianaoliveira.com.br\/blog\/wp-json\/wp\/v2\/media?parent=26632"}],"wp:term":[{"taxonomy":"category","embeddable":true,"href":"http:\/\/blogdalucianaoliveira.com.br\/blog\/wp-json\/wp\/v2\/categories?post=26632"},{"taxonomy":"post_tag","embeddable":true,"href":"http:\/\/blogdalucianaoliveira.com.br\/blog\/wp-json\/wp\/v2\/tags?post=26632"}],"curies":[{"name":"wp","href":"https:\/\/api.w.org\/{rel}","templated":true}]}}