{"id":26635,"date":"2020-02-24T07:16:55","date_gmt":"2020-02-24T11:16:55","guid":{"rendered":"http:\/\/blogdalucianaoliveira.com.br\/blog\/?p=26635"},"modified":"2020-02-24T07:17:02","modified_gmt":"2020-02-24T11:17:02","slug":"globo-foge-da-polemica-e-nao-fala-do-messias-de-arma-na-mao-da-mangueira","status":"publish","type":"post","link":"http:\/\/blogdalucianaoliveira.com.br\/blog\/2020\/02\/24\/globo-foge-da-polemica-e-nao-fala-do-messias-de-arma-na-mao-da-mangueira\/","title":{"rendered":"Globo foge da pol\u00eamica e n\u00e3o fala do &#8220;Messias de arma na m\u00e3o&#8221; da Mangueira"},"content":{"rendered":"\n<figure class=\"wp-block-image size-large\"><img data-recalc-dims=\"1\" loading=\"lazy\" decoding=\"async\" width=\"600\" height=\"434\" data-attachment-id=\"26636\" data-permalink=\"http:\/\/blogdalucianaoliveira.com.br\/blog\/2020\/02\/24\/globo-foge-da-polemica-e-nao-fala-do-messias-de-arma-na-mao-da-mangueira\/612366c6-46d7-41c0-8c23-64fe8153a44d\/\" data-orig-file=\"https:\/\/i0.wp.com\/blogdalucianaoliveira.com.br\/blog\/wp-content\/uploads\/2020\/02\/612366C6-46D7-41C0-8C23-64FE8153A44D.jpeg?fit=750%2C543\" data-orig-size=\"750,543\" data-comments-opened=\"0\" data-image-meta=\"{&quot;aperture&quot;:&quot;0&quot;,&quot;credit&quot;:&quot;&quot;,&quot;camera&quot;:&quot;&quot;,&quot;caption&quot;:&quot;&quot;,&quot;created_timestamp&quot;:&quot;0&quot;,&quot;copyright&quot;:&quot;&quot;,&quot;focal_length&quot;:&quot;0&quot;,&quot;iso&quot;:&quot;0&quot;,&quot;shutter_speed&quot;:&quot;0&quot;,&quot;title&quot;:&quot;&quot;,&quot;orientation&quot;:&quot;0&quot;}\" data-image-title=\"612366C6-46D7-41C0-8C23-64FE8153A44D\" data-image-description=\"\" data-image-caption=\"\" data-medium-file=\"https:\/\/i0.wp.com\/blogdalucianaoliveira.com.br\/blog\/wp-content\/uploads\/2020\/02\/612366C6-46D7-41C0-8C23-64FE8153A44D.jpeg?fit=300%2C217\" data-large-file=\"https:\/\/i0.wp.com\/blogdalucianaoliveira.com.br\/blog\/wp-content\/uploads\/2020\/02\/612366C6-46D7-41C0-8C23-64FE8153A44D.jpeg?fit=600%2C434\" src=\"https:\/\/i0.wp.com\/blogdalucianaoliveira.com.br\/blog\/wp-content\/uploads\/2020\/02\/612366C6-46D7-41C0-8C23-64FE8153A44D.jpeg?resize=600%2C434\" alt=\"\" class=\"wp-image-26636\" srcset=\"https:\/\/i0.wp.com\/blogdalucianaoliveira.com.br\/blog\/wp-content\/uploads\/2020\/02\/612366C6-46D7-41C0-8C23-64FE8153A44D.jpeg?w=750 750w, https:\/\/i0.wp.com\/blogdalucianaoliveira.com.br\/blog\/wp-content\/uploads\/2020\/02\/612366C6-46D7-41C0-8C23-64FE8153A44D.jpeg?resize=300%2C217 300w, https:\/\/i0.wp.com\/blogdalucianaoliveira.com.br\/blog\/wp-content\/uploads\/2020\/02\/612366C6-46D7-41C0-8C23-64FE8153A44D.jpeg?resize=414%2C300 414w\" sizes=\"auto, (max-width: 600px) 100vw, 600px\" \/><\/figure>\n\n\n\n<p><br>Mauricio Stycer, Colunista do UOL &#8211; Terceira escola a entrar neste domingo na Sapuca\u00ed, a Mangueira defendeu o t\u00edtulo conquistado em 2019 com uma\u00a0<a rel=\"noreferrer noopener\" href=\"https:\/\/www.uol.com.br\/carnaval\/2020\/noticias\/redacao\/2020\/02\/23\/mangueira-desfile.htm\" target=\"_blank\">mensagem forte, repleta de conex\u00f5es com os dias atuais.<\/a>\u00a0O samba-enredo &#8220;A Verdade vos Far\u00e1 Livre&#8221; narrou a trajet\u00f3ria de Cristo fazendo uma cr\u00edtica que, na vis\u00e3o de muitos, dirigia-se ao presidente\u00a0<a href=\"https:\/\/noticias.uol.com.br\/politica\/governo-bolsonaro\/\">Jair Bolsonaro<\/a>, \u00e0 mistura de religi\u00e3o com pol\u00edtica e a quem manifesta intoler\u00e2ncia religiosa.<\/p>\n\n\n\n<!--more-->\n\n\n\n<p>O mote da escola foi um Cristo &#8220;da gente&#8221;, com &#8220;rosto negro, sangue \u00edndio, corpo de mulher&#8221;, que passa por agruras e se pergunta se a sua mensagem \u00e9 compreendida. Versos falam de &#8220;opress\u00e3o&#8221; e &#8220;profetas da intoler\u00e2ncia&#8221;. No trecho mais forte, a Mangueira cantou: &#8220;Favela, pega a vis\u00e3o\/ N\u00e3o tem futuro sem partilha\/Nem Messias de arma na m\u00e3o&#8221;.<\/p>\n\n\n\n<p>A transmiss\u00e3o da Globo, comandada por Alex Escobar e F\u00e1tima Bernardes, foi bem contida na interpreta\u00e7\u00e3o deste desfile da escola. Em momento algum mencionaram os versos mais pol\u00eamicos, nem mesmo para dizer que, segundo os autores, n\u00e3o \u00e9 uma refer\u00eancia a Bolsonaro.<\/p>\n\n\n\n<p>A presen\u00e7a de Humberto Carr\u00e3o, um ator da Globo, no papel do Cristo revoltado com o com\u00e9rcio da f\u00e9, tamb\u00e9m n\u00e3o estimulou a equipe da emissora no\u00a0<a href=\"https:\/\/www.uol.com.br\/carnaval\/\">Carnaval<\/a>\u00a0a algum coment\u00e1rio mais ousado. O trio se limitou a descrever o sentido hist\u00f3rico da mensagem.<br><br>Ap\u00f3s o desfile, entrevistado por F\u00e1tima no est\u00fadio da emissora, Carr\u00e3o at\u00e9 tentou trazer o assunto a baila, fazendo uma ironia sobre o que representou na avenida: &#8220;Muita gente usando da f\u00e9 como projeto de poder, coisa que a gente v\u00ea pouco hoje em dia.&#8221; Mas a apresentadora n\u00e3o deu conversa e partiu para outra entrevista.<\/p>\n\n\n\n<p>\u00c9 verdade que Escobar, Fatima e Milton Cunha fizerem men\u00e7\u00f5es ao teor feminista do desfile &#8211; um dos Cristos foi representado por uma mulher,&nbsp;<a href=\"https:\/\/noticias.uol.com.br\/colunas\/chico-alves\/2020\/02\/22\/feminista-e-politizada-rainha-de-bateria-da-mangueira-quebra-esterotipos.htm\" target=\"_blank\" rel=\"noreferrer noopener\">a rainha da bateria Evelyn Bastos<\/a>, e o samba dizia que &#8220;Minha m\u00e3e \u00e9 Maria das Dores Brasil&#8221;. Tamb\u00e9m enxergaram, porque era imposs\u00edvel n\u00e3o ver, as conex\u00f5es com a realidade propostas pela comiss\u00e3o de frente.<br><br>A equipe tamb\u00e9m falou da atualidade da ala &#8220;Bandido Bom \u00e9 Bandido Morto&#8221;, que retratou as principais v\u00edtimas da viol\u00eancia no Brasil, jovens pobres e negros, assim como o carro &#8220;O Calv\u00e1rio&#8221;, que trouxe como destaque um jovem crucificado de cabelo platinado.<\/p>\n\n\n\n<p>Diante de uma transmiss\u00e3o t\u00edmida, aqu\u00e9m da for\u00e7a do que foi visto pelo p\u00fablico, os versos da Mangueira parecem prof\u00e9ticos: &#8220;Mas ser\u00e1 que todo povo entendeu o meu recado? \/ Porque de novo cravejaram o meu corpo \/ Os profetas da intoler\u00e2ncia \/Sem saber que a esperan\u00e7a \/Brilha mais que a escurid\u00e3o&#8221;.<\/p>\n","protected":false},"excerpt":{"rendered":"<p>Mauricio Stycer, Colunista do UOL &#8211; Terceira escola a entrar neste domingo na Sapuca\u00ed, a Mangueira defendeu o t\u00edtulo conquistado em 2019 com uma\u00a0mensagem forte, repleta de conex\u00f5es com os dias atuais.\u00a0O samba-enredo &#8220;A Verdade vos Far\u00e1 Livre&#8221; narrou a trajet\u00f3ria de Cristo fazendo uma cr\u00edtica que, na vis\u00e3o de muitos, dirigia-se ao presidente\u00a0Jair Bolsonaro,&#8230;<a class=\"more-link\" href=\"http:\/\/blogdalucianaoliveira.com.br\/blog\/2020\/02\/24\/globo-foge-da-polemica-e-nao-fala-do-messias-de-arma-na-mao-da-mangueira\/\">Continue a leitura <span class=\"meta-nav\">&raquo;<\/span><\/a><\/p>\n","protected":false},"author":1,"featured_media":0,"comment_status":"closed","ping_status":"open","sticky":false,"template":"","format":"standard","meta":{"_exactmetrics_skip_tracking":false,"_exactmetrics_sitenote_active":false,"_exactmetrics_sitenote_note":"","_exactmetrics_sitenote_category":0,"jetpack_post_was_ever_published":false,"_jetpack_newsletter_access":"","_jetpack_dont_email_post_to_subs":false,"_jetpack_newsletter_tier_id":0,"_jetpack_memberships_contains_paywalled_content":false,"_jetpack_memberships_contains_paid_content":false,"footnotes":"","jetpack_publicize_message":"","jetpack_publicize_feature_enabled":true,"jetpack_social_post_already_shared":true,"jetpack_social_options":{"image_generator_settings":{"template":"highway","enabled":false},"version":2}},"categories":[1],"tags":[],"class_list":["post-26635","post","type-post","status-publish","format-standard","hentry","category-notas"],"jetpack_publicize_connections":[],"jetpack_sharing_enabled":true,"jetpack_featured_media_url":"","jetpack_shortlink":"https:\/\/wp.me\/p7wKYW-6VB","jetpack-related-posts":[],"_links":{"self":[{"href":"http:\/\/blogdalucianaoliveira.com.br\/blog\/wp-json\/wp\/v2\/posts\/26635","targetHints":{"allow":["GET"]}}],"collection":[{"href":"http:\/\/blogdalucianaoliveira.com.br\/blog\/wp-json\/wp\/v2\/posts"}],"about":[{"href":"http:\/\/blogdalucianaoliveira.com.br\/blog\/wp-json\/wp\/v2\/types\/post"}],"author":[{"embeddable":true,"href":"http:\/\/blogdalucianaoliveira.com.br\/blog\/wp-json\/wp\/v2\/users\/1"}],"replies":[{"embeddable":true,"href":"http:\/\/blogdalucianaoliveira.com.br\/blog\/wp-json\/wp\/v2\/comments?post=26635"}],"version-history":[{"count":1,"href":"http:\/\/blogdalucianaoliveira.com.br\/blog\/wp-json\/wp\/v2\/posts\/26635\/revisions"}],"predecessor-version":[{"id":26637,"href":"http:\/\/blogdalucianaoliveira.com.br\/blog\/wp-json\/wp\/v2\/posts\/26635\/revisions\/26637"}],"wp:attachment":[{"href":"http:\/\/blogdalucianaoliveira.com.br\/blog\/wp-json\/wp\/v2\/media?parent=26635"}],"wp:term":[{"taxonomy":"category","embeddable":true,"href":"http:\/\/blogdalucianaoliveira.com.br\/blog\/wp-json\/wp\/v2\/categories?post=26635"},{"taxonomy":"post_tag","embeddable":true,"href":"http:\/\/blogdalucianaoliveira.com.br\/blog\/wp-json\/wp\/v2\/tags?post=26635"}],"curies":[{"name":"wp","href":"https:\/\/api.w.org\/{rel}","templated":true}]}}