{"id":26638,"date":"2020-02-24T07:20:18","date_gmt":"2020-02-24T11:20:18","guid":{"rendered":"http:\/\/blogdalucianaoliveira.com.br\/blog\/?p=26638"},"modified":"2020-02-24T07:20:29","modified_gmt":"2020-02-24T11:20:29","slug":"em-desfile-engajado-mangueira-critica-fundamentalismo-bolsonarista","status":"publish","type":"post","link":"http:\/\/blogdalucianaoliveira.com.br\/blog\/2020\/02\/24\/em-desfile-engajado-mangueira-critica-fundamentalismo-bolsonarista\/","title":{"rendered":"Em desfile engajado, Mangueira critica fundamentalismo bolsonarista"},"content":{"rendered":"\n<figure class=\"wp-block-image size-large\"><img data-recalc-dims=\"1\" loading=\"lazy\" decoding=\"async\" width=\"500\" height=\"240\" data-attachment-id=\"26639\" data-permalink=\"http:\/\/blogdalucianaoliveira.com.br\/blog\/2020\/02\/24\/em-desfile-engajado-mangueira-critica-fundamentalismo-bolsonarista\/image-6-6\/\" data-orig-file=\"https:\/\/i0.wp.com\/blogdalucianaoliveira.com.br\/blog\/wp-content\/uploads\/2020\/02\/image-6.png?fit=500%2C240\" data-orig-size=\"500,240\" data-comments-opened=\"0\" data-image-meta=\"{&quot;aperture&quot;:&quot;0&quot;,&quot;credit&quot;:&quot;&quot;,&quot;camera&quot;:&quot;&quot;,&quot;caption&quot;:&quot;&quot;,&quot;created_timestamp&quot;:&quot;0&quot;,&quot;copyright&quot;:&quot;&quot;,&quot;focal_length&quot;:&quot;0&quot;,&quot;iso&quot;:&quot;0&quot;,&quot;shutter_speed&quot;:&quot;0&quot;,&quot;title&quot;:&quot;&quot;,&quot;orientation&quot;:&quot;0&quot;}\" data-image-title=\"image-6\" data-image-description=\"\" data-image-caption=\"\" data-medium-file=\"https:\/\/i0.wp.com\/blogdalucianaoliveira.com.br\/blog\/wp-content\/uploads\/2020\/02\/image-6.png?fit=300%2C144\" data-large-file=\"https:\/\/i0.wp.com\/blogdalucianaoliveira.com.br\/blog\/wp-content\/uploads\/2020\/02\/image-6.png?fit=500%2C240\" src=\"https:\/\/i0.wp.com\/blogdalucianaoliveira.com.br\/blog\/wp-content\/uploads\/2020\/02\/image-6.png?resize=500%2C240\" alt=\"\" class=\"wp-image-26639\" srcset=\"https:\/\/i0.wp.com\/blogdalucianaoliveira.com.br\/blog\/wp-content\/uploads\/2020\/02\/image-6.png?w=500 500w, https:\/\/i0.wp.com\/blogdalucianaoliveira.com.br\/blog\/wp-content\/uploads\/2020\/02\/image-6.png?resize=300%2C144 300w\" sizes=\"auto, (max-width: 500px) 100vw, 500px\" \/><\/figure>\n\n\n\n<p><strong>247 \u2013\u00a0<\/strong>Atual campe\u00e3 do carnaval carioca, a Mangueira fez um desfile nesta noite com cr\u00edtica clara a Jair Bolsonaro, aos falsos profetas e ao fundamentalismo religioso. Com um Jesus mostrado com rosto negro, sangue \u00edndio e corpo de mulher, a Mangueira criticou os &#8220;profetas da intoler\u00e2ncia&#8221;. <\/p>\n\n\n\n<!--more-->\n\n\n\n<p><br>O fundamentalismo crist\u00e3o entrou na mira, segundo\u00a0<a rel=\"noreferrer noopener\" target=\"_blank\" href=\"https:\/\/www.uol.com.br\/carnaval\/2020\/noticias\/redacao\/2020\/02\/23\/mangueira-desfile.htm\">reportagem<\/a>\u00a0do Uol. &#8220;N\u00e3o tem futuro sem partilha nem messias de arma na m\u00e3o&#8221;, cantaram os integrantes, em alus\u00e3o ao presidente. Confira abaixo o samba enredo:<\/p>\n\n\n\n<p><strong>A Verdade vos Far\u00e1 Livre<\/strong><\/p>\n\n\n\n<p><strong>Compositores Manu da Cu\u00edca e Luiz Carlos M\u00e1ximo<\/strong><\/p>\n\n\n\n<p><strong>Int\u00e9rprete Marquinho Art&#8217;Samba<\/strong><\/p>\n\n\n\n<p>Eu sou da Esta\u00e7\u00e3o Primeira de Nazar\u00e9<\/p>\n\n\n\n<p>Rosto negro, sangue \u00edndio, corpo de mulher<\/p>\n\n\n\n<p>Moleque pelintra do buraco quente<\/p>\n\n\n\n<p>Meu nome \u00e9 Jesus da gente<\/p>\n\n\n\n<p>Nasci de peito aberto, de punho cerrado<\/p>\n\n\n\n<p>Meu pai carpinteiro desempregado<\/p>\n\n\n\n<p>Minha m\u00e3e \u00e9 Maria das Dores Brasil<\/p>\n\n\n\n<p>Enxugo o suor de quem desce e sobe ladeira<\/p>\n\n\n\n<p>Me encontro no amor que n\u00e3o encontra fronteira<\/p>\n\n\n\n<p>Procura por mim nas fileiras contra a opress\u00e3o<\/p>\n\n\n\n<p>E no olhar da porta-bandeira pro seu pavilh\u00e3o<\/p>\n\n\n\n<p>Eu t\u00f4 que t\u00f4 dependurado<\/p>\n\n\n\n<p>Em cord\u00e9is e corcovados<\/p>\n\n\n\n<p>Mas ser\u00e1 que todo povo entendeu o meu recado?<\/p>\n\n\n\n<p>Porque de novo cravejaram o meu corpo<\/p>\n\n\n\n<p>Os profetas da intoler\u00e2ncia<\/p>\n\n\n\n<p>Sem saber que a esperan\u00e7a<\/p>\n\n\n\n<p>Brilha mais que a escurid\u00e3o<\/p>\n\n\n\n<p>Favela, pega a vis\u00e3o<\/p>\n\n\n\n<p>N\u00e3o tem futuro sem partilha<\/p>\n\n\n\n<p>Nem messias de arma na m\u00e3o<\/p>\n\n\n\n<p>Favela, pega a vis\u00e3o<\/p>\n\n\n\n<p>Eu fa\u00e7o f\u00e9 na minha gente<\/p>\n\n\n\n<p>Que \u00e9 semente do seu ch\u00e3o<\/p>\n\n\n\n<p>Do c\u00e9u deu pra ouvir<\/p>\n\n\n\n<p>O desabafo sincopado da cidade<\/p>\n\n\n\n<p>Quarei tambor, da cruz fiz esplendor<\/p>\n\n\n\n<p>E num domingo verde e rosa<\/p>\n\n\n\n<p>Ressurgi pro cord\u00e3o da liberdade<\/p>\n\n\n\n<p>Mangueira<\/p>\n\n\n\n<p>Samba que o samba \u00e9 uma reza<\/p>\n\n\n\n<p>Se algu\u00e9m por acaso despreza<\/p>\n\n\n\n<p>Teme a for\u00e7a que ele tem<\/p>\n\n\n\n<p>Mangueira<\/p>\n\n\n\n<p>V\u00e3o te inventar mil pecados<\/p>\n\n\n\n<p>Mas eu estou do seu lado<\/p>\n\n\n\n<p>E do lado do samba tamb\u00e9m<\/p>\n","protected":false},"excerpt":{"rendered":"<p>247 \u2013\u00a0Atual campe\u00e3 do carnaval carioca, a Mangueira fez um desfile nesta noite com cr\u00edtica clara a Jair Bolsonaro, aos falsos profetas e ao fundamentalismo religioso. Com um Jesus mostrado com rosto negro, sangue \u00edndio e corpo de mulher, a Mangueira criticou os &#8220;profetas da intoler\u00e2ncia&#8221;.<\/p>\n","protected":false},"author":1,"featured_media":0,"comment_status":"closed","ping_status":"open","sticky":false,"template":"","format":"standard","meta":{"_exactmetrics_skip_tracking":false,"_exactmetrics_sitenote_active":false,"_exactmetrics_sitenote_note":"","_exactmetrics_sitenote_category":0,"jetpack_post_was_ever_published":false,"_jetpack_newsletter_access":"","_jetpack_dont_email_post_to_subs":false,"_jetpack_newsletter_tier_id":0,"_jetpack_memberships_contains_paywalled_content":false,"_jetpack_memberships_contains_paid_content":false,"footnotes":"","jetpack_publicize_message":"","jetpack_publicize_feature_enabled":true,"jetpack_social_post_already_shared":true,"jetpack_social_options":{"image_generator_settings":{"template":"highway","enabled":false},"version":2}},"categories":[1],"tags":[],"class_list":["post-26638","post","type-post","status-publish","format-standard","hentry","category-notas"],"jetpack_publicize_connections":[],"jetpack_sharing_enabled":true,"jetpack_featured_media_url":"","jetpack_shortlink":"https:\/\/wp.me\/p7wKYW-6VE","jetpack-related-posts":[],"_links":{"self":[{"href":"http:\/\/blogdalucianaoliveira.com.br\/blog\/wp-json\/wp\/v2\/posts\/26638","targetHints":{"allow":["GET"]}}],"collection":[{"href":"http:\/\/blogdalucianaoliveira.com.br\/blog\/wp-json\/wp\/v2\/posts"}],"about":[{"href":"http:\/\/blogdalucianaoliveira.com.br\/blog\/wp-json\/wp\/v2\/types\/post"}],"author":[{"embeddable":true,"href":"http:\/\/blogdalucianaoliveira.com.br\/blog\/wp-json\/wp\/v2\/users\/1"}],"replies":[{"embeddable":true,"href":"http:\/\/blogdalucianaoliveira.com.br\/blog\/wp-json\/wp\/v2\/comments?post=26638"}],"version-history":[{"count":1,"href":"http:\/\/blogdalucianaoliveira.com.br\/blog\/wp-json\/wp\/v2\/posts\/26638\/revisions"}],"predecessor-version":[{"id":26640,"href":"http:\/\/blogdalucianaoliveira.com.br\/blog\/wp-json\/wp\/v2\/posts\/26638\/revisions\/26640"}],"wp:attachment":[{"href":"http:\/\/blogdalucianaoliveira.com.br\/blog\/wp-json\/wp\/v2\/media?parent=26638"}],"wp:term":[{"taxonomy":"category","embeddable":true,"href":"http:\/\/blogdalucianaoliveira.com.br\/blog\/wp-json\/wp\/v2\/categories?post=26638"},{"taxonomy":"post_tag","embeddable":true,"href":"http:\/\/blogdalucianaoliveira.com.br\/blog\/wp-json\/wp\/v2\/tags?post=26638"}],"curies":[{"name":"wp","href":"https:\/\/api.w.org\/{rel}","templated":true}]}}