{"id":26643,"date":"2020-02-25T07:00:33","date_gmt":"2020-02-25T11:00:33","guid":{"rendered":"http:\/\/blogdalucianaoliveira.com.br\/blog\/?p=26643"},"modified":"2020-02-25T07:00:44","modified_gmt":"2020-02-25T11:00:44","slug":"sao-clemente-pode-ate-nao-vencer-mas-com-adnet-fez-o-desfile-mais-bem-humorado-e-critico-na-medida-certa","status":"publish","type":"post","link":"http:\/\/blogdalucianaoliveira.com.br\/blog\/2020\/02\/25\/sao-clemente-pode-ate-nao-vencer-mas-com-adnet-fez-o-desfile-mais-bem-humorado-e-critico-na-medida-certa\/","title":{"rendered":"S\u00e3o Clemente pode at\u00e9 n\u00e3o vencer, mas com Adnet fez o desfile mais bem humorado e cr\u00edtico na medida certa"},"content":{"rendered":"\n<figure class=\"wp-block-image size-large\"><img decoding=\"async\" src=\"blob:http:\/\/blogdalucianaoliveira.com.br\/2c76801c-719c-4b46-a7e9-c3c9f5e7f201\" alt=\"\"\/><\/figure>\n\n\n\n<p>No DCM, por Joaquim de Carvalho &#8211; A S\u00e3o Clemente pode n\u00e3o levar o t\u00edtulo de campe\u00e3 \u2014 o que n\u00e3o seria surpreendente, j\u00e1 que a escola, de 58 anos, nunca venceu no Grupo Especial.<\/p>\n\n\n\n<!--more-->\n\n\n\n<p>Mas fez nesta noite um desfile que ser\u00e1 lembrado como um dos mais criativos deste carnaval, em grande parte devido \u00e0 genialidade do humorista Marcelo Adnet.<\/p>\n\n\n\n<p>Ele \u00e9 um dos autores do samba-enredo (letra abaixo) e foi o destaque de um carro aleg\u00f3rico, como o presidente Jair Bolsonaro.<\/p>\n\n\n\n<p>Fez arminha com a m\u00e3o e enganou nas flex\u00f5es de bra\u00e7o, que mais parecem flex\u00f5es de cabe\u00e7a.<\/p>\n\n\n\n<p>Certamente, Adnet influiu em todo o enredo e na montagem do elenco, j\u00e1 que colegas dele na Escolinha do Professor Raimundo interpretaram personagens que contam um pouco da hist\u00f3ria recente.<\/p>\n\n\n\n<p>Mateus Solano foi o \u201claranja\u201d, \u00c9rico Br\u00e1s interpretou um corretor que vende terrenos na Lua, e Marcos Veras foi um fazendeiro que caiu no golpe. Paulo Vieira representou um pol\u00edtico cheio de regalias na cadeia.<\/p>\n\n\n\n<p>Outro amigo de Adnet, Welder Rodrigues, interpretou o pastor que explora as ovelhas e carrega uma B\u00edblica que tem um cifr\u00e3o na capa.<\/p>\n\n\n\n<p>A bateria veio fantasiada de laranja, com uma rainha, Raphaela Gomes, vestida de pol\u00edcia federal. Era uma ironia ao inqu\u00e9rito sobre o ministro Marcelo \u00c1lvaro Ant\u00f4nio, indiciado por crime de estelionato eleitoral, mas firme no governo.<\/p>\n\n\n\n<p>Os versos do samba diziam: \u201dTem laranja! Na minha m\u00e3o, uma \u00e9 tr\u00eas e tr\u00eas \u00e9 dez!\u201d. Erro matem\u00e1tico proposital. Era a fraude do PSL, o partido pelo qual Bolsonaro se elegeu.<\/p>\n\n\n\n<p>O Brasil caiu no Conto do Vig\u00e1rio, o tema da escola.\u201cBrasil, compartilhou, viralizou, nem viu! E o Pa\u00eds inteiro assim sambou, \u2018caiu na fake news!\u2019\u201d, cantavam os passistas.<\/p>\n\n\n\n<p>A S\u00e3o Clemente, escola que nasceu em Botafogo, Zona Sul da cidade, j\u00e1 foi chamada de PT do Samba, pelos enredos panflet\u00e1rios da d\u00e9cada de 80.<\/p>\n\n\n\n<p>Tem a cara da classe m\u00e9dia descolada carioca, n\u00e3o dos morros \u2014 afinal, todos t\u00eam o direito de brincar.<\/p>\n\n\n\n<p>O desfile de hoje n\u00e3o foi panflet\u00e1rio, mas foi cr\u00edtico, na dimens\u00e3o do humor. Foi uma Escolinha do Professor Raimundo melhorada, uma Zorra Total sem as piadas sem gra\u00e7a.<\/p>\n\n\n\n<p>O p\u00fablico gostou e a rede social ficou agitada com a criatividade da escola. No fundo, foi uma forma de dizer a Bolsonaro VTNC, sem precisar falar palavr\u00e3o.<\/p>\n\n\n\n<p>Mas o recado foi bem entendido. Parte do Brasil caiu no Conto do Vig\u00e1rio.<\/p>\n\n\n\n<p>Segue a letra do samba-enredo da S\u00e3o Clemente, de autoria de Andr\u00e9 Carvalho, Camilo Jorge, Gabriel Machado, Gustavo Albuquerque, Luiz Carlos Fran\u00e7a, Marcelo Adnet, Pedro Machado e Raphael Candela:<\/p>\n\n\n\n<p><em>Meu povo chegou, \u00f4, \u00f4<\/em><\/p>\n\n\n\n<p><em>A mar\u00e9 vai virar, lai\u00e1<\/em><\/p>\n\n\n\n<p><em>Na ginga, pra frente<\/em><\/p>\n\n\n\n<p><em>L\u00e1 vem S\u00e3o Clemente<\/em><\/p>\n\n\n\n<p><em>O sino toca na capela e anuncia<\/em><\/p>\n\n\n\n<p><em>Nossa Senhora, come\u00e7ou a confus\u00e3o<\/em><\/p>\n\n\n\n<p><em>Quem vai ficar com a imagem de Maria?<\/em><\/p>\n\n\n\n<p><em>O burro vai tomar a decis\u00e3o<\/em><\/p>\n\n\n\n<p><em>Mas o jogo estava armado<\/em><\/p>\n\n\n\n<p><em>Era o conto do vig\u00e1rio<\/em><\/p>\n\n\n\n<p><em>Nessa terra f\u00e9rtil de enredo<\/em><\/p>\n\n\n\n<p><em>Se aprende desde cedo<\/em><\/p>\n\n\n\n<p><em>Todo papo que se planta, d\u00e1<\/em><\/p>\n\n\n\n<p><em>Dom Jo\u00e3o deu uma volta em Napole\u00e3o<\/em><\/p>\n\n\n\n<p><em>Fez da col\u00f4nia dos malandros, capital<\/em><\/p>\n\n\n\n<p><em>Trambique, patrim\u00f4nio nacional<\/em><\/p>\n\n\n\n<p><em>Na minha m\u00e3o, uma \u00e9 tr\u00eas e tr\u00eas \u00e9 dez<\/em><\/p>\n\n\n\n<p><em>\u00c9 o bilhete premiado, vendido na rua<\/em><\/p>\n\n\n\n<p><em>Malandro passando terreno na Lua<\/em><\/p>\n\n\n\n<p><em>Hoje, o vig\u00e1rio de gravata<\/em><\/p>\n\n\n\n<p><em>Aben\u00e7oa a mamata<\/em><\/p>\n\n\n\n<p><em>Lobo em pele de cordeiro<\/em><\/p>\n\n\n\n<p><em>Trago em tr\u00eas dias seu amor<\/em><\/p>\n\n\n\n<p><em>La garantia soy yo<\/em><\/p>\n\n\n\n<p><em>Chamou o VAR, t\u00e1 grampeado<\/em><\/p>\n\n\n\n<p><em>Vazou, deu sururu<\/em><\/p>\n\n\n\n<p><em>Tem maraj\u00e1 puxando f\u00e9rias em Bangu<\/em><\/p>\n\n\n\n<p><em>Balan\u00e7a na rede<\/em><\/p>\n\n\n\n<p>t<\/p>\n\n\n\n<p><em>Abre a janela, aperta o cora\u00e7\u00e3o<\/em><\/p>\n\n\n\n<p><em>O filtro \u00e9 fantasia da beleza<\/em><\/p>\n\n\n\n<p><em>Na virtual roleta da desilus\u00e3o<\/em><\/p>\n\n\n\n<p><em>Brasil, compartilhou, viralizou, nem viu<\/em><\/p>\n\n\n\n<p><em>E o pa\u00eds inteiro assim sambou<\/em><\/p>\n\n\n\n<p><em>Caiu na fake news<\/em><\/p>\n\n\n\n<p><\/p>\n\n\n\n<p><\/p>\n","protected":false},"excerpt":{"rendered":"<p>No DCM, por Joaquim de Carvalho &#8211; A S\u00e3o Clemente pode n\u00e3o levar o t\u00edtulo de campe\u00e3 \u2014 o que n\u00e3o seria surpreendente, j\u00e1 que a escola, de 58 anos, nunca venceu no Grupo Especial.<\/p>\n","protected":false},"author":1,"featured_media":0,"comment_status":"closed","ping_status":"open","sticky":false,"template":"","format":"standard","meta":{"_exactmetrics_skip_tracking":false,"_exactmetrics_sitenote_active":false,"_exactmetrics_sitenote_note":"","_exactmetrics_sitenote_category":0,"jetpack_post_was_ever_published":false,"_jetpack_newsletter_access":"","_jetpack_dont_email_post_to_subs":false,"_jetpack_newsletter_tier_id":0,"_jetpack_memberships_contains_paywalled_content":false,"_jetpack_memberships_contains_paid_content":false,"footnotes":"","jetpack_publicize_message":"","jetpack_publicize_feature_enabled":true,"jetpack_social_post_already_shared":true,"jetpack_social_options":{"image_generator_settings":{"template":"highway","enabled":false},"version":2}},"categories":[1],"tags":[],"class_list":["post-26643","post","type-post","status-publish","format-standard","hentry","category-notas"],"jetpack_publicize_connections":[],"jetpack_sharing_enabled":true,"jetpack_featured_media_url":"","jetpack_shortlink":"https:\/\/wp.me\/p7wKYW-6VJ","jetpack-related-posts":[],"_links":{"self":[{"href":"http:\/\/blogdalucianaoliveira.com.br\/blog\/wp-json\/wp\/v2\/posts\/26643","targetHints":{"allow":["GET"]}}],"collection":[{"href":"http:\/\/blogdalucianaoliveira.com.br\/blog\/wp-json\/wp\/v2\/posts"}],"about":[{"href":"http:\/\/blogdalucianaoliveira.com.br\/blog\/wp-json\/wp\/v2\/types\/post"}],"author":[{"embeddable":true,"href":"http:\/\/blogdalucianaoliveira.com.br\/blog\/wp-json\/wp\/v2\/users\/1"}],"replies":[{"embeddable":true,"href":"http:\/\/blogdalucianaoliveira.com.br\/blog\/wp-json\/wp\/v2\/comments?post=26643"}],"version-history":[{"count":1,"href":"http:\/\/blogdalucianaoliveira.com.br\/blog\/wp-json\/wp\/v2\/posts\/26643\/revisions"}],"predecessor-version":[{"id":26644,"href":"http:\/\/blogdalucianaoliveira.com.br\/blog\/wp-json\/wp\/v2\/posts\/26643\/revisions\/26644"}],"wp:attachment":[{"href":"http:\/\/blogdalucianaoliveira.com.br\/blog\/wp-json\/wp\/v2\/media?parent=26643"}],"wp:term":[{"taxonomy":"category","embeddable":true,"href":"http:\/\/blogdalucianaoliveira.com.br\/blog\/wp-json\/wp\/v2\/categories?post=26643"},{"taxonomy":"post_tag","embeddable":true,"href":"http:\/\/blogdalucianaoliveira.com.br\/blog\/wp-json\/wp\/v2\/tags?post=26643"}],"curies":[{"name":"wp","href":"https:\/\/api.w.org\/{rel}","templated":true}]}}