{"id":26645,"date":"2020-02-26T07:04:53","date_gmt":"2020-02-26T11:04:53","guid":{"rendered":"http:\/\/blogdalucianaoliveira.com.br\/blog\/?p=26645"},"modified":"2020-02-26T07:05:03","modified_gmt":"2020-02-26T11:05:03","slug":"aguia-de-ouro-vence-o-carnaval-em-sp-com-homenagem-a-paulo-freire","status":"publish","type":"post","link":"http:\/\/blogdalucianaoliveira.com.br\/blog\/2020\/02\/26\/aguia-de-ouro-vence-o-carnaval-em-sp-com-homenagem-a-paulo-freire\/","title":{"rendered":"\u00c1guia de Ouro vence o carnaval em SP com homenagem a Paulo Freire"},"content":{"rendered":"\n<figure class=\"wp-block-image size-large\"><img data-recalc-dims=\"1\" loading=\"lazy\" decoding=\"async\" width=\"600\" height=\"400\" data-attachment-id=\"26646\" data-permalink=\"http:\/\/blogdalucianaoliveira.com.br\/blog\/2020\/02\/26\/aguia-de-ouro-vence-o-carnaval-em-sp-com-homenagem-a-paulo-freire\/image-58-3\/\" data-orig-file=\"https:\/\/i0.wp.com\/blogdalucianaoliveira.com.br\/blog\/wp-content\/uploads\/2020\/02\/image-58.jpeg?fit=959%2C640\" data-orig-size=\"959,640\" data-comments-opened=\"0\" data-image-meta=\"{&quot;aperture&quot;:&quot;0&quot;,&quot;credit&quot;:&quot;Jose Cordeiro&quot;,&quot;camera&quot;:&quot;&quot;,&quot;caption&quot;:&quot;&quot;,&quot;created_timestamp&quot;:&quot;0&quot;,&quot;copyright&quot;:&quot;Foto: Jose Cordeiro\\\/SPTuris&quot;,&quot;focal_length&quot;:&quot;0&quot;,&quot;iso&quot;:&quot;0&quot;,&quot;shutter_speed&quot;:&quot;0&quot;,&quot;title&quot;:&quot;&quot;,&quot;orientation&quot;:&quot;0&quot;}\" data-image-title=\"image-58\" data-image-description=\"\" data-image-caption=\"\" data-medium-file=\"https:\/\/i0.wp.com\/blogdalucianaoliveira.com.br\/blog\/wp-content\/uploads\/2020\/02\/image-58.jpeg?fit=300%2C200\" data-large-file=\"https:\/\/i0.wp.com\/blogdalucianaoliveira.com.br\/blog\/wp-content\/uploads\/2020\/02\/image-58.jpeg?fit=600%2C400\" src=\"https:\/\/i0.wp.com\/blogdalucianaoliveira.com.br\/blog\/wp-content\/uploads\/2020\/02\/image-58.jpeg?resize=600%2C400\" alt=\"\" class=\"wp-image-26646\" srcset=\"https:\/\/i0.wp.com\/blogdalucianaoliveira.com.br\/blog\/wp-content\/uploads\/2020\/02\/image-58.jpeg?w=959 959w, https:\/\/i0.wp.com\/blogdalucianaoliveira.com.br\/blog\/wp-content\/uploads\/2020\/02\/image-58.jpeg?resize=300%2C200 300w, https:\/\/i0.wp.com\/blogdalucianaoliveira.com.br\/blog\/wp-content\/uploads\/2020\/02\/image-58.jpeg?resize=768%2C513 768w, https:\/\/i0.wp.com\/blogdalucianaoliveira.com.br\/blog\/wp-content\/uploads\/2020\/02\/image-58.jpeg?resize=450%2C300 450w\" sizes=\"auto, (max-width: 600px) 100vw, 600px\" \/><\/figure>\n\n\n\n<h4 class=\"wp-block-heading\">\u00c9 a primeira vez que a escola de samba do bairro Pompeia vence no grupo especial\u00a0<\/h4>\n\n\n\n<!--more-->\n\n\n\n<p>Marina Duarte de SouzaBrasil de Fato | S\u00e3o Paulo (SP) |<\/p>\n\n\n\n<p>A escola de samba \u00c1guia de Ouro \u00e9 a grande campe\u00e3 do&nbsp;<a href=\"https:\/\/www.brasildefato.com.br\/2020\/02\/23\/sp-em-noite-derradeira-do-carnaval-gavioes-e-mocidade-entram-em-grupo-de-favoritos\">Carnaval de S\u00e3o Paulo 2020<\/a>&nbsp;e consagra o engajamento pol\u00edtico em todo o pa\u00eds do carnaval deste ano. A agremia\u00e7\u00e3o conquistou 269,9 pontos na avalia\u00e7\u00e3o de seu desempenho.&nbsp;Com o enredo \u201cO poder do saber &#8211; Se saber \u00e9 poder\u2026.Quem sabe faz a hora, n\u00e3o espera acontecer\u201d, a escola homenageou o educador Paulo Freire, alvo constante de \u00f3dio do presidente Jair Bolsonaro (Sem Partido).<\/p>\n\n\n\n<p>\u00c9 a primeira vez que a \u00c1guia de Ouro conquista a disputa no Grupo Especial paulista. A concorr\u00eancia foi acirrada com a Tatuap\u00e9, que buscava o tricampeonato. O t\u00edtulo foi decidido no \u00faltimo quesito,&nbsp; de alegoria, que acabou jogando a escola da zona leste para a quarta posi\u00e7\u00e3o, terminando com 269,7 pontos.&nbsp;<\/p>\n\n\n\n<p>Ao todo, os jurados avaliaram nove quesitos de cada escola: fantasia, comiss\u00e3o de frente, samba-enredo, harmonia, evolu\u00e7\u00e3o, mestre-sala e porta-bandeira, enredo, alegoria e bateria. Cada categoria teve quatro jurados, com notas de nove a 10, fracionadas em d\u00e9cimos.<\/p>\n\n\n\n<figure class=\"wp-block-image\"><img data-recalc-dims=\"1\" decoding=\"async\" src=\"https:\/\/i0.wp.com\/img.brasildefato.com.br\/media\/613b98cd55e3b9aefd04ce9f9da55b56.jpg?w=600&#038;ssl=1\" alt=\"\"\/><\/figure>\n\n\n\n<p><br>Casal de mestre sala e porta bandeira da escola \u00c1guia de Ouro \/ Jos\u00e9 Cordeiro\/ SPTuris<\/p>\n\n\n\n<p>A escola \u00c1guia de Ouro, de 44 anos, do bairro Pompeia, na Zona Oeste, volta \u00e0 avenida na pr\u00f3xima sexta-feira (28) para o Desfile das Campe\u00e3s, junto com as outras quatro primeiras colocadas do Grupo Especial: Mancha Verde, Mocidade Alegre, Acad\u00eamicos do Tatuap\u00e9 e Drag\u00f5es da Real.&nbsp;<\/p>\n\n\n\n<p>X-9 Paulistana e P\u00e9rola Negra caem<\/p>\n\n\n\n<p>As escolas X-9 Paulistana e P\u00e9rola Negra foram rebaixadas e desfilam no Grupo de Acesso do Carnaval de S\u00e3o Paulo no ano que vem. A X-9 Paulistana, uma das escolas mais tradicionais de S\u00e3o Paulo, ficou com 268,4 pontos e terminou em pen\u00faltimo lugar. A \u00faltima posi\u00e7\u00e3o foi da P\u00e9rola Negra, que tinha subido para o grupo especial ano passado e ficou com 267,6 pontos.<\/p>\n\n\n\n<p>A X-9 Paulistana levou o enredo \u201cBatuques para um rei coroado\u201d para a avenida. Para explicar o poder do batuque no Brasil, a agremia\u00e7\u00e3o passeou por diversos ritmos, como Xaxado, Maracatu e Samba. Al\u00e9m disso, abriu espa\u00e7o para uma homenagem \u00e0s festas de S\u00e3o Jo\u00e3o e do Divino. A escola recebeu uma puni\u00e7\u00e3o devido a problemas com um dos seus carros e perdeu 5 d\u00e9cimos de nota. Al\u00e9m disso, teve um mau desempenho no quesito alegoria e fantasia.<\/p>\n\n\n\n<p>J\u00e1 a P\u00e9rola Negra abriu o segundo dia de desfiles. A escola enfrentou, no \u00faltimo dia 10 de fevereiro, uma enchente em seu barrac\u00e3o, que culminou na perda de 40% das fantasias da agremia\u00e7\u00e3o. A Liga Independente das Escolas de Samba de S\u00e3o Paulo determinou, ent\u00e3o, que os adere\u00e7os com defeitos da P\u00e9rola Negra n\u00e3o tirariam&nbsp;pontos da escola no quesito Fantasia.<\/p>\n\n\n\n<p>Na avenida, a escola apresentou o enredo \u201cBartali Tcherain \u2013 A estrela cigana brilha na P\u00e9rola Negra\u201d, que contou a hist\u00f3ria do povo cigano, mas devido a perda de pontos nos quesitos alegoria, evolu\u00e7\u00e3o, fantasia e comiss\u00e3o de frente, n\u00e3o conseguiu se segurar no grupo especial.<\/p>\n\n\n\n<p>Edi\u00e7\u00e3o: Douglas Matos<\/p>\n","protected":false},"excerpt":{"rendered":"<p>\u00c9 a primeira vez que a escola de samba do bairro Pompeia vence no grupo especial\u00a0<\/p>\n","protected":false},"author":1,"featured_media":0,"comment_status":"closed","ping_status":"open","sticky":false,"template":"","format":"standard","meta":{"_exactmetrics_skip_tracking":false,"_exactmetrics_sitenote_active":false,"_exactmetrics_sitenote_note":"","_exactmetrics_sitenote_category":0,"jetpack_post_was_ever_published":false,"_jetpack_newsletter_access":"","_jetpack_dont_email_post_to_subs":false,"_jetpack_newsletter_tier_id":0,"_jetpack_memberships_contains_paywalled_content":false,"_jetpack_memberships_contains_paid_content":false,"footnotes":"","jetpack_publicize_message":"","jetpack_publicize_feature_enabled":true,"jetpack_social_post_already_shared":true,"jetpack_social_options":{"image_generator_settings":{"template":"highway","enabled":false},"version":2}},"categories":[1],"tags":[],"class_list":["post-26645","post","type-post","status-publish","format-standard","hentry","category-notas"],"jetpack_publicize_connections":[],"jetpack_sharing_enabled":true,"jetpack_featured_media_url":"","jetpack_shortlink":"https:\/\/wp.me\/p7wKYW-6VL","jetpack-related-posts":[],"_links":{"self":[{"href":"http:\/\/blogdalucianaoliveira.com.br\/blog\/wp-json\/wp\/v2\/posts\/26645","targetHints":{"allow":["GET"]}}],"collection":[{"href":"http:\/\/blogdalucianaoliveira.com.br\/blog\/wp-json\/wp\/v2\/posts"}],"about":[{"href":"http:\/\/blogdalucianaoliveira.com.br\/blog\/wp-json\/wp\/v2\/types\/post"}],"author":[{"embeddable":true,"href":"http:\/\/blogdalucianaoliveira.com.br\/blog\/wp-json\/wp\/v2\/users\/1"}],"replies":[{"embeddable":true,"href":"http:\/\/blogdalucianaoliveira.com.br\/blog\/wp-json\/wp\/v2\/comments?post=26645"}],"version-history":[{"count":1,"href":"http:\/\/blogdalucianaoliveira.com.br\/blog\/wp-json\/wp\/v2\/posts\/26645\/revisions"}],"predecessor-version":[{"id":26647,"href":"http:\/\/blogdalucianaoliveira.com.br\/blog\/wp-json\/wp\/v2\/posts\/26645\/revisions\/26647"}],"wp:attachment":[{"href":"http:\/\/blogdalucianaoliveira.com.br\/blog\/wp-json\/wp\/v2\/media?parent=26645"}],"wp:term":[{"taxonomy":"category","embeddable":true,"href":"http:\/\/blogdalucianaoliveira.com.br\/blog\/wp-json\/wp\/v2\/categories?post=26645"},{"taxonomy":"post_tag","embeddable":true,"href":"http:\/\/blogdalucianaoliveira.com.br\/blog\/wp-json\/wp\/v2\/tags?post=26645"}],"curies":[{"name":"wp","href":"https:\/\/api.w.org\/{rel}","templated":true}]}}