{"id":26648,"date":"2020-02-26T07:12:38","date_gmt":"2020-02-26T11:12:38","guid":{"rendered":"http:\/\/blogdalucianaoliveira.com.br\/blog\/?p=26648"},"modified":"2020-02-26T07:12:44","modified_gmt":"2020-02-26T11:12:44","slug":"coronavirus-com-chegada-da-doenca-ao-brasil-o-que-realmente-funciona-para-se-proteger","status":"publish","type":"post","link":"http:\/\/blogdalucianaoliveira.com.br\/blog\/2020\/02\/26\/coronavirus-com-chegada-da-doenca-ao-brasil-o-que-realmente-funciona-para-se-proteger\/","title":{"rendered":"Coronav\u00edrus: com chegada da doen\u00e7a ao Brasil, o que realmente funciona para se proteger?"},"content":{"rendered":"\n<figure class=\"wp-block-image size-large\"><img data-recalc-dims=\"1\" loading=\"lazy\" decoding=\"async\" width=\"375\" height=\"210\" data-attachment-id=\"26649\" data-permalink=\"http:\/\/blogdalucianaoliveira.com.br\/blog\/2020\/02\/26\/coronavirus-com-chegada-da-doenca-ao-brasil-o-que-realmente-funciona-para-se-proteger\/image-59-3\/\" data-orig-file=\"https:\/\/i0.wp.com\/blogdalucianaoliveira.com.br\/blog\/wp-content\/uploads\/2020\/02\/image-59.jpeg?fit=375%2C210\" data-orig-size=\"375,210\" data-comments-opened=\"0\" data-image-meta=\"{&quot;aperture&quot;:&quot;0&quot;,&quot;credit&quot;:&quot;&quot;,&quot;camera&quot;:&quot;&quot;,&quot;caption&quot;:&quot;&quot;,&quot;created_timestamp&quot;:&quot;0&quot;,&quot;copyright&quot;:&quot;&quot;,&quot;focal_length&quot;:&quot;0&quot;,&quot;iso&quot;:&quot;0&quot;,&quot;shutter_speed&quot;:&quot;0&quot;,&quot;title&quot;:&quot;&quot;,&quot;orientation&quot;:&quot;0&quot;}\" data-image-title=\"image-59\" data-image-description=\"\" data-image-caption=\"\" data-medium-file=\"https:\/\/i0.wp.com\/blogdalucianaoliveira.com.br\/blog\/wp-content\/uploads\/2020\/02\/image-59.jpeg?fit=300%2C168\" data-large-file=\"https:\/\/i0.wp.com\/blogdalucianaoliveira.com.br\/blog\/wp-content\/uploads\/2020\/02\/image-59.jpeg?fit=375%2C210\" src=\"https:\/\/i0.wp.com\/blogdalucianaoliveira.com.br\/blog\/wp-content\/uploads\/2020\/02\/image-59.jpeg?resize=375%2C210\" alt=\"\" class=\"wp-image-26649\" srcset=\"https:\/\/i0.wp.com\/blogdalucianaoliveira.com.br\/blog\/wp-content\/uploads\/2020\/02\/image-59.jpeg?w=375 375w, https:\/\/i0.wp.com\/blogdalucianaoliveira.com.br\/blog\/wp-content\/uploads\/2020\/02\/image-59.jpeg?resize=300%2C168 300w\" sizes=\"auto, (max-width: 375px) 100vw, 375px\" \/><\/figure>\n\n\n\n<p>Camilla Veras Mota e Matheus Magenta, da BBC News Brasil em S\u00e3o Paulo e Londres &#8211; Com a r\u00e1pida dissemina\u00e7\u00e3o do novo coronav\u00edrus e a poss\u00edvel chegada ao Brasil, com o primeiro paciente com teste positivo para a doen\u00e7a, as pessoas t\u00eam cada vez mais se perguntado como se proteger.\u00a0<\/p>\n\n\n\n<!--more-->\n\n\n\n<p>A BBC News Brasil conversou com infectologistas e colheu as principais recomenda\u00e7\u00f5es do Centro de Controle e Preven\u00e7\u00e3o de Doen\u00e7as dos Estados Unidos (CDC), o Servi\u00e7o de Sa\u00fade brit\u00e2nico (NHS) e do Minist\u00e9rio da Sa\u00fade brasileiro nesse sentido.<\/p>\n\n\n\n<p>A principal \u2014 simples, por\u00e9m bastante eficiente \u2014 \u00e9 lavar as m\u00e3os com sab\u00e3o ap\u00f3s usar o banheiro, sempre que chegar em casa ou antes de manipular alimentos.<\/p>\n\n\n\n<p>O ideal \u00e9 esfregar as m\u00e3os por algo entre 15 e 20 segundos para garantir que os v\u00edrus e bact\u00e9rias ser\u00e3o eliminados \u2014 de acordo com Fernando Spilki, presidente da Sociedade Brasileira de virologia, o tempo para se cantar dois &#8220;Parab\u00e9ns a voc\u00ea&#8221;.&nbsp;<\/p>\n\n\n\n<p>Essa \u00e9 uma orienta\u00e7\u00e3o b\u00e1sica para evitar uma s\u00e9rie de doen\u00e7as e \u00e9 eficiente especificamente contra o coronav\u00edrus porque ele \u00e9 um v\u00edrus envelopado.<\/p>\n\n\n\n<p>Isso significa que, al\u00e9m da estrutura que recobre o genoma do v\u00edrus, o chamado caps\u00eddeo, ele tem um envelope, uma bicamada lip\u00eddica onde ficam as prote\u00ednas que v\u00e3o fazer a intera\u00e7\u00e3o com as membranas das nossas c\u00e9lulas para nos infectar.<\/p>\n\n\n\n<p>O envelope pode dar a ideia que esse v\u00edrus \u00e9 mais forte, mas \u00e9 justamente o contr\u00e1rio.&nbsp;<\/p>\n\n\n\n<p>&#8220;A camada do envelope, por conter gordura, \u00e9 muito sens\u00edvel a solventes, sab\u00e3o, \u00e0 desseca\u00e7\u00e3o (extrema secura), \u00e0 falta de umidade no ambiente&#8221;, afirma Fernando Spilki, presidente da Sociedade Brasileira de Virologia.&nbsp;<\/p>\n\n\n\n<h2 class=\"wp-block-heading\">Manter o ambiente limpo<\/h2>\n\n\n\n<figure class=\"wp-block-image\"><img data-recalc-dims=\"1\" decoding=\"async\" src=\"https:\/\/i0.wp.com\/ichef.bbci.co.uk\/news\/375\/cpsprodpb\/1829C\/production\/_110727989_gettyimages-1136855016.jpg?w=600&#038;ssl=1\" alt=\"Pessoa limpando a casa\"\/><figcaption>Image captionManter o ambiente limpo pode surtir mais efeito, dependendo da situa\u00e7\u00e3o, do que usar m\u00e1scara, diz infectologista<\/figcaption><\/figure>\n\n\n\n<p>Se estiver em um ambiente p\u00fablico, por exemplo, ou com grande aglomera\u00e7\u00e3o, n\u00e3o toque a boca, o nariz ou olhos sem antes ter antes lavado as m\u00e3os ou pelo limp\u00e1-las com \u00e1lcool. O v\u00edrus \u00e9 transmitido por via a\u00e9rea, mas tamb\u00e9m pelo contato.<\/p>\n\n\n\n<p>Ainda n\u00e3o se sabe quanto tempo o coronav\u00edrus sobrevive fora do corpo, mas o v\u00edrus da influenza, por exemplo, pode resistir por at\u00e9 24 horas em superf\u00edcies mais porosas, como a madeira, explica a m\u00e9dica Rosana Richtmann, do Instituto de Infectologia Em\u00edlio Ribas.&nbsp;<\/p>\n\n\n\n<p>\u00c9 por isso que tamb\u00e9m \u00e9 importante manter o ambiente limpo, ela diz \u2014 higienizar com solu\u00e7\u00f5es desinfetantes as superf\u00edcies da casa, m\u00f3veis e o telefone celular, por exemplo.&nbsp;<\/p>\n\n\n\n<p>Para limpar o celular, pode-se usar uma solu\u00e7\u00e3o com mais ou menos metade de \u00e1gua e metade de \u00e1lcool, al\u00e9m de usar um pano limpo.<\/p>\n\n\n\n<p>Medidas como essas valem mais at\u00e9 do que usar m\u00e1scara, dependendo da situa\u00e7\u00e3o. A infectologista Rosana Richtmann ressalta que os brasileiros, ao contr\u00e1rio dos asi\u00e1ticos, n\u00e3o t\u00eam uma cultura de usar m\u00e1scaras de prote\u00e7\u00e3o \u2014 muitas vezes, nem sabem coloc\u00e1-las adequadamente.<\/p>\n\n\n\n<p>&#8220;\u00c9 capaz de se transformar em uma falsa sensa\u00e7\u00e3o de seguran\u00e7a&#8221;, diz ela.&nbsp;<\/p>\n\n\n\n<figure class=\"wp-block-image\"><img data-recalc-dims=\"1\" decoding=\"async\" src=\"https:\/\/i0.wp.com\/ichef.bbci.co.uk\/news\/375\/cpsprodpb\/B170\/production\/_110642454_96f41ae9-cd92-495d-9b3a-dc45ca311079.jpg?w=600&#038;ssl=1\" alt=\"Profissional de sa\u00fade faz medi\u00e7\u00e3o de temperatura em cidad\u00e3o na China\"\/><figcaption>Image captionM\u00e1scaras do tipo cir\u00fargico ajudam a proteger de respingos de espirros e tosses, mas n\u00e3o evitam completamente a contamina\u00e7\u00e3o<\/figcaption><\/figure>\n\n\n\n<p>Isso porque seria preciso trocar a m\u00e1scara com uma certa frequ\u00eancia \u2014 quando ela ficar \u00famida, por exemplo \u2014, encaix\u00e1-la bem nas orelhas, entre outros cuidados.&nbsp;<\/p>\n\n\n\n<p>No caso do coronav\u00edrus, as m\u00e1scaras mais tradicionais n\u00e3o funcionam, afirma o m\u00e9dico Fernando Spilki, porque seu tamanho permite que ele atravesse o material.&nbsp;<\/p>\n\n\n\n<p>Por isso, em ambientes hospitalares os profissionais de sa\u00fade t\u00eam usado m\u00e1scaras com filtro de ar ou feitas de materiais com poros menores que a part\u00edcula viral.<\/p>\n\n\n\n<h2 class=\"wp-block-heading\">Prolifera\u00e7\u00e3o r\u00e1pida, letalidade menor<\/h2>\n\n\n\n<p>Outra recomenda\u00e7\u00e3o \u00e9, se poss\u00edvel, evitar aglomera\u00e7\u00f5es e manter dist\u00e2ncia de pessoas com sintomas de gripe.&nbsp;<\/p>\n\n\n\n<p>A responsabilidade \u00e9 maior ainda para quem est\u00e1 gripado: ao espirar ou tossir, cubra a boca e o nariz e jogue o len\u00e7o fora logo em seguida.&nbsp;<\/p>\n\n\n\n<p>Como esse \u00e9 um v\u00edrus novo, as pessoas n\u00e3o t\u00eam imunidade contra ele, o que faz com que o cont\u00e1gio seja mais r\u00e1pido.&nbsp;<\/p>\n\n\n\n<p>O n\u00famero de novos casos tem crescido rapidamente, acreditam os cientistas, tamb\u00e9m porque o coronav\u00edrus pode ser transmitido antes mesmo de os sintomas aparecerem, durante o per\u00edodo de incuba\u00e7\u00e3o.<\/p>\n\n\n\n<p>Apesar de ter uma capacidade de prolifera\u00e7\u00e3o maior que a de outros v\u00edrus da mesma fam\u00edlia, como os que provocaram os surtos da S\u00edndrome Respirat\u00f3ria Aguda Grave (Sars, na sigla em ingl\u00eas) em 2002 ou da S\u00edndrome Respirat\u00f3ria do Oriente M\u00e9dio (Mers) em 2012, a letalidade desse coronav\u00edrus parece ser menor, segundo os dados dispon\u00edveis at\u00e9 agora.<\/p>\n\n\n\n<p>De acordo com as informa\u00e7\u00f5es mais recentes divulgadas pela Organiza\u00e7\u00e3o Mundial de Sa\u00fade, cerca de 2% dos infectados morreram. O \u00edndice de letalidade da Sars era de 9,5%, e da Mers, 35%.&nbsp;<\/p>\n\n\n\n<p><a href=\"https:\/\/www.bbc.com\/portuguese\/internacional-51314179\">Parte das pessoas que morreram de coronav\u00edrus at\u00e9 agora tinha algum tipo de doen\u00e7a pr\u00e9via<\/a>&nbsp;\u2014 diabetes, doen\u00e7as card\u00edacas ou pulmonares. Muitos eram mais velhos.&nbsp;<\/p>\n\n\n\n<figure class=\"wp-block-image\"><img data-recalc-dims=\"1\" decoding=\"async\" src=\"https:\/\/i0.wp.com\/ichef.bbci.co.uk\/news\/375\/cpsprodpb\/1471C\/production\/_110604738_virus.jpg?w=600&#038;ssl=1\" alt=\"Ilustra\u00e7\u00e3o de v\u00edrus no pulm\u00e3o\"\/><figcaption>Image captionO coronav\u00edrus pode causar doen\u00e7a pulmonar grave<\/figcaption><\/figure>\n\n\n\n<p>A m\u00e9dica Rosana Richtmann lembra que o fato de pessoas de mais idade ou com alguma outra doen\u00e7a pr\u00e9via apresentarem quadros mais graves \u00e9 relativamente comum entre os chamados v\u00edrus respirat\u00f3rios.&nbsp;<\/p>\n\n\n\n<p>Ainda n\u00e3o se sabe bem, no entanto, como \u00e9 o ciclo do coronav\u00edrus no corpo e como nosso sistema imunol\u00f3gico responde a ele.&nbsp;<\/p>\n\n\n\n<p>Por isso, tamb\u00e9m \u00e9 importante manter o sistema imunol\u00f3gico fortalecido.<\/p>\n\n\n\n<h2 class=\"wp-block-heading\">Como o corpo reage a &#8216;invasores&#8217;<\/h2>\n\n\n\n<p>No caso de outros v\u00edrus, a resposta do organismo se d\u00e1 principalmente em duas frentes: a da imunidade celular e a da imunidade humoral.<\/p>\n\n\n\n<p>A imunidade celular se manifesta, por exemplo, atrav\u00e9s dos linf\u00f3citos, um tipo de leuc\u00f3cito produzido pela nossa medula e que tem, entre outras fun\u00e7\u00f5es, a de reconhecer as c\u00e9lulas infectadas e destru\u00ed-las.&nbsp;<\/p>\n\n\n\n<p>Nesse processo, n\u00e3o s\u00f3 o v\u00edrus \u00e9 destru\u00eddo, mas tamb\u00e9m a c\u00e9lula que ele infecta. No processo, parte dos leuc\u00f3citos tamb\u00e9m acaba morrendo.&nbsp;<\/p>\n\n\n\n<p>Os leuc\u00f3citos s\u00e3o os gl\u00f3bulos brancos, \u00e9 o &#8220;ex\u00e9rcito&#8221; que tenta expulsar os pat\u00f3genos \u2014 v\u00edrus, bact\u00e9rias e fungos \u2014 do nosso corpo.&nbsp;<\/p>\n\n\n\n<p>Eles aparecem, por exemplo, no hemograma: se a concentra\u00e7\u00e3o no sangue estiver muito maior que os valores de refer\u00eancia, pode ser um ind\u00edcio de infec\u00e7\u00e3o. Se est\u00e3o muito baixos, podem ser indicativo de que nosso sistema imunol\u00f3gico est\u00e1 enfraquecido.&nbsp;<\/p>\n\n\n\n<p>J\u00e1 imunidade humoral se manifesta atrav\u00e9s dos nossos anticorpos, as imunoglobulinas, que atuam de forma parecida e podem, por exemplo, impedir que os pat\u00f3genos entrem nas c\u00e9lulas.<\/p>\n\n\n\n<p>Pra manter a imunidade, n\u00e3o h\u00e1 muito segredo: dormir a quantidade de horas certas para a sua idade, alimentar-se bem, manter-se hidratado, fazer exerc\u00edcios f\u00edsicos regularmente e tentar reduzir o estresse.<\/p>\n\n\n\n<p><em>Tesxto publicado originalmente em 31\/01\/2020 e atualizado ap\u00f3s a confirma\u00e7\u00e3o do primeiro teste positivo para coronav\u00edrus no Brasil, em 26\/02\/2020.<\/em><\/p>\n\n\n\n<p><\/p>\n","protected":false},"excerpt":{"rendered":"<p>Camilla Veras Mota e Matheus Magenta, da BBC News Brasil em S\u00e3o Paulo e Londres &#8211; Com a r\u00e1pida dissemina\u00e7\u00e3o do novo coronav\u00edrus e a poss\u00edvel chegada ao Brasil, com o primeiro paciente com teste positivo para a doen\u00e7a, as pessoas t\u00eam cada vez mais se perguntado como se proteger.\u00a0<\/p>\n","protected":false},"author":1,"featured_media":0,"comment_status":"closed","ping_status":"open","sticky":false,"template":"","format":"standard","meta":{"_exactmetrics_skip_tracking":false,"_exactmetrics_sitenote_active":false,"_exactmetrics_sitenote_note":"","_exactmetrics_sitenote_category":0,"jetpack_post_was_ever_published":false,"_jetpack_newsletter_access":"","_jetpack_dont_email_post_to_subs":false,"_jetpack_newsletter_tier_id":0,"_jetpack_memberships_contains_paywalled_content":false,"_jetpack_memberships_contains_paid_content":false,"footnotes":"","jetpack_publicize_message":"","jetpack_publicize_feature_enabled":true,"jetpack_social_post_already_shared":true,"jetpack_social_options":{"image_generator_settings":{"template":"highway","enabled":false},"version":2}},"categories":[1],"tags":[],"class_list":["post-26648","post","type-post","status-publish","format-standard","hentry","category-notas"],"jetpack_publicize_connections":[],"jetpack_sharing_enabled":true,"jetpack_featured_media_url":"","jetpack_shortlink":"https:\/\/wp.me\/p7wKYW-6VO","jetpack-related-posts":[],"_links":{"self":[{"href":"http:\/\/blogdalucianaoliveira.com.br\/blog\/wp-json\/wp\/v2\/posts\/26648","targetHints":{"allow":["GET"]}}],"collection":[{"href":"http:\/\/blogdalucianaoliveira.com.br\/blog\/wp-json\/wp\/v2\/posts"}],"about":[{"href":"http:\/\/blogdalucianaoliveira.com.br\/blog\/wp-json\/wp\/v2\/types\/post"}],"author":[{"embeddable":true,"href":"http:\/\/blogdalucianaoliveira.com.br\/blog\/wp-json\/wp\/v2\/users\/1"}],"replies":[{"embeddable":true,"href":"http:\/\/blogdalucianaoliveira.com.br\/blog\/wp-json\/wp\/v2\/comments?post=26648"}],"version-history":[{"count":1,"href":"http:\/\/blogdalucianaoliveira.com.br\/blog\/wp-json\/wp\/v2\/posts\/26648\/revisions"}],"predecessor-version":[{"id":26650,"href":"http:\/\/blogdalucianaoliveira.com.br\/blog\/wp-json\/wp\/v2\/posts\/26648\/revisions\/26650"}],"wp:attachment":[{"href":"http:\/\/blogdalucianaoliveira.com.br\/blog\/wp-json\/wp\/v2\/media?parent=26648"}],"wp:term":[{"taxonomy":"category","embeddable":true,"href":"http:\/\/blogdalucianaoliveira.com.br\/blog\/wp-json\/wp\/v2\/categories?post=26648"},{"taxonomy":"post_tag","embeddable":true,"href":"http:\/\/blogdalucianaoliveira.com.br\/blog\/wp-json\/wp\/v2\/tags?post=26648"}],"curies":[{"name":"wp","href":"https:\/\/api.w.org\/{rel}","templated":true}]}}