{"id":26651,"date":"2020-02-26T07:17:20","date_gmt":"2020-02-26T11:17:20","guid":{"rendered":"http:\/\/blogdalucianaoliveira.com.br\/blog\/?p=26651"},"modified":"2020-02-26T07:17:30","modified_gmt":"2020-02-26T11:17:30","slug":"banda-beradelia-lanca-clipe-dia-28-de-fevereiro-no-mercado-cultural","status":"publish","type":"post","link":"http:\/\/blogdalucianaoliveira.com.br\/blog\/2020\/02\/26\/banda-beradelia-lanca-clipe-dia-28-de-fevereiro-no-mercado-cultural\/","title":{"rendered":"BANDA BERADELIA LAN\u00c7A CLIPE DIA 28 DE FEVEREIRO NO MERCADO CULTURAL"},"content":{"rendered":"\n<figure class=\"wp-block-image size-large\"><img loading=\"lazy\" decoding=\"async\" width=\"2560\" height=\"1347\" data-attachment-id=\"26652\" data-permalink=\"http:\/\/blogdalucianaoliveira.com.br\/blog\/2020\/02\/26\/banda-beradelia-lanca-clipe-dia-28-de-fevereiro-no-mercado-cultural\/ef5292ed-4c8e-46c8-bff1-267c9fe36dcb\/\" data-orig-file=\"https:\/\/i0.wp.com\/blogdalucianaoliveira.com.br\/blog\/wp-content\/uploads\/2020\/02\/EF5292ED-4C8E-46C8-BFF1-267C9FE36DCB-scaled.jpeg?fit=2560%2C1347\" data-orig-size=\"2560,1347\" data-comments-opened=\"0\" data-image-meta=\"{&quot;aperture&quot;:&quot;0&quot;,&quot;credit&quot;:&quot;Rafael Altomar&quot;,&quot;camera&quot;:&quot;&quot;,&quot;caption&quot;:&quot;&quot;,&quot;created_timestamp&quot;:&quot;1582023140&quot;,&quot;copyright&quot;:&quot;&quot;,&quot;focal_length&quot;:&quot;0&quot;,&quot;iso&quot;:&quot;0&quot;,&quot;shutter_speed&quot;:&quot;0&quot;,&quot;title&quot;:&quot;&quot;,&quot;orientation&quot;:&quot;0&quot;}\" data-image-title=\"EF5292ED-4C8E-46C8-BFF1-267C9FE36DCB\" data-image-description=\"\" data-image-caption=\"\" data-medium-file=\"https:\/\/i0.wp.com\/blogdalucianaoliveira.com.br\/blog\/wp-content\/uploads\/2020\/02\/EF5292ED-4C8E-46C8-BFF1-267C9FE36DCB-scaled.jpeg?fit=300%2C158\" data-large-file=\"https:\/\/i0.wp.com\/blogdalucianaoliveira.com.br\/blog\/wp-content\/uploads\/2020\/02\/EF5292ED-4C8E-46C8-BFF1-267C9FE36DCB-scaled.jpeg?fit=600%2C316\" src=\"https:\/\/i1.wp.com\/blogdalucianaoliveira.com.br\/blog\/wp-content\/uploads\/2020\/02\/EF5292ED-4C8E-46C8-BFF1-267C9FE36DCB-scaled.jpeg?fit=600%2C316\" alt=\"\" class=\"wp-image-26652\" srcset=\"https:\/\/i0.wp.com\/blogdalucianaoliveira.com.br\/blog\/wp-content\/uploads\/2020\/02\/EF5292ED-4C8E-46C8-BFF1-267C9FE36DCB-scaled.jpeg?w=2560 2560w, https:\/\/i0.wp.com\/blogdalucianaoliveira.com.br\/blog\/wp-content\/uploads\/2020\/02\/EF5292ED-4C8E-46C8-BFF1-267C9FE36DCB-scaled.jpeg?resize=300%2C158 300w, https:\/\/i0.wp.com\/blogdalucianaoliveira.com.br\/blog\/wp-content\/uploads\/2020\/02\/EF5292ED-4C8E-46C8-BFF1-267C9FE36DCB-scaled.jpeg?resize=1024%2C539 1024w, https:\/\/i0.wp.com\/blogdalucianaoliveira.com.br\/blog\/wp-content\/uploads\/2020\/02\/EF5292ED-4C8E-46C8-BFF1-267C9FE36DCB-scaled.jpeg?resize=768%2C404 768w, https:\/\/i0.wp.com\/blogdalucianaoliveira.com.br\/blog\/wp-content\/uploads\/2020\/02\/EF5292ED-4C8E-46C8-BFF1-267C9FE36DCB-scaled.jpeg?resize=1536%2C808 1536w, https:\/\/i0.wp.com\/blogdalucianaoliveira.com.br\/blog\/wp-content\/uploads\/2020\/02\/EF5292ED-4C8E-46C8-BFF1-267C9FE36DCB-scaled.jpeg?resize=2048%2C1078 2048w, https:\/\/i0.wp.com\/blogdalucianaoliveira.com.br\/blog\/wp-content\/uploads\/2020\/02\/EF5292ED-4C8E-46C8-BFF1-267C9FE36DCB-scaled.jpeg?resize=570%2C300 570w, https:\/\/i0.wp.com\/blogdalucianaoliveira.com.br\/blog\/wp-content\/uploads\/2020\/02\/EF5292ED-4C8E-46C8-BFF1-267C9FE36DCB-scaled.jpeg?w=1200 1200w, https:\/\/i0.wp.com\/blogdalucianaoliveira.com.br\/blog\/wp-content\/uploads\/2020\/02\/EF5292ED-4C8E-46C8-BFF1-267C9FE36DCB-scaled.jpeg?w=1800 1800w\" sizes=\"auto, (max-width: 600px) 100vw, 600px\" \/><\/figure>\n\n\n\n<p>Uma noite de celebra\u00e7\u00e3o da cultura beradeira com m\u00fasica, poesia, exposi\u00e7\u00e3o de arte, dan\u00e7a e performances.<br> A banda Portovelhense Beradelia que em 2020 completa 10 anos de estrada, chega em fevereiro com p\u00e9 na porta, lan\u00e7ando seu primeiro single com clipe entitulado &#8220;Circo da fuleragem&#8221;. <br><\/p>\n\n\n\n<!--more-->\n\n\n\n<p><br><\/p>\n\n\n\n<figure class=\"wp-block-image size-large\"><img loading=\"lazy\" decoding=\"async\" width=\"1472\" height=\"2050\" data-attachment-id=\"26653\" data-permalink=\"http:\/\/blogdalucianaoliveira.com.br\/blog\/2020\/02\/26\/banda-beradelia-lanca-clipe-dia-28-de-fevereiro-no-mercado-cultural\/eaf258af-0179-408c-bbc5-a6a35ac579f4\/\" data-orig-file=\"https:\/\/i0.wp.com\/blogdalucianaoliveira.com.br\/blog\/wp-content\/uploads\/2020\/02\/EAF258AF-0179-408C-BBC5-A6A35AC579F4.jpeg?fit=1472%2C2050\" data-orig-size=\"1472,2050\" data-comments-opened=\"0\" data-image-meta=\"{&quot;aperture&quot;:&quot;0&quot;,&quot;credit&quot;:&quot;Rafael Altomar&quot;,&quot;camera&quot;:&quot;&quot;,&quot;caption&quot;:&quot;&quot;,&quot;created_timestamp&quot;:&quot;1582023140&quot;,&quot;copyright&quot;:&quot;&quot;,&quot;focal_length&quot;:&quot;0&quot;,&quot;iso&quot;:&quot;0&quot;,&quot;shutter_speed&quot;:&quot;0&quot;,&quot;title&quot;:&quot;&quot;,&quot;orientation&quot;:&quot;0&quot;}\" data-image-title=\"EAF258AF-0179-408C-BBC5-A6A35AC579F4\" data-image-description=\"\" data-image-caption=\"\" data-medium-file=\"https:\/\/i0.wp.com\/blogdalucianaoliveira.com.br\/blog\/wp-content\/uploads\/2020\/02\/EAF258AF-0179-408C-BBC5-A6A35AC579F4.jpeg?fit=215%2C300\" data-large-file=\"https:\/\/i0.wp.com\/blogdalucianaoliveira.com.br\/blog\/wp-content\/uploads\/2020\/02\/EAF258AF-0179-408C-BBC5-A6A35AC579F4.jpeg?fit=600%2C836\" src=\"https:\/\/i2.wp.com\/blogdalucianaoliveira.com.br\/blog\/wp-content\/uploads\/2020\/02\/EAF258AF-0179-408C-BBC5-A6A35AC579F4.jpeg?fit=600%2C836\" alt=\"\" class=\"wp-image-26653\" srcset=\"https:\/\/i0.wp.com\/blogdalucianaoliveira.com.br\/blog\/wp-content\/uploads\/2020\/02\/EAF258AF-0179-408C-BBC5-A6A35AC579F4.jpeg?w=1472 1472w, https:\/\/i0.wp.com\/blogdalucianaoliveira.com.br\/blog\/wp-content\/uploads\/2020\/02\/EAF258AF-0179-408C-BBC5-A6A35AC579F4.jpeg?resize=215%2C300 215w, https:\/\/i0.wp.com\/blogdalucianaoliveira.com.br\/blog\/wp-content\/uploads\/2020\/02\/EAF258AF-0179-408C-BBC5-A6A35AC579F4.jpeg?resize=735%2C1024 735w, https:\/\/i0.wp.com\/blogdalucianaoliveira.com.br\/blog\/wp-content\/uploads\/2020\/02\/EAF258AF-0179-408C-BBC5-A6A35AC579F4.jpeg?resize=768%2C1070 768w, https:\/\/i0.wp.com\/blogdalucianaoliveira.com.br\/blog\/wp-content\/uploads\/2020\/02\/EAF258AF-0179-408C-BBC5-A6A35AC579F4.jpeg?resize=1103%2C1536 1103w, https:\/\/i0.wp.com\/blogdalucianaoliveira.com.br\/blog\/wp-content\/uploads\/2020\/02\/EAF258AF-0179-408C-BBC5-A6A35AC579F4.jpeg?resize=1471%2C2048 1471w, https:\/\/i0.wp.com\/blogdalucianaoliveira.com.br\/blog\/wp-content\/uploads\/2020\/02\/EAF258AF-0179-408C-BBC5-A6A35AC579F4.jpeg?w=1200 1200w\" sizes=\"auto, (max-width: 600px) 100vw, 600px\" \/><\/figure>\n\n\n\n<p>Esse \u00e9 o primeiro lan\u00e7amento de uma s\u00e9rie que o grupo est\u00e1 planejando para 2020. &#8220;Com a banda fazendo 10 anos de atividades ininterruptas, queremos comemorar isso junto com a galera que sempre acreditou e deu for\u00e7a para que possamos estar aqui at\u00e9 hoje&#8221; Diz o vocalista e guitarrista Rafael Altomar. <\/p>\n\n\n\n<p>O clipe que demorou 03 meses para ser gravado, \u00e9 uma cr\u00edtica ora c\u00f4mica, ora tr\u00e1gica, ambientado em um pa\u00eds fict\u00edcio chamado de &#8220;Rep\u00fablica Fuderativa do Candir\u00fa&#8221; e mostra o dia a dia de um dos pol\u00edticos desse pais marcado pela desigualdade e corrup\u00e7\u00e3o. Para que essa produ\u00e7\u00e3o fosse poss\u00edvel a banda contou com o imprescind\u00edvel apoio da RODA Filmes, que atrav\u00e9s do cineasta Jo\u00e3o Paulo Palitot, fez toda dire\u00e7\u00e3o de fotografia e finaliza\u00e7\u00e3o do filme, al\u00e9m do jornal virtual &#8220;Rond\u00f4nia ao vivo&#8221; que ajudou na confec\u00e7\u00e3o dos materiais cenogr\u00e1ficos para as grava\u00e7\u00f5es, Circo Broadway que cedeu a loca\u00e7\u00e3o do circo, toda estrutura de ilumina\u00e7\u00e3o e um t\u00e9cnico de luz, e ainda com apoio log\u00edstico de Espa\u00e7o Cujuba, Dr. Giuliano Viecili e Dinho Reis, entusiastas do trabalho. A prefeitura de Porto Velho atrav\u00e9s da Funda\u00e7\u00e3o Cultural est\u00e1 dando todo apoio para o lan\u00e7amento que ocorrer\u00e1 no dia 28 de fevereiro, sexta-feira no Mercado cultural de Porto Velho a partir das 20:00 horas, gratuito e aberto ao p\u00fablico em geral.<\/p>\n\n\n\n<p>o Evento contar\u00e1 com a participa\u00e7\u00e3o das bandas Quilomboclada, Marcela bonfim e Gig Soul Preta e Beradelia e ainda ter\u00e1 performance de dan\u00e7a com a talentosa Vict\u00f3ria Tribus, Malabares com o grande &#8220;Medalha&#8221;, performance teatral com Bot\u00f4to, interven\u00e7\u00e3o po\u00e9tica com o Professor Eliezer e uma exposi\u00e7\u00e3o de artes do poeta Dom Lauro, que tamb\u00e9m fara uma interven\u00e7\u00e3o po\u00e9tica com seu berimbauossauro.<\/p>\n","protected":false},"excerpt":{"rendered":"<p>Uma noite de celebra\u00e7\u00e3o da cultura beradeira com m\u00fasica, poesia, exposi\u00e7\u00e3o de arte, dan\u00e7a e performances. A banda Portovelhense Beradelia que em 2020 completa 10 anos de estrada, chega em fevereiro com p\u00e9 na porta, lan\u00e7ando seu primeiro single com clipe entitulado &#8220;Circo da fuleragem&#8221;.<\/p>\n","protected":false},"author":1,"featured_media":0,"comment_status":"closed","ping_status":"open","sticky":false,"template":"","format":"standard","meta":{"_exactmetrics_skip_tracking":false,"_exactmetrics_sitenote_active":false,"_exactmetrics_sitenote_note":"","_exactmetrics_sitenote_category":0,"jetpack_post_was_ever_published":false,"_jetpack_newsletter_access":"","_jetpack_dont_email_post_to_subs":false,"_jetpack_newsletter_tier_id":0,"_jetpack_memberships_contains_paywalled_content":false,"_jetpack_memberships_contains_paid_content":false,"footnotes":"","jetpack_publicize_message":"","jetpack_publicize_feature_enabled":true,"jetpack_social_post_already_shared":true,"jetpack_social_options":{"image_generator_settings":{"template":"highway","enabled":false},"version":2}},"categories":[1],"tags":[],"class_list":["post-26651","post","type-post","status-publish","format-standard","hentry","category-notas"],"jetpack_publicize_connections":[],"jetpack_sharing_enabled":true,"jetpack_featured_media_url":"","jetpack_shortlink":"https:\/\/wp.me\/p7wKYW-6VR","jetpack-related-posts":[],"_links":{"self":[{"href":"http:\/\/blogdalucianaoliveira.com.br\/blog\/wp-json\/wp\/v2\/posts\/26651","targetHints":{"allow":["GET"]}}],"collection":[{"href":"http:\/\/blogdalucianaoliveira.com.br\/blog\/wp-json\/wp\/v2\/posts"}],"about":[{"href":"http:\/\/blogdalucianaoliveira.com.br\/blog\/wp-json\/wp\/v2\/types\/post"}],"author":[{"embeddable":true,"href":"http:\/\/blogdalucianaoliveira.com.br\/blog\/wp-json\/wp\/v2\/users\/1"}],"replies":[{"embeddable":true,"href":"http:\/\/blogdalucianaoliveira.com.br\/blog\/wp-json\/wp\/v2\/comments?post=26651"}],"version-history":[{"count":1,"href":"http:\/\/blogdalucianaoliveira.com.br\/blog\/wp-json\/wp\/v2\/posts\/26651\/revisions"}],"predecessor-version":[{"id":26654,"href":"http:\/\/blogdalucianaoliveira.com.br\/blog\/wp-json\/wp\/v2\/posts\/26651\/revisions\/26654"}],"wp:attachment":[{"href":"http:\/\/blogdalucianaoliveira.com.br\/blog\/wp-json\/wp\/v2\/media?parent=26651"}],"wp:term":[{"taxonomy":"category","embeddable":true,"href":"http:\/\/blogdalucianaoliveira.com.br\/blog\/wp-json\/wp\/v2\/categories?post=26651"},{"taxonomy":"post_tag","embeddable":true,"href":"http:\/\/blogdalucianaoliveira.com.br\/blog\/wp-json\/wp\/v2\/tags?post=26651"}],"curies":[{"name":"wp","href":"https:\/\/api.w.org\/{rel}","templated":true}]}}